{"id":9893,"date":"2025-02-12T09:00:00","date_gmt":"2025-02-12T08:00:00","guid":{"rendered":"https:\/\/agora.xtec.cat\/esc-pericot\/?p=9893"},"modified":"2025-02-16T12:14:14","modified_gmt":"2025-02-16T11:14:14","slug":"el-pensament-computacional","status":"publish","type":"post","link":"https:\/\/agora.xtec.cat\/esc-pericot\/portada\/el-pensament-computacional\/","title":{"rendered":"El pensament computacional \u00abdesendollat\u00bb"},"content":{"rendered":"\n<p><\/p>\n\n\n\n<div class=\"wp-block-columns is-layout-flex wp-container-core-columns-is-layout-1 wp-block-columns-is-layout-flex\">\n<div class=\"wp-block-column is-layout-flow wp-block-column-is-layout-flow\" style=\"flex-basis:95%\">\n<p>Des de la comissi\u00f3 digital, us volem fer arribar una informaci\u00f3 que hem publicat al Sites d&#8217;estrat\u00e8gia digital, a la web de l&#8217;escola (hi podeu accedir fent clic a la imatge).<\/p>\n\n\n\n<p><br>A <strong>l&#8217;espai de les fam\u00edlies<\/strong> hi trobareu, entre altres informacions, una infografia de la benvinguda digital a l&#8217;escola, un v\u00eddeo per a regular l&#8217;\u00fas del m\u00f2bil i tres enlla\u00e7os per treballar el pensament computacional \u00abdesendollat\u00bb. El que caracteritza cada paquet d&#8217;activitats \u00e9s que totes s\u00f3n propostes <strong>sense utilitzar cap tecnologia<\/strong>. Podreu escollir entre: cicle inicial, cicle mitj\u00e0 o cicle superior.<\/p>\n\n\n\n<p>Podeu llegir aqu\u00ed a sota les dues definicions:<\/p>\n<\/div>\n\n\n\n<div class=\"wp-block-column is-layout-flow wp-block-column-is-layout-flow\" style=\"flex-basis:33.33%\">\n<figure class=\"wp-block-image size-full is-resized\"><a href=\"https:\/\/sites.google.com\/escolapericot.cat\/edc-pericot\/estrat%C3%A8gia-digital\" target=\"_blank\" rel=\"noreferrer noopener\"><img loading=\"lazy\" decoding=\"async\" width=\"463\" height=\"366\" src=\"https:\/\/agora.xtec.cat\/esc-pericot\/wp-content\/uploads\/usu807\/2025\/02\/Sites-estrategia-digital.png\" alt=\"\" class=\"wp-image-9895\" style=\"aspect-ratio:1.5;object-fit:contain;width:189px;height:auto\" srcset=\"https:\/\/agora.xtec.cat\/esc-pericot\/wp-content\/uploads\/usu807\/2025\/02\/Sites-estrategia-digital.png 463w, https:\/\/agora.xtec.cat\/esc-pericot\/wp-content\/uploads\/usu807\/2025\/02\/Sites-estrategia-digital-300x237.png 300w\" sizes=\"auto, (max-width: 463px) 100vw, 463px\" \/><\/a><\/figure>\n<\/div>\n<\/div>\n\n\n\n<hr class=\"wp-block-separator has-text-color has-white-color has-alpha-channel-opacity has-white-background-color has-background is-style-wide\"\/>\n\n\n\n<div class=\"wp-block-columns is-layout-flex wp-container-core-columns-is-layout-2 wp-block-columns-is-layout-flex\">\n<div class=\"wp-block-column is-layout-flow wp-block-column-is-layout-flow\" style=\"flex-basis:25%\">\n<figure class=\"wp-block-image size-large\"><img loading=\"lazy\" decoding=\"async\" width=\"1024\" height=\"579\" src=\"https:\/\/agora.xtec.cat\/esc-pericot\/wp-content\/uploads\/usu807\/2025\/02\/Computational-thinking-1024x579.jpg\" alt=\"\" class=\"wp-image-9896\" srcset=\"https:\/\/agora.xtec.cat\/esc-pericot\/wp-content\/uploads\/usu807\/2025\/02\/Computational-thinking-1024x579.jpg 1024w, https:\/\/agora.xtec.cat\/esc-pericot\/wp-content\/uploads\/usu807\/2025\/02\/Computational-thinking-300x170.jpg 300w, https:\/\/agora.xtec.cat\/esc-pericot\/wp-content\/uploads\/usu807\/2025\/02\/Computational-thinking-768x434.jpg 768w, https:\/\/agora.xtec.cat\/esc-pericot\/wp-content\/uploads\/usu807\/2025\/02\/Computational-thinking.jpg 1472w\" sizes=\"auto, (max-width: 1024px) 100vw, 1024px\" \/><\/figure>\n<\/div>\n\n\n\n<div class=\"wp-block-column is-layout-flow wp-block-column-is-layout-flow\" style=\"flex-basis:75%\">\n<p><strong>Pensament computacional<\/strong> \u00e9s un proc\u00e9s mental per a la resoluci\u00f3 de problemes que implica                 descompondre tasques complexes en passos m\u00e9s petits, recon\u00e8ixer patrons, abstraure la informaci\u00f3 rellevant i crear algoritmes o solucions pas a pas. \u00c9s una habilitat clau en la programaci\u00f3 i la inform\u00e0tica, per\u00f2 tamb\u00e9 es pot aplicar a una \u00e0mplia varietat de disciplines i situacions de la vida quotidiana.<\/p>\n<\/div>\n<\/div>\n\n\n\n<hr class=\"wp-block-separator has-text-color has-white-color has-alpha-channel-opacity has-white-background-color has-background is-style-wide\"\/>\n\n\n\n<div class=\"wp-block-columns is-layout-flex wp-container-core-columns-is-layout-3 wp-block-columns-is-layout-flex\">\n<div class=\"wp-block-column is-layout-flow wp-block-column-is-layout-flow\" style=\"flex-basis:66.66%\">\n<p><strong>Pensament computacional desendollat<\/strong> es refereix a l&#8217;aprenentatge i pr\u00e0ctica d&#8217;aquest proc\u00e9s sense la necessitat d&#8217;usar ordinadors o dispositius electr\u00f2nics. Aix\u00f2 es fa mitjan\u00e7ant activitats pr\u00e0ctiques, jocs i exercicis que ajuden els estudiants a comprendre i aplicar els conceptes del pensament computacional de manera tangible i divertida, fomentant aix\u00ed les habilitats de resoluci\u00f3 de problemes i el pensament cr\u00edtic.<\/p>\n<\/div>\n\n\n\n<div class=\"wp-block-column is-layout-flow wp-block-column-is-layout-flow\" style=\"flex-basis:33.33%\">\n<figure class=\"wp-block-image size-large is-resized\"><img loading=\"lazy\" decoding=\"async\" width=\"1024\" height=\"579\" src=\"https:\/\/agora.xtec.cat\/esc-pericot\/wp-content\/uploads\/usu807\/2025\/02\/Capcalera-1024x579.png\" alt=\"\" class=\"wp-image-9905\" style=\"width:277px;height:auto\" srcset=\"https:\/\/agora.xtec.cat\/esc-pericot\/wp-content\/uploads\/usu807\/2025\/02\/Capcalera-1024x579.png 1024w, https:\/\/agora.xtec.cat\/esc-pericot\/wp-content\/uploads\/usu807\/2025\/02\/Capcalera-300x170.png 300w, https:\/\/agora.xtec.cat\/esc-pericot\/wp-content\/uploads\/usu807\/2025\/02\/Capcalera-768x434.png 768w, https:\/\/agora.xtec.cat\/esc-pericot\/wp-content\/uploads\/usu807\/2025\/02\/Capcalera.png 1472w\" sizes=\"auto, (max-width: 1024px) 100vw, 1024px\" \/><\/figure>\n<\/div>\n<\/div>\n\n\n\n<p>Altres articles que us poden interessar: <\/p>\n\n\n\n<p><a href=\"https:\/\/agora.xtec.cat\/esc-pericot\/portada\/robotica-i-pensament-computacional-a-ci\/\">https:\/\/agora.xtec.cat\/esc-pericot\/portada\/robotica-i-pensament-computacional-a-ci\/<\/a><\/p>\n\n\n\n<p><\/p>\n\n\n\n<p><\/p>\n","protected":false},"excerpt":{"rendered":"<p>Des de la comissi\u00f3 digital, us volem fer arribar una informaci\u00f3 que hem publicat al Sites d&#8217;estrat\u00e8gia digital, a la web de l&#8217;escola (hi podeu accedir fent clic a la imatge). A l&#8217;espai de les fam\u00edlies hi trobareu, entre altres informacions, una infografia de la benvinguda digital a l&#8217;escola, un v\u00eddeo per a regular l&#8217;\u00fas [&hellip;]<\/p>\n","protected":false},"author":1,"featured_media":9905,"comment_status":"open","ping_status":"open","sticky":false,"template":"","format":"standard","meta":{"_bbp_topic_count":0,"_bbp_reply_count":0,"_bbp_total_topic_count":0,"_bbp_total_reply_count":0,"_bbp_voice_count":0,"_bbp_anonymous_reply_count":0,"_bbp_topic_count_hidden":0,"_bbp_reply_count_hidden":0,"_bbp_forum_subforum_count":0,"site-sidebar-layout":"default","site-content-layout":"","ast-site-content-layout":"","site-content-style":"default","site-sidebar-style":"default","ast-global-header-display":"","ast-banner-title-visibility":"","ast-main-header-display":"","ast-hfb-above-header-display":"","ast-hfb-below-header-display":"","ast-hfb-mobile-header-display":"","site-post-title":"","ast-breadcrumbs-content":"","ast-featured-img":"","footer-sml-layout":"","theme-transparent-header-meta":"","adv-header-id-meta":"","stick-header-meta":"","header-above-stick-meta":"","header-main-stick-meta":"","header-below-stick-meta":"","astra-migrate-meta-layouts":"default","ast-page-background-enabled":"default","ast-page-background-meta":{"desktop":{"background-color":"var(--ast-global-color-4)","background-image":"","background-repeat":"repeat","background-position":"center center","background-size":"auto","background-attachment":"scroll","background-type":"","background-media":"","overlay-type":"","overlay-color":"","overlay-opacity":"","overlay-gradient":""},"tablet":{"background-color":"","background-image":"","background-repeat":"repeat","background-position":"center center","background-size":"auto","background-attachment":"scroll","background-type":"","background-media":"","overlay-type":"","overlay-color":"","overlay-opacity":"","overlay-gradient":""},"mobile":{"background-color":"","background-image":"","background-repeat":"repeat","background-position":"center center","background-size":"auto","background-attachment":"scroll","background-type":"","background-media":"","overlay-type":"","overlay-color":"","overlay-opacity":"","overlay-gradient":""}},"ast-content-background-meta":{"desktop":{"background-color":"var(--ast-global-color-5)","background-image":"","background-repeat":"repeat","background-position":"center center","background-size":"auto","background-attachment":"scroll","background-type":"","background-media":"","overlay-type":"","overlay-color":"","overlay-opacity":"","overlay-gradient":""},"tablet":{"background-color":"var(--ast-global-color-5)","background-image":"","background-repeat":"repeat","background-position":"center center","background-size":"auto","background-attachment":"scroll","background-type":"","background-media":"","overlay-type":"","overlay-color":"","overlay-opacity":"","overlay-gradient":""},"mobile":{"background-color":"var(--ast-global-color-5)","background-image":"","background-repeat":"repeat","background-position":"center center","background-size":"auto","background-attachment":"scroll","background-type":"","background-media":"","overlay-type":"","overlay-color":"","overlay-opacity":"","overlay-gradient":""}},"footnotes":""},"categories":[4],"tags":[22,349,165,30],"class_list":["post-9893","post","type-post","status-publish","format-standard","has-post-thumbnail","hentry","category-portada","tag-escola","tag-mon-digital","tag-pensament-computacional","tag-primaria"],"post_mailing_queue_ids":[],"_links":{"self":[{"href":"https:\/\/agora.xtec.cat\/esc-pericot\/wp-json\/wp\/v2\/posts\/9893","targetHints":{"allow":["GET"]}}],"collection":[{"href":"https:\/\/agora.xtec.cat\/esc-pericot\/wp-json\/wp\/v2\/posts"}],"about":[{"href":"https:\/\/agora.xtec.cat\/esc-pericot\/wp-json\/wp\/v2\/types\/post"}],"author":[{"embeddable":true,"href":"https:\/\/agora.xtec.cat\/esc-pericot\/wp-json\/wp\/v2\/users\/1"}],"replies":[{"embeddable":true,"href":"https:\/\/agora.xtec.cat\/esc-pericot\/wp-json\/wp\/v2\/comments?post=9893"}],"version-history":[{"count":6,"href":"https:\/\/agora.xtec.cat\/esc-pericot\/wp-json\/wp\/v2\/posts\/9893\/revisions"}],"predecessor-version":[{"id":9953,"href":"https:\/\/agora.xtec.cat\/esc-pericot\/wp-json\/wp\/v2\/posts\/9893\/revisions\/9953"}],"wp:featuredmedia":[{"embeddable":true,"href":"https:\/\/agora.xtec.cat\/esc-pericot\/wp-json\/wp\/v2\/media\/9905"}],"wp:attachment":[{"href":"https:\/\/agora.xtec.cat\/esc-pericot\/wp-json\/wp\/v2\/media?parent=9893"}],"wp:term":[{"taxonomy":"category","embeddable":true,"href":"https:\/\/agora.xtec.cat\/esc-pericot\/wp-json\/wp\/v2\/categories?post=9893"},{"taxonomy":"post_tag","embeddable":true,"href":"https:\/\/agora.xtec.cat\/esc-pericot\/wp-json\/wp\/v2\/tags?post=9893"}],"curies":[{"name":"wp","href":"https:\/\/api.w.org\/{rel}","templated":true}]}}