{"id":9738,"date":"2024-12-20T12:06:22","date_gmt":"2024-12-20T11:06:22","guid":{"rendered":"https:\/\/agora.xtec.cat\/esc-pericot\/?p=9738"},"modified":"2024-12-20T12:06:23","modified_gmt":"2024-12-20T11:06:23","slug":"bones-festes-de-nadal-2","status":"publish","type":"post","link":"https:\/\/agora.xtec.cat\/esc-pericot\/infantil\/bones-festes-de-nadal-2\/","title":{"rendered":"BONES FESTES DE NADAL"},"content":{"rendered":"\n<p>Benvolgudes fam\u00edlies, ja hem arribat al final del primer trimestre. Tot l&#8217;equip d&#8217;Educaci\u00f3 Infantil us volem desitjar unes bones festes de Nadal. A la carpeta de la nostra promoci\u00f3 podreu trobar fotos de les diferents activitats que hem anat fent durant aquest primer trimestre. Tamb\u00e9 us compartim el v\u00eddeo de la nadala dels vostres fills\/filles. Ens veiem a la tornada.<\/p>\n\n\n\n<p><\/p>\n\n\n\n<figure class=\"wp-block-image aligncenter size-large is-resized\"><img loading=\"lazy\" decoding=\"async\" width=\"1024\" height=\"721\" src=\"https:\/\/agora.xtec.cat\/esc-pericot\/wp-content\/uploads\/usu807\/2024\/12\/1734690007248-1024x721.jpg\" alt=\"\" class=\"wp-image-9740\" style=\"width:445px;height:auto\" srcset=\"https:\/\/agora.xtec.cat\/esc-pericot\/wp-content\/uploads\/usu807\/2024\/12\/1734690007248-1024x721.jpg 1024w, https:\/\/agora.xtec.cat\/esc-pericot\/wp-content\/uploads\/usu807\/2024\/12\/1734690007248-300x211.jpg 300w, https:\/\/agora.xtec.cat\/esc-pericot\/wp-content\/uploads\/usu807\/2024\/12\/1734690007248-768x540.jpg 768w, https:\/\/agora.xtec.cat\/esc-pericot\/wp-content\/uploads\/usu807\/2024\/12\/1734690007248-1536x1081.jpg 1536w, https:\/\/agora.xtec.cat\/esc-pericot\/wp-content\/uploads\/usu807\/2024\/12\/1734690007248-2048x1441.jpg 2048w\" sizes=\"auto, (max-width: 1024px) 100vw, 1024px\" \/><\/figure>\n","protected":false},"excerpt":{"rendered":"<p>Benvolgudes fam\u00edlies, ja hem arribat al final del primer trimestre. Tot l&#8217;equip d&#8217;Educaci\u00f3 Infantil us volem desitjar unes bones festes de Nadal. A la carpeta de la nostra promoci\u00f3 podreu trobar fotos de les diferents activitats que hem anat fent durant aquest primer trimestre. Tamb\u00e9 us compartim el v\u00eddeo de la nadala dels vostres fills\/filles. [&hellip;]<\/p>\n","protected":false},"author":11,"featured_media":9740,"comment_status":"closed","ping_status":"closed","sticky":false,"template":"","format":"standard","meta":{"_bbp_topic_count":0,"_bbp_reply_count":0,"_bbp_total_topic_count":0,"_bbp_total_reply_count":0,"_bbp_voice_count":0,"_bbp_anonymous_reply_count":0,"_bbp_topic_count_hidden":0,"_bbp_reply_count_hidden":0,"_bbp_forum_subforum_count":0,"site-sidebar-layout":"default","site-content-layout":"","ast-site-content-layout":"","site-content-style":"default","site-sidebar-style":"default","ast-global-header-display":"","ast-banner-title-visibility":"","ast-main-header-display":"","ast-hfb-above-header-display":"","ast-hfb-below-header-display":"","ast-hfb-mobile-header-display":"","site-post-title":"","ast-breadcrumbs-content":"","ast-featured-img":"","footer-sml-layout":"","theme-transparent-header-meta":"","adv-header-id-meta":"","stick-header-meta":"","header-above-stick-meta":"","header-main-stick-meta":"","header-below-stick-meta":"","astra-migrate-meta-layouts":"default","ast-page-background-enabled":"default","ast-page-background-meta":{"desktop":{"background-color":"var(--ast-global-color-4)","background-image":"","background-repeat":"repeat","background-position":"center center","background-size":"auto","background-attachment":"scroll","background-type":"","background-media":"","overlay-type":"","overlay-color":"","overlay-opacity":"","overlay-gradient":""},"tablet":{"background-color":"","background-image":"","background-repeat":"repeat","background-position":"center center","background-size":"auto","background-attachment":"scroll","background-type":"","background-media":"","overlay-type":"","overlay-color":"","overlay-opacity":"","overlay-gradient":""},"mobile":{"background-color":"","background-image":"","background-repeat":"repeat","background-position":"center center","background-size":"auto","background-attachment":"scroll","background-type":"","background-media":"","overlay-type":"","overlay-color":"","overlay-opacity":"","overlay-gradient":""}},"ast-content-background-meta":{"desktop":{"background-color":"var(--ast-global-color-5)","background-image":"","background-repeat":"repeat","background-position":"center center","background-size":"auto","background-attachment":"scroll","background-type":"","background-media":"","overlay-type":"","overlay-color":"","overlay-opacity":"","overlay-gradient":""},"tablet":{"background-color":"var(--ast-global-color-5)","background-image":"","background-repeat":"repeat","background-position":"center center","background-size":"auto","background-attachment":"scroll","background-type":"","background-media":"","overlay-type":"","overlay-color":"","overlay-opacity":"","overlay-gradient":""},"mobile":{"background-color":"var(--ast-global-color-5)","background-image":"","background-repeat":"repeat","background-position":"center center","background-size":"auto","background-attachment":"scroll","background-type":"","background-media":"","overlay-type":"","overlay-color":"","overlay-opacity":"","overlay-gradient":""}},"footnotes":""},"categories":[264,335,310,2],"tags":[120,28,66,26,62],"class_list":["post-9738","post","type-post","status-publish","format-standard","has-post-thumbnail","hentry","category-22-30","category-24-32","category-23-31","category-infantil","tag-activitats","tag-alumnes","tag-educacio-infantil","tag-festes","tag-nadal"],"post_mailing_queue_ids":[],"_links":{"self":[{"href":"https:\/\/agora.xtec.cat\/esc-pericot\/wp-json\/wp\/v2\/posts\/9738","targetHints":{"allow":["GET"]}}],"collection":[{"href":"https:\/\/agora.xtec.cat\/esc-pericot\/wp-json\/wp\/v2\/posts"}],"about":[{"href":"https:\/\/agora.xtec.cat\/esc-pericot\/wp-json\/wp\/v2\/types\/post"}],"author":[{"embeddable":true,"href":"https:\/\/agora.xtec.cat\/esc-pericot\/wp-json\/wp\/v2\/users\/11"}],"replies":[{"embeddable":true,"href":"https:\/\/agora.xtec.cat\/esc-pericot\/wp-json\/wp\/v2\/comments?post=9738"}],"version-history":[{"count":3,"href":"https:\/\/agora.xtec.cat\/esc-pericot\/wp-json\/wp\/v2\/posts\/9738\/revisions"}],"predecessor-version":[{"id":9742,"href":"https:\/\/agora.xtec.cat\/esc-pericot\/wp-json\/wp\/v2\/posts\/9738\/revisions\/9742"}],"wp:featuredmedia":[{"embeddable":true,"href":"https:\/\/agora.xtec.cat\/esc-pericot\/wp-json\/wp\/v2\/media\/9740"}],"wp:attachment":[{"href":"https:\/\/agora.xtec.cat\/esc-pericot\/wp-json\/wp\/v2\/media?parent=9738"}],"wp:term":[{"taxonomy":"category","embeddable":true,"href":"https:\/\/agora.xtec.cat\/esc-pericot\/wp-json\/wp\/v2\/categories?post=9738"},{"taxonomy":"post_tag","embeddable":true,"href":"https:\/\/agora.xtec.cat\/esc-pericot\/wp-json\/wp\/v2\/tags?post=9738"}],"curies":[{"name":"wp","href":"https:\/\/api.w.org\/{rel}","templated":true}]}}