{"id":9299,"date":"2024-09-23T15:32:24","date_gmt":"2024-09-23T13:32:24","guid":{"rendered":"https:\/\/agora.xtec.cat\/esc-pericot\/?p=9299"},"modified":"2024-10-30T20:59:34","modified_gmt":"2024-10-30T19:59:34","slug":"sortida-a-la-muntanya-de-la-o","status":"publish","type":"post","link":"https:\/\/agora.xtec.cat\/esc-pericot\/portada\/sortida-a-la-muntanya-de-la-o\/","title":{"rendered":"Sortida a la Muntanya de la O"},"content":{"rendered":"\n<p><\/p>\n\n\n\n<p>El passat dijous dia 19 de setembre, els alumnes de cicle mitj\u00e0 van gaudir d&#8217;una fant\u00e0stica sortida a la Muntanya de la O. Va ser una jornada plena de descobertes i diversi\u00f3, en la qual vam poder explorar la natura i compartir moments especials tots plegats.<\/p>\n\n\n\n<p>Vam comen\u00e7ar el dia amb una caminada des de l&#8217;escola fins els camins que envolten la muntanya. Despr\u00e9s d&#8217;un bon esmorzar a l&#8217;ermita del Calvari, els que van voler, van poder pujar a dalt de la muntanya i vam gaudir d&#8217;unes bones vistes de la ciutat de Girona. <\/p>\n\n\n\n<p>Al migdia, ens vam aturar i vam dinar per reposar forces abans de jugar i compartir m\u00e9s estones en grup. Els alumnes van aprofitar per relaxar-se, c\u00f3rrer i gaudir d&#8217;activitats en plena natura.<\/p>\n\n\n\n<p>Aquesta sortida va ser una oportunitat magn\u00edfica perqu\u00e8 els nostres alumnes connectessin amb l&#8217;entorn natural i, alhora, amb els seus companys. Sens dubte, un gran inici de curs ple de grans moments!<\/p>\n\n\n\n<p>Per veure m\u00e9s fotografies cliqueu sobre la imatge. <\/p>\n\n\n\n<figure class=\"wp-block-image aligncenter size-full is-resized\"><a href=\"https:\/\/drive.google.com\/drive\/folders\/1s3w9ymcIBOlWCbllAPLs6thVN_eyndST\"><img loading=\"lazy\" decoding=\"async\" width=\"1024\" height=\"578\" src=\"https:\/\/agora.xtec.cat\/esc-pericot\/wp-content\/uploads\/usu807\/2024\/09\/muntanya-de-la-O-ok-1.jpeg\" alt=\"\" class=\"wp-image-9302\" style=\"width:427px;height:auto\" srcset=\"https:\/\/agora.xtec.cat\/esc-pericot\/wp-content\/uploads\/usu807\/2024\/09\/muntanya-de-la-O-ok-1.jpeg 1024w, https:\/\/agora.xtec.cat\/esc-pericot\/wp-content\/uploads\/usu807\/2024\/09\/muntanya-de-la-O-ok-1-300x169.jpeg 300w, https:\/\/agora.xtec.cat\/esc-pericot\/wp-content\/uploads\/usu807\/2024\/09\/muntanya-de-la-O-ok-1-768x434.jpeg 768w\" sizes=\"auto, (max-width: 1024px) 100vw, 1024px\" \/><\/a><\/figure>\n","protected":false},"excerpt":{"rendered":"<p>El passat dijous dia 19 de setembre, els alumnes de cicle mitj\u00e0 van gaudir d&#8217;una fant\u00e0stica sortida a la Muntanya de la O. Va ser una jornada plena de descobertes i diversi\u00f3, en la qual vam poder explorar la natura i compartir moments especials tots plegats. Vam comen\u00e7ar el dia amb una caminada des de [&hellip;]<\/p>\n","protected":false},"author":5,"featured_media":9302,"comment_status":"open","ping_status":"open","sticky":false,"template":"","format":"standard","meta":{"_bbp_topic_count":0,"_bbp_reply_count":0,"_bbp_total_topic_count":0,"_bbp_total_reply_count":0,"_bbp_voice_count":0,"_bbp_anonymous_reply_count":0,"_bbp_topic_count_hidden":0,"_bbp_reply_count_hidden":0,"_bbp_forum_subforum_count":0,"site-sidebar-layout":"default","site-content-layout":"","ast-site-content-layout":"","site-content-style":"default","site-sidebar-style":"default","ast-global-header-display":"","ast-banner-title-visibility":"","ast-main-header-display":"","ast-hfb-above-header-display":"","ast-hfb-below-header-display":"","ast-hfb-mobile-header-display":"","site-post-title":"","ast-breadcrumbs-content":"","ast-featured-img":"","footer-sml-layout":"","theme-transparent-header-meta":"","adv-header-id-meta":"","stick-header-meta":"","header-above-stick-meta":"","header-main-stick-meta":"","header-below-stick-meta":"","astra-migrate-meta-layouts":"default","ast-page-background-enabled":"default","ast-page-background-meta":{"desktop":{"background-color":"var(--ast-global-color-4)","background-image":"","background-repeat":"repeat","background-position":"center center","background-size":"auto","background-attachment":"scroll","background-type":"","background-media":"","overlay-type":"","overlay-color":"","overlay-opacity":"","overlay-gradient":""},"tablet":{"background-color":"","background-image":"","background-repeat":"repeat","background-position":"center center","background-size":"auto","background-attachment":"scroll","background-type":"","background-media":"","overlay-type":"","overlay-color":"","overlay-opacity":"","overlay-gradient":""},"mobile":{"background-color":"","background-image":"","background-repeat":"repeat","background-position":"center center","background-size":"auto","background-attachment":"scroll","background-type":"","background-media":"","overlay-type":"","overlay-color":"","overlay-opacity":"","overlay-gradient":""}},"ast-content-background-meta":{"desktop":{"background-color":"var(--ast-global-color-5)","background-image":"","background-repeat":"repeat","background-position":"center center","background-size":"auto","background-attachment":"scroll","background-type":"","background-media":"","overlay-type":"","overlay-color":"","overlay-opacity":"","overlay-gradient":""},"tablet":{"background-color":"var(--ast-global-color-5)","background-image":"","background-repeat":"repeat","background-position":"center center","background-size":"auto","background-attachment":"scroll","background-type":"","background-media":"","overlay-type":"","overlay-color":"","overlay-opacity":"","overlay-gradient":""},"mobile":{"background-color":"var(--ast-global-color-5)","background-image":"","background-repeat":"repeat","background-position":"center center","background-size":"auto","background-attachment":"scroll","background-type":"","background-media":"","overlay-type":"","overlay-color":"","overlay-opacity":"","overlay-gradient":""}},"footnotes":""},"categories":[9,4],"tags":[342],"class_list":["post-9299","post","type-post","status-publish","format-standard","has-post-thumbnail","hentry","category-19-27","category-portada","tag-blogs"],"post_mailing_queue_ids":[],"_links":{"self":[{"href":"https:\/\/agora.xtec.cat\/esc-pericot\/wp-json\/wp\/v2\/posts\/9299","targetHints":{"allow":["GET"]}}],"collection":[{"href":"https:\/\/agora.xtec.cat\/esc-pericot\/wp-json\/wp\/v2\/posts"}],"about":[{"href":"https:\/\/agora.xtec.cat\/esc-pericot\/wp-json\/wp\/v2\/types\/post"}],"author":[{"embeddable":true,"href":"https:\/\/agora.xtec.cat\/esc-pericot\/wp-json\/wp\/v2\/users\/5"}],"replies":[{"embeddable":true,"href":"https:\/\/agora.xtec.cat\/esc-pericot\/wp-json\/wp\/v2\/comments?post=9299"}],"version-history":[{"count":5,"href":"https:\/\/agora.xtec.cat\/esc-pericot\/wp-json\/wp\/v2\/posts\/9299\/revisions"}],"predecessor-version":[{"id":9306,"href":"https:\/\/agora.xtec.cat\/esc-pericot\/wp-json\/wp\/v2\/posts\/9299\/revisions\/9306"}],"wp:featuredmedia":[{"embeddable":true,"href":"https:\/\/agora.xtec.cat\/esc-pericot\/wp-json\/wp\/v2\/media\/9302"}],"wp:attachment":[{"href":"https:\/\/agora.xtec.cat\/esc-pericot\/wp-json\/wp\/v2\/media?parent=9299"}],"wp:term":[{"taxonomy":"category","embeddable":true,"href":"https:\/\/agora.xtec.cat\/esc-pericot\/wp-json\/wp\/v2\/categories?post=9299"},{"taxonomy":"post_tag","embeddable":true,"href":"https:\/\/agora.xtec.cat\/esc-pericot\/wp-json\/wp\/v2\/tags?post=9299"}],"curies":[{"name":"wp","href":"https:\/\/api.w.org\/{rel}","templated":true}]}}