{"id":8673,"date":"2024-06-10T09:00:24","date_gmt":"2024-06-10T07:00:24","guid":{"rendered":"https:\/\/agora.xtec.cat\/esc-pericot\/?p=8673"},"modified":"2024-06-10T15:34:49","modified_gmt":"2024-06-10T13:34:49","slug":"el-projecte-rossinyol-al-pericot","status":"publish","type":"post","link":"https:\/\/agora.xtec.cat\/esc-pericot\/portada\/el-projecte-rossinyol-al-pericot\/","title":{"rendered":"El Projecte Rossinyol al Pericot"},"content":{"rendered":"<p><img loading=\"lazy\" decoding=\"async\" class=\"wp-image-8676 alignleft\" src=\"https:\/\/agora.xtec.cat\/esc-pericot\/wp-content\/uploads\/usu807\/2024\/06\/1717656777767.jpg\" alt=\"\" width=\"299\" height=\"224\" srcset=\"https:\/\/agora.xtec.cat\/esc-pericot\/wp-content\/uploads\/usu807\/2024\/06\/1717656777767.jpg 1024w, https:\/\/agora.xtec.cat\/esc-pericot\/wp-content\/uploads\/usu807\/2024\/06\/1717656777767-300x224.jpg 300w, https:\/\/agora.xtec.cat\/esc-pericot\/wp-content\/uploads\/usu807\/2024\/06\/1717656777767-768x575.jpg 768w, https:\/\/agora.xtec.cat\/esc-pericot\/wp-content\/uploads\/usu807\/2024\/06\/1717656777767-200x150.jpg 200w\" sizes=\"auto, (max-width: 299px) 100vw, 299px\" \/><br \/>\n<iframe loading=\"lazy\" src=\"https:\/\/agora.xtec.cat\/esc-pericot\/wp-content\/uploads\/usu807\/2024\/06\/INFOGRAFIA-CATALA-FAMILIES-MENTORATS.pdf\" width=\"299\" height=\"224\">\ufeff<\/iframe><\/p>\n<p>Ja fa uns quants anys que a l\u2019Escola Pericot participem en el Projecte Rossinyol, que sorgeix de la col\u00b7laboraci\u00f3 entre l\u2019Ajuntament de Girona, la Universitat de Girona i diferents escoles i instituts.<\/p>\n<p>Aquest Projecte aparella un estudiant de la Universitat (mentor\/a) amb un alumne\/a de l\u2019aula d\u2019acollida del nostre centre, amb l\u2019objectiu d\u2019afavorir la inclusi\u00f3 social, cultural i ling\u00fc\u00edstica m\u00fatuament. Cada parella es troba una vegada a la setmana i realitzen diverses activitats (pactades entre l\u2019alumne\/a i el mentor\/a) per tal de crear un sentiment d\u2019arrelament, viure experi\u00e8ncies en l\u2019entorn i fomentar l\u2019\u00fas de la llengua catalana.<\/p>\n<p>Les alumnes que han format part d\u2019aquest projecte enguany valoren molt positivament totes les experi\u00e8ncies que han viscut amb les seves mentores: anar al parc, fer manualitats, anar a un parc d\u2019atraccions, fer passejades, llegir llibres, etc. Estan molt contentes d\u2019haver pogut participar-hi i s\u2019emporten molt bons records de les activitats fetes durant aquests set mesos. Les fam\u00edlies expliquen que els ha agradat molt poder-hi participar perqu\u00e8 han vist que les activitats proposades eren adients per les alumnes i els ha perm\u00e8s con\u00e8ixer l\u2019entorn aix\u00ed com progressar en l\u2019\u00fas de la llengua catalana.<br \/>\n\r\n\t<div class=\"slideshow_container slideshow_container_style-light\" style=\"height: 300px; \" data-slideshow-id=\"8686\" data-style-name=\"style-light\" data-style-version=\"2.3.1\" >\r\n\r\n\t\t\t\t\t<div class=\"slideshow_loading_icon\"><\/div>\r\n\t\t\r\n\t\t<div class=\"slideshow_content\" style=\"display: none;\">\r\n\r\n\t\t\t<div class=\"slideshow_view\">\r\n\t<div class=\"slideshow_slide slideshow_slide_text\" style=\"background-color: #ddb982;\">\r\n\t\t\t\t<div class=\"slideshow_title\" style=\"color: #8224e3;\">\r\n\t\t\t<a href=\"https:\/\/tvgirona.com\/capitol\/tv_girona_video\/1556\/\" target=\"_blank\" style=\"color: #8224e3\" rel=\"nofollow\">\t\t\t\tEL PROJECTE ROSSINYOL A tvGI\t\t\t<\/a>\t\t<\/div>\r\n\t\t\r\n\t\t\t\t<div class=\"slideshow_description\" style=\"color: #8224e3;\">\r\n\t\t\t<a href=\"https:\/\/tvgirona.com\/capitol\/tv_girona_video\/1556\/\" target=\"_blank\" style=\"color: #8224e3\" rel=\"nofollow\">\t\t\t\tPodeu veure les NOT\u00cdCIES VESPRE DEL 31\/05\/2024. Avanceu fins al minut 5:00\t\t\t<\/a>\t\t<\/div>\r\n\t\t\r\n\t\t<a href=\"https:\/\/tvgirona.com\/capitol\/tv_girona_video\/1556\/\" target=\"_blank\" style=\"color: #8224e3\" rel=\"nofollow\" class=\"slideshow_background_anchor\"><\/a>\r\n\t<\/div>\r\n\r\n\t\t\t\t<div class=\"slideshow_slide slideshow_slide_image\">\r\n\t\t\t\t\t\t\t\t\t\t\t<img src=\"https:\/\/agora.xtec.cat\/esc-pericot\/wp-content\/uploads\/usu807\/2024\/06\/1717656777767.jpg\" alt=\"rossinyol&#039;24\" width=\"1024\" height=\"766\" \/>\r\n\t\t\t\t\t\t\t\t\t\t<div class=\"slideshow_description_box slideshow_transparent\">\r\n\t\t\t\t\t\t<div class=\"slideshow_title\">rossinyol&#039;24<\/div>\t\t\t\t\t\t\t\t\t\t\t<\/div>\r\n\t\t\t\t<\/div>\r\n\r\n\t\t\t\t\t\t<div style=\"clear: both;\"><\/div><\/div><div class=\"slideshow_view\">\r\n\t\t\t\t<div class=\"slideshow_slide slideshow_slide_image\">\r\n\t\t\t\t\t\t\t\t\t\t\t<img src=\"https:\/\/agora.xtec.cat\/esc-pericot\/wp-content\/uploads\/usu807\/2024\/06\/1717656777771.jpg\" alt=\"rossinyol&#039;24\" width=\"1024\" height=\"766\" \/>\r\n\t\t\t\t\t\t\t\t\t\t<div class=\"slideshow_description_box slideshow_transparent\">\r\n\t\t\t\t\t\t<div class=\"slideshow_title\">rossinyol&#039;24<\/div>\t\t\t\t\t\t\t\t\t\t\t<\/div>\r\n\t\t\t\t<\/div>\r\n\r\n\t\t\t\t\t\t\r\n\t\t\t\t<div class=\"slideshow_slide slideshow_slide_image\">\r\n\t\t\t\t\t\t\t\t\t\t\t<img src=\"https:\/\/agora.xtec.cat\/esc-pericot\/wp-content\/uploads\/usu807\/2024\/06\/1717656777760.jpg\" alt=\"rossinyol&#039;24\" width=\"1024\" height=\"766\" \/>\r\n\t\t\t\t\t\t\t\t\t\t<div class=\"slideshow_description_box slideshow_transparent\">\r\n\t\t\t\t\t\t<div class=\"slideshow_title\">rossinyol&#039;24<\/div>\t\t\t\t\t\t\t\t\t\t\t<\/div>\r\n\t\t\t\t<\/div>\r\n\r\n\t\t\t\t\t\t<div style=\"clear: both;\"><\/div><\/div>\r\n\t\t<\/div>\r\n\r\n\t\t<div class=\"slideshow_controlPanel slideshow_transparent\" style=\"display: none;\"><ul><li class=\"slideshow_togglePlay\" data-play-text=\"Visualitza\" data-pause-text=\"Pausa\"><\/li><\/ul><\/div>\r\n\r\n\t\t<div class=\"slideshow_button slideshow_previous slideshow_transparent\" role=\"button\" data-previous-text=\"Anterior\" style=\"display: none;\"><\/div>\r\n\t\t<div class=\"slideshow_button slideshow_next slideshow_transparent\" role=\"button\" data-next-text=\"Seg\u00fcent\" style=\"display: none;\"><\/div>\r\n\r\n\t\t<div class=\"slideshow_pagination\" style=\"display: none;\" data-go-to-text=\"V\u00e9s a la diapositiva\"><div class=\"slideshow_pagination_center\"><\/div><\/div>\r\n\r\n\t\t<!-- WordPress Slideshow Version 2.3.1 -->\r\n\r\n\t\t\t<\/div>\r\n\r\n<\/p>\n","protected":false},"excerpt":{"rendered":"<p>\ufeff Ja fa uns quants anys que a l\u2019Escola Pericot participem en el Projecte Rossinyol, que sorgeix de la col\u00b7laboraci\u00f3 entre l\u2019Ajuntament de Girona, la Universitat de Girona i diferents escoles i instituts. Aquest Projecte aparella un estudiant de la Universitat (mentor\/a) amb un alumne\/a de l\u2019aula d\u2019acollida del nostre centre, amb l\u2019objectiu d\u2019afavorir la [&hellip;]<\/p>\n","protected":false},"author":1,"featured_media":8676,"comment_status":"open","ping_status":"closed","sticky":false,"template":"","format":"standard","meta":{"_bbp_topic_count":0,"_bbp_reply_count":0,"_bbp_total_topic_count":0,"_bbp_total_reply_count":0,"_bbp_voice_count":0,"_bbp_anonymous_reply_count":0,"_bbp_topic_count_hidden":0,"_bbp_reply_count_hidden":0,"_bbp_forum_subforum_count":0,"site-sidebar-layout":"default","site-content-layout":"","ast-site-content-layout":"","site-content-style":"default","site-sidebar-style":"default","ast-global-header-display":"","ast-banner-title-visibility":"","ast-main-header-display":"","ast-hfb-above-header-display":"","ast-hfb-below-header-display":"","ast-hfb-mobile-header-display":"","site-post-title":"","ast-breadcrumbs-content":"","ast-featured-img":"","footer-sml-layout":"","theme-transparent-header-meta":"","adv-header-id-meta":"","stick-header-meta":"","header-above-stick-meta":"","header-main-stick-meta":"","header-below-stick-meta":"","astra-migrate-meta-layouts":"default","ast-page-background-enabled":"default","ast-page-background-meta":{"desktop":{"background-color":"var(--ast-global-color-4)","background-image":"","background-repeat":"repeat","background-position":"center center","background-size":"auto","background-attachment":"scroll","background-type":"","background-media":"","overlay-type":"","overlay-color":"","overlay-opacity":"","overlay-gradient":""},"tablet":{"background-color":"","background-image":"","background-repeat":"repeat","background-position":"center center","background-size":"auto","background-attachment":"scroll","background-type":"","background-media":"","overlay-type":"","overlay-color":"","overlay-opacity":"","overlay-gradient":""},"mobile":{"background-color":"","background-image":"","background-repeat":"repeat","background-position":"center center","background-size":"auto","background-attachment":"scroll","background-type":"","background-media":"","overlay-type":"","overlay-color":"","overlay-opacity":"","overlay-gradient":""}},"ast-content-background-meta":{"desktop":{"background-color":"var(--ast-global-color-5)","background-image":"","background-repeat":"repeat","background-position":"center center","background-size":"auto","background-attachment":"scroll","background-type":"","background-media":"","overlay-type":"","overlay-color":"","overlay-opacity":"","overlay-gradient":""},"tablet":{"background-color":"var(--ast-global-color-5)","background-image":"","background-repeat":"repeat","background-position":"center center","background-size":"auto","background-attachment":"scroll","background-type":"","background-media":"","overlay-type":"","overlay-color":"","overlay-opacity":"","overlay-gradient":""},"mobile":{"background-color":"var(--ast-global-color-5)","background-image":"","background-repeat":"repeat","background-position":"center center","background-size":"auto","background-attachment":"scroll","background-type":"","background-media":"","overlay-type":"","overlay-color":"","overlay-opacity":"","overlay-gradient":""}},"footnotes":""},"categories":[4,5],"tags":[28,148,22,147,29],"class_list":["post-8673","post","type-post","status-publish","format-standard","has-post-thumbnail","hentry","category-portada","category-primaria","tag-alumnes","tag-entorn","tag-escola","tag-projecte-rossinyol","tag-projectes"],"post_mailing_queue_ids":[],"_links":{"self":[{"href":"https:\/\/agora.xtec.cat\/esc-pericot\/wp-json\/wp\/v2\/posts\/8673","targetHints":{"allow":["GET"]}}],"collection":[{"href":"https:\/\/agora.xtec.cat\/esc-pericot\/wp-json\/wp\/v2\/posts"}],"about":[{"href":"https:\/\/agora.xtec.cat\/esc-pericot\/wp-json\/wp\/v2\/types\/post"}],"author":[{"embeddable":true,"href":"https:\/\/agora.xtec.cat\/esc-pericot\/wp-json\/wp\/v2\/users\/1"}],"replies":[{"embeddable":true,"href":"https:\/\/agora.xtec.cat\/esc-pericot\/wp-json\/wp\/v2\/comments?post=8673"}],"version-history":[{"count":6,"href":"https:\/\/agora.xtec.cat\/esc-pericot\/wp-json\/wp\/v2\/posts\/8673\/revisions"}],"predecessor-version":[{"id":8687,"href":"https:\/\/agora.xtec.cat\/esc-pericot\/wp-json\/wp\/v2\/posts\/8673\/revisions\/8687"}],"wp:featuredmedia":[{"embeddable":true,"href":"https:\/\/agora.xtec.cat\/esc-pericot\/wp-json\/wp\/v2\/media\/8676"}],"wp:attachment":[{"href":"https:\/\/agora.xtec.cat\/esc-pericot\/wp-json\/wp\/v2\/media?parent=8673"}],"wp:term":[{"taxonomy":"category","embeddable":true,"href":"https:\/\/agora.xtec.cat\/esc-pericot\/wp-json\/wp\/v2\/categories?post=8673"},{"taxonomy":"post_tag","embeddable":true,"href":"https:\/\/agora.xtec.cat\/esc-pericot\/wp-json\/wp\/v2\/tags?post=8673"}],"curies":[{"name":"wp","href":"https:\/\/api.w.org\/{rel}","templated":true}]}}