{"id":8636,"date":"2024-06-04T21:23:41","date_gmt":"2024-06-04T19:23:41","guid":{"rendered":"https:\/\/agora.xtec.cat\/esc-pericot\/?p=8636"},"modified":"2024-06-06T09:10:44","modified_gmt":"2024-06-06T07:10:44","slug":"entrevista-a-lluc-sallellas-alcalde-de-girona","status":"publish","type":"post","link":"https:\/\/agora.xtec.cat\/esc-pericot\/portada\/entrevista-a-lluc-sallellas-alcalde-de-girona\/","title":{"rendered":"Entrevista a Lluc Sallellas, alcalde de Girona"},"content":{"rendered":"<p>Lluc Salellas, periodista i polit\u00f2leg, \u00e9s actualment l&#8217;alcalde de la nostra ciutat, Girona. En les anteriors eleccions municipals, es va presentar com a cap de llista de la candidatura Guanyem Girona i els bons resultats li van permetre formar govern juntament amb Junts i Esquerra.<\/p>\n<p>El passat dimecres 29 de maig, els alumnes de tercer ens vam dirigir a l&#8217;Ajuntament de Girona per fer-li l&#8217;entrevista que podreu llegir a continuaci\u00f3, esperem que la gaudiu!<\/p>\n<table style=\"width: 100%;height: 1635px\">\n<tbody>\n<tr style=\"height: 135px\">\n<td style=\"width: 4.59459%;height: 135px\"><\/td>\n<td style=\"width: 94.3243%;height: 135px\"><strong>Com et reuneixes per decidir acords? Amb qui et reuneixes i cada quant?<\/strong><\/p>\n<p><span style=\"font-weight: 400\">Em reuneixo unes quantes vegades al dia. Dep\u00e8n de l\u2019assumpte em reuneixo amb les persones que m\u00e9s li importa aquell tema. Tamb\u00e9 ho parlem amb els regidors i regidores de l\u2019Ajuntament.<\/span><\/td>\n<\/tr>\n<tr style=\"height: 243px\">\n<td style=\"width: 4.59459%;height: 243px\"><\/td>\n<td style=\"width: 94.3243%;height: 243px\"><strong>Qu\u00e8 vols millorar sent alcalde de Girona?<\/strong><\/p>\n<p><span style=\"font-weight: 400\">Volem millorar moltes coses, per\u00f2 ens centrarem en 3 propostes. Primer, m\u2019agradaria millorar tot el que t\u00e9 a veure amb la salut, aconseguir que tots estiguem b\u00e9. Per fer-ho creiem que \u00e9s necessari fer un Hospital Trueta nou.\u00a0<\/span><\/p>\n<p><span style=\"font-weight: 400\">Per altra banda, m\u2019agradaria reduir el nombre de cotxes que passen al voltant de les escoles perqu\u00e8 siguin espais m\u00e9s segurs i saludables.<\/span><\/p>\n<p><span style=\"font-weight: 400\">Per \u00faltim, encara que m\u00e9s dif\u00edcil, aconseguir que tothom tingui casa i ning\u00fa visqui al carrer.<\/span><\/td>\n<\/tr>\n<tr style=\"height: 141px\">\n<td style=\"width: 4.59459%;height: 141px\">&nbsp;<\/td>\n<td style=\"width: 94.3243%;height: 141px\"><strong>Sabem que les teves filles van a la nostra escola, al pati de prim\u00e0ria hi fa molta calor, ens agradaria tenir m\u00e9s ombra. Hi ha alguna proposta per arreglar aix\u00f2? Quina?\u00a0<\/strong><\/p>\n<p><span style=\"font-weight: 400\">De moment, est\u00e0 en marxa el projecte GiroNat, en el qual participa l\u2019Escola Pericot. Aquest projecte t\u00e9 com a objectiu posar m\u00e9s zones verdes a llocs on abans eren grisos i a espais p\u00fablics.<\/span><\/td>\n<\/tr>\n<tr style=\"height: 226px\">\n<td style=\"width: 4.59459%;height: 226px\">&nbsp;<\/td>\n<td style=\"width: 94.3243%;height: 226px\"><strong>Quins plans tens per millorar l\u2019educaci\u00f3 dels infants de Girona?\u00a0<\/strong><\/p>\n<p><span style=\"font-weight: 400\">L\u2019Ajuntament pot intervenir respecte a l\u2019educaci\u00f3 dels infants fora de l\u2019escola. Les nostres propostes s\u00f3n:<\/span><\/p>\n<ul>\n<li style=\"font-weight: 400\"><span style=\"font-weight: 400\">L\u2019any que ve volem donar moltes m\u00e9s places a les escoles bressol.<\/span><\/li>\n<li style=\"font-weight: 400\"><span style=\"font-weight: 400\">Millorar els casals.<\/span><\/li>\n<li style=\"font-weight: 400\"><span style=\"font-weight: 400\">Millorar els parcs infantils de la ciutat.<\/span><\/li>\n<li style=\"font-weight: 400\"><span style=\"font-weight: 400\">Que tots els nens puguin accedir a les extraescolars.<\/span><\/li>\n<li style=\"font-weight: 400\"><span style=\"font-weight: 400\">Promocionar els espais educatius de la ciutat, com ara biblioteques, museus\u2026<\/span><\/li>\n<\/ul>\n<\/td>\n<\/tr>\n<tr style=\"height: 135px\">\n<td style=\"width: 4.59459%;height: 135px\"><\/td>\n<td style=\"width: 94.3243%;height: 135px\"><strong><span style=\"font-family: inherit;font-size: 1em\">Quin \u00e9s el llibre que t\u2019agrada m\u00e9s? Per qu\u00e8?<\/span><\/strong><\/p>\n<p><span style=\"font-weight: 400\">Un llibre que ara mateix no recordo el t\u00edtol i que parla de la hist\u00f2ria d\u2019Irlanda. Jo soc un apassionat de la hist\u00f2ria i aquest llibre em va agradar molt!<\/span><\/td>\n<\/tr>\n<tr style=\"height: 164px\">\n<td style=\"width: 4.59459%;height: 164px\">&nbsp;<\/td>\n<td style=\"width: 94.3243%;height: 164px\"><strong>Tens pensat fer millores en alguns edificis d\u2019associacions de Girona, com per exemple el Cau de Vista-Alegre? Quines?<\/strong><\/p>\n<p><span style=\"font-weight: 400\">Si tot va b\u00e9, aquest curs hi haur\u00e0 un pacte amb el Cau. Sobre l&#8217;hoquei Girona, volem construir un tercer pavell\u00f3 a Palau perqu\u00e8 es puguin encabir totes les activitats esportives. Tot i aix\u00f2, hem de tenir en compte que els recursos s\u00f3n limitats.\u00a0<\/span><\/td>\n<\/tr>\n<tr style=\"height: 157px\">\n<td style=\"width: 4.59459%;height: 157px\">&nbsp;<\/td>\n<td style=\"width: 94.3243%;height: 157px\"><strong>Quin \u00e9s el teu lloc preferit de Girona per passejar? Per qu\u00e8?\u00a0<\/strong><\/p>\n<p><span style=\"font-weight: 400\">M\u2019agrada passejar per la part alta del Barri Vell, per la Catedral, la muralla. Tamb\u00e9 per espais m\u00e9s naturals com carril bici fins a Quart, les hortes de Santa Eug\u00e8nia i Sant Daniel. Resumint, m\u2019agrada passejar per espais tranquils i sense cotxes.<\/span><\/td>\n<\/tr>\n<tr style=\"height: 141px\">\n<td style=\"width: 4.59459%;height: 141px\">&nbsp;<\/td>\n<td style=\"width: 94.3243%;height: 141px\"><strong>Qu\u00e8 voldries ser si no fossis alcalde de Girona? Per qu\u00e8?<\/strong><\/p>\n<p><span style=\"font-weight: 400\">Jo no he sigut sempre alcalde ni ho ser\u00e9 per sempre. Quan deixi de ser alcalde m\u2019agradaria fer de periodista, escrivint als diaris, parlant a la r\u00e0dio\u2026 Abans de ser alcalde vaig escriure 4 llibres i ara, en el meu temps lliure, estic escrivint un diari explicant el dia a dia de ser alcalde.<\/span><\/td>\n<\/tr>\n<tr style=\"height: 119px\">\n<td style=\"width: 4.59459%;height: 119px\">&nbsp;<\/td>\n<td style=\"width: 94.3243%;height: 119px\"><strong>Teniu pensat fer m\u00e9s zones verdes a Girona perqu\u00e8 sigui una ciutat m\u00e9s agradable? Quines?<\/strong><\/p>\n<p><span style=\"font-weight: 400\">Si, ens agradaria que en un futur les zones verdes guanyin terreny a la ciutat. Tamb\u00e9 creiem que \u00e9s important netejar els boscos i els espais que estan a prop del riu perqu\u00e8 la gent hi pugui passejar.<\/span><\/td>\n<\/tr>\n<tr style=\"height: 174px\">\n<td style=\"width: 4.59459%;height: 174px\">&nbsp;<\/td>\n<td style=\"width: 94.3243%;height: 174px\"><strong>Si alg\u00fa es queixa que no li agrada Girona perqu\u00e8 est\u00e0 molt bruta, com ho feu per millorar-ho?<\/strong><\/p>\n<p><span style=\"font-weight: 400\">Si alg\u00fa es queixa, ho intentem millorar avisant a l\u2019empresa que s\u2019encarrega de la neteja. Si al cap d\u2019uns dies encara no han fet res al respecte, els podem multar.<\/span><\/td>\n<\/tr>\n<\/tbody>\n<\/table>\n<p>Fins aqu\u00ed l&#8217;entrevista que els alumnes vam preparar, si us heu quedat amb ganes de m\u00e9s, podeu escoltar l&#8217;entrevista completa clicant en aquest <span style=\"text-decoration: underline\"><a href=\"https:\/\/drive.google.com\/file\/d\/1s7w9KDHjXzgJE16i4Nl_jCvrIpgvfLTN\/view?usp=drive_link\">enlla\u00e7<\/a><\/span>, on trobareu aquestes preguntes i d&#8217;altres que vam fer com extres.<\/p>\n<p><img loading=\"lazy\" decoding=\"async\" class=\"wp-image-8641 aligncenter\" src=\"https:\/\/agora.xtec.cat\/esc-pericot\/wp-content\/uploads\/usu807\/2024\/06\/1717525066656-1024x766.jpg\" alt=\"\" width=\"532\" height=\"398\" srcset=\"https:\/\/agora.xtec.cat\/esc-pericot\/wp-content\/uploads\/usu807\/2024\/06\/1717525066656-1024x766.jpg 1024w, https:\/\/agora.xtec.cat\/esc-pericot\/wp-content\/uploads\/usu807\/2024\/06\/1717525066656-300x224.jpg 300w, https:\/\/agora.xtec.cat\/esc-pericot\/wp-content\/uploads\/usu807\/2024\/06\/1717525066656-768x575.jpg 768w, https:\/\/agora.xtec.cat\/esc-pericot\/wp-content\/uploads\/usu807\/2024\/06\/1717525066656-1536x1149.jpg 1536w, https:\/\/agora.xtec.cat\/esc-pericot\/wp-content\/uploads\/usu807\/2024\/06\/1717525066656-200x150.jpg 200w, https:\/\/agora.xtec.cat\/esc-pericot\/wp-content\/uploads\/usu807\/2024\/06\/1717525066656.jpg 1600w\" sizes=\"auto, (max-width: 532px) 100vw, 532px\" \/><\/p>\n","protected":false},"excerpt":{"rendered":"<p>Lluc Salellas, periodista i polit\u00f2leg, \u00e9s actualment l&#8217;alcalde de la nostra ciutat, Girona. En les anteriors eleccions municipals, es va presentar com a cap de llista de la candidatura Guanyem Girona i els bons resultats li van permetre formar govern juntament amb Junts i Esquerra. El passat dimecres 29 de maig, els alumnes de tercer [&hellip;]<\/p>\n","protected":false},"author":5,"featured_media":8641,"comment_status":"open","ping_status":"closed","sticky":false,"template":"","format":"standard","meta":{"_bbp_topic_count":0,"_bbp_reply_count":0,"_bbp_total_topic_count":0,"_bbp_total_reply_count":0,"_bbp_voice_count":0,"_bbp_anonymous_reply_count":0,"_bbp_topic_count_hidden":0,"_bbp_reply_count_hidden":0,"_bbp_forum_subforum_count":0,"site-sidebar-layout":"default","site-content-layout":"","ast-site-content-layout":"","site-content-style":"default","site-sidebar-style":"default","ast-global-header-display":"","ast-banner-title-visibility":"","ast-main-header-display":"","ast-hfb-above-header-display":"","ast-hfb-below-header-display":"","ast-hfb-mobile-header-display":"","site-post-title":"","ast-breadcrumbs-content":"","ast-featured-img":"","footer-sml-layout":"","theme-transparent-header-meta":"","adv-header-id-meta":"","stick-header-meta":"","header-above-stick-meta":"","header-main-stick-meta":"","header-below-stick-meta":"","astra-migrate-meta-layouts":"default","ast-page-background-enabled":"default","ast-page-background-meta":{"desktop":{"background-color":"var(--ast-global-color-4)","background-image":"","background-repeat":"repeat","background-position":"center center","background-size":"auto","background-attachment":"scroll","background-type":"","background-media":"","overlay-type":"","overlay-color":"","overlay-opacity":"","overlay-gradient":""},"tablet":{"background-color":"","background-image":"","background-repeat":"repeat","background-position":"center center","background-size":"auto","background-attachment":"scroll","background-type":"","background-media":"","overlay-type":"","overlay-color":"","overlay-opacity":"","overlay-gradient":""},"mobile":{"background-color":"","background-image":"","background-repeat":"repeat","background-position":"center center","background-size":"auto","background-attachment":"scroll","background-type":"","background-media":"","overlay-type":"","overlay-color":"","overlay-opacity":"","overlay-gradient":""}},"ast-content-background-meta":{"desktop":{"background-color":"var(--ast-global-color-5)","background-image":"","background-repeat":"repeat","background-position":"center center","background-size":"auto","background-attachment":"scroll","background-type":"","background-media":"","overlay-type":"","overlay-color":"","overlay-opacity":"","overlay-gradient":""},"tablet":{"background-color":"var(--ast-global-color-5)","background-image":"","background-repeat":"repeat","background-position":"center center","background-size":"auto","background-attachment":"scroll","background-type":"","background-media":"","overlay-type":"","overlay-color":"","overlay-opacity":"","overlay-gradient":""},"mobile":{"background-color":"var(--ast-global-color-5)","background-image":"","background-repeat":"repeat","background-position":"center center","background-size":"auto","background-attachment":"scroll","background-type":"","background-media":"","overlay-type":"","overlay-color":"","overlay-opacity":"","overlay-gradient":""}},"footnotes":""},"categories":[10,4],"tags":[],"class_list":["post-8636","post","type-post","status-publish","format-standard","has-post-thumbnail","hentry","category-18-26","category-portada"],"post_mailing_queue_ids":[],"_links":{"self":[{"href":"https:\/\/agora.xtec.cat\/esc-pericot\/wp-json\/wp\/v2\/posts\/8636","targetHints":{"allow":["GET"]}}],"collection":[{"href":"https:\/\/agora.xtec.cat\/esc-pericot\/wp-json\/wp\/v2\/posts"}],"about":[{"href":"https:\/\/agora.xtec.cat\/esc-pericot\/wp-json\/wp\/v2\/types\/post"}],"author":[{"embeddable":true,"href":"https:\/\/agora.xtec.cat\/esc-pericot\/wp-json\/wp\/v2\/users\/5"}],"replies":[{"embeddable":true,"href":"https:\/\/agora.xtec.cat\/esc-pericot\/wp-json\/wp\/v2\/comments?post=8636"}],"version-history":[{"count":5,"href":"https:\/\/agora.xtec.cat\/esc-pericot\/wp-json\/wp\/v2\/posts\/8636\/revisions"}],"predecessor-version":[{"id":8645,"href":"https:\/\/agora.xtec.cat\/esc-pericot\/wp-json\/wp\/v2\/posts\/8636\/revisions\/8645"}],"wp:featuredmedia":[{"embeddable":true,"href":"https:\/\/agora.xtec.cat\/esc-pericot\/wp-json\/wp\/v2\/media\/8641"}],"wp:attachment":[{"href":"https:\/\/agora.xtec.cat\/esc-pericot\/wp-json\/wp\/v2\/media?parent=8636"}],"wp:term":[{"taxonomy":"category","embeddable":true,"href":"https:\/\/agora.xtec.cat\/esc-pericot\/wp-json\/wp\/v2\/categories?post=8636"},{"taxonomy":"post_tag","embeddable":true,"href":"https:\/\/agora.xtec.cat\/esc-pericot\/wp-json\/wp\/v2\/tags?post=8636"}],"curies":[{"name":"wp","href":"https:\/\/api.w.org\/{rel}","templated":true}]}}