{"id":8554,"date":"2024-04-30T09:00:00","date_gmt":"2024-04-30T07:00:00","guid":{"rendered":"https:\/\/agora.xtec.cat\/esc-pericot\/?p=8554"},"modified":"2024-04-29T20:08:43","modified_gmt":"2024-04-29T18:08:43","slug":"som-els-petits-cientifics","status":"publish","type":"post","link":"https:\/\/agora.xtec.cat\/esc-pericot\/portada\/som-els-petits-cientifics\/","title":{"rendered":"Som els Petits Cient\u00edfics!!"},"content":{"rendered":"<p><img loading=\"lazy\" decoding=\"async\" class=\"size-large wp-image-8557 alignleft\" src=\"https:\/\/agora.xtec.cat\/esc-pericot\/wp-content\/uploads\/usu807\/2024\/04\/CongresGirona-maig24-410x1024.jpg\" alt=\"\" width=\"410\" height=\"1024\" srcset=\"https:\/\/agora.xtec.cat\/esc-pericot\/wp-content\/uploads\/usu807\/2024\/04\/CongresGirona-maig24-410x1024.jpg 410w, https:\/\/agora.xtec.cat\/esc-pericot\/wp-content\/uploads\/usu807\/2024\/04\/CongresGirona-maig24-120x300.jpg 120w, https:\/\/agora.xtec.cat\/esc-pericot\/wp-content\/uploads\/usu807\/2024\/04\/CongresGirona-maig24-768x1920.jpg 768w, https:\/\/agora.xtec.cat\/esc-pericot\/wp-content\/uploads\/usu807\/2024\/04\/CongresGirona-maig24-819x2048.jpg 819w, https:\/\/agora.xtec.cat\/esc-pericot\/wp-content\/uploads\/usu807\/2024\/04\/CongresGirona-maig24-scaled.jpg 1024w\" sizes=\"auto, (max-width: 410px) 100vw, 410px\" \/><\/p>\n<p>&nbsp;<\/p>\n<p>&nbsp;<\/p>\n<p>Els alumnes de 2n i 4t de l&#8217;escola ens estem convertint en uns veritables Petits Talents Cient\u00edfics.<\/p>\n<p>A 2n ens hem preguntat com \u00e9s que\u00a0 no tothom reacciona igual davant dels sons? Els alumnes de 4t en canvi, han tingut curiositat per esbrinar com \u00e9s que entre germans els cabells no s\u00f3n iguals?\ud83d\ude32<\/p>\n<p>Com a bons investigadors i divulgadors,\u00a0 el dia 10 de maig anirem a un congr\u00e9s presentar els resultats de totes les activitats de recerca que hem fet.<\/p>\n<p>Estem una mica nerviosos i nervioses, aix\u00f2 imposa una mica. Per\u00f2 ens ho hem preparat molt b\u00e9 i segur que ser\u00e0 un \u00e8xit.<\/p>\n<p>Al congr\u00e9s nom\u00e9s hi assistim els i les alumnes de les escoles que hi participem, no est\u00e0 obert al p\u00fablic.<\/p>\n<p>Si la investigaci\u00f3 ens ha suposat el primer\u00a0 repte, ara, la presentaci\u00f3 ser\u00e0 el segon!\ud83d\ude2c<\/p>\n<p>En tenim moltes ganes!<\/p>\n","protected":false},"excerpt":{"rendered":"<p>&nbsp; &nbsp; Els alumnes de 2n i 4t de l&#8217;escola ens estem convertint en uns veritables Petits Talents Cient\u00edfics. A 2n ens hem preguntat com \u00e9s que\u00a0 no tothom reacciona igual davant dels sons? Els alumnes de 4t en canvi, han tingut curiositat per esbrinar com \u00e9s que entre germans els cabells no s\u00f3n iguals?\ud83d\ude32 [&hellip;]<\/p>\n","protected":false},"author":1,"featured_media":8558,"comment_status":"open","ping_status":"closed","sticky":false,"template":"","format":"standard","meta":{"_bbp_topic_count":0,"_bbp_reply_count":0,"_bbp_total_topic_count":0,"_bbp_total_reply_count":0,"_bbp_voice_count":0,"_bbp_anonymous_reply_count":0,"_bbp_topic_count_hidden":0,"_bbp_reply_count_hidden":0,"_bbp_forum_subforum_count":0,"site-sidebar-layout":"default","site-content-layout":"","ast-site-content-layout":"","site-content-style":"default","site-sidebar-style":"default","ast-global-header-display":"","ast-banner-title-visibility":"","ast-main-header-display":"","ast-hfb-above-header-display":"","ast-hfb-below-header-display":"","ast-hfb-mobile-header-display":"","site-post-title":"","ast-breadcrumbs-content":"","ast-featured-img":"","footer-sml-layout":"","theme-transparent-header-meta":"","adv-header-id-meta":"","stick-header-meta":"","header-above-stick-meta":"","header-main-stick-meta":"","header-below-stick-meta":"","astra-migrate-meta-layouts":"default","ast-page-background-enabled":"default","ast-page-background-meta":{"desktop":{"background-color":"var(--ast-global-color-4)","background-image":"","background-repeat":"repeat","background-position":"center center","background-size":"auto","background-attachment":"scroll","background-type":"","background-media":"","overlay-type":"","overlay-color":"","overlay-opacity":"","overlay-gradient":""},"tablet":{"background-color":"","background-image":"","background-repeat":"repeat","background-position":"center center","background-size":"auto","background-attachment":"scroll","background-type":"","background-media":"","overlay-type":"","overlay-color":"","overlay-opacity":"","overlay-gradient":""},"mobile":{"background-color":"","background-image":"","background-repeat":"repeat","background-position":"center center","background-size":"auto","background-attachment":"scroll","background-type":"","background-media":"","overlay-type":"","overlay-color":"","overlay-opacity":"","overlay-gradient":""}},"ast-content-background-meta":{"desktop":{"background-color":"var(--ast-global-color-5)","background-image":"","background-repeat":"repeat","background-position":"center center","background-size":"auto","background-attachment":"scroll","background-type":"","background-media":"","overlay-type":"","overlay-color":"","overlay-opacity":"","overlay-gradient":""},"tablet":{"background-color":"var(--ast-global-color-5)","background-image":"","background-repeat":"repeat","background-position":"center center","background-size":"auto","background-attachment":"scroll","background-type":"","background-media":"","overlay-type":"","overlay-color":"","overlay-opacity":"","overlay-gradient":""},"mobile":{"background-color":"var(--ast-global-color-5)","background-image":"","background-repeat":"repeat","background-position":"center center","background-size":"auto","background-attachment":"scroll","background-type":"","background-media":"","overlay-type":"","overlay-color":"","overlay-opacity":"","overlay-gradient":""}},"footnotes":""},"categories":[9,11,226,4],"tags":[63,80,87,29],"class_list":["post-8554","post","type-post","status-publish","format-standard","has-post-thumbnail","hentry","category-19-27","category-17-25","category-esborranys","category-portada","tag-cicle-inicial","tag-cicle-mitja","tag-medi","tag-projectes"],"post_mailing_queue_ids":[],"_links":{"self":[{"href":"https:\/\/agora.xtec.cat\/esc-pericot\/wp-json\/wp\/v2\/posts\/8554","targetHints":{"allow":["GET"]}}],"collection":[{"href":"https:\/\/agora.xtec.cat\/esc-pericot\/wp-json\/wp\/v2\/posts"}],"about":[{"href":"https:\/\/agora.xtec.cat\/esc-pericot\/wp-json\/wp\/v2\/types\/post"}],"author":[{"embeddable":true,"href":"https:\/\/agora.xtec.cat\/esc-pericot\/wp-json\/wp\/v2\/users\/1"}],"replies":[{"embeddable":true,"href":"https:\/\/agora.xtec.cat\/esc-pericot\/wp-json\/wp\/v2\/comments?post=8554"}],"version-history":[{"count":6,"href":"https:\/\/agora.xtec.cat\/esc-pericot\/wp-json\/wp\/v2\/posts\/8554\/revisions"}],"predecessor-version":[{"id":8570,"href":"https:\/\/agora.xtec.cat\/esc-pericot\/wp-json\/wp\/v2\/posts\/8554\/revisions\/8570"}],"wp:featuredmedia":[{"embeddable":true,"href":"https:\/\/agora.xtec.cat\/esc-pericot\/wp-json\/wp\/v2\/media\/8558"}],"wp:attachment":[{"href":"https:\/\/agora.xtec.cat\/esc-pericot\/wp-json\/wp\/v2\/media?parent=8554"}],"wp:term":[{"taxonomy":"category","embeddable":true,"href":"https:\/\/agora.xtec.cat\/esc-pericot\/wp-json\/wp\/v2\/categories?post=8554"},{"taxonomy":"post_tag","embeddable":true,"href":"https:\/\/agora.xtec.cat\/esc-pericot\/wp-json\/wp\/v2\/tags?post=8554"}],"curies":[{"name":"wp","href":"https:\/\/api.w.org\/{rel}","templated":true}]}}