{"id":8499,"date":"2024-03-26T18:55:24","date_gmt":"2024-03-26T17:55:24","guid":{"rendered":"https:\/\/agora.xtec.cat\/esc-pericot\/?p=8499"},"modified":"2024-04-03T23:16:49","modified_gmt":"2024-04-03T21:16:49","slug":"arriba-la-pasqua-2","status":"publish","type":"post","link":"https:\/\/agora.xtec.cat\/esc-pericot\/infantil\/arriba-la-pasqua-2\/","title":{"rendered":"ARRIBA LA PASQUA"},"content":{"rendered":"<p>Nom\u00e9s fa uns dies que vam tornar de col\u00f2nies, esperem que vei\u00e9ssiu les fotos, van viure una experi\u00e8ncia molt maca, de compartir i disfrutar. Ara ja som a les vacances de Setmana Santa i desitgem que les gaudiu\u00a0i descanseu que aviat comencem el tercer trimestre.<\/p>\n<p>Us deixem unes fotos m\u00e9s d&#8217;aquest segon trimestre: activitats diverses de classe i altres cosetes&#8230;no us les perdeu!<\/p>\n<p><a href=\"https:\/\/drive.google.com\/drive\/folders\/1o-prj5XWhXBLs-9yYMhYIdJffuUE_aha?usp=drive_link\"><img loading=\"lazy\" decoding=\"async\" class=\"alignnone wp-image-8500\" src=\"https:\/\/agora.xtec.cat\/esc-pericot\/wp-content\/uploads\/usu807\/2024\/03\/IMG_0791-1024x982.jpg\" alt=\"\" width=\"286\" height=\"275\" srcset=\"https:\/\/agora.xtec.cat\/esc-pericot\/wp-content\/uploads\/usu807\/2024\/03\/IMG_0791-1024x982.jpg 1024w, https:\/\/agora.xtec.cat\/esc-pericot\/wp-content\/uploads\/usu807\/2024\/03\/IMG_0791-300x288.jpg 300w, https:\/\/agora.xtec.cat\/esc-pericot\/wp-content\/uploads\/usu807\/2024\/03\/IMG_0791-768x737.jpg 768w, https:\/\/agora.xtec.cat\/esc-pericot\/wp-content\/uploads\/usu807\/2024\/03\/IMG_0791-1536x1474.jpg 1536w, https:\/\/agora.xtec.cat\/esc-pericot\/wp-content\/uploads\/usu807\/2024\/03\/IMG_0791-2048x1965.jpg 2048w\" sizes=\"auto, (max-width: 286px) 100vw, 286px\" \/><\/a>\u00a0 <a href=\"https:\/\/drive.google.com\/drive\/folders\/12xCJfFY5DRhhv5v1a_mUcbWuzDrZM3bm?usp=drive_link\"><img loading=\"lazy\" decoding=\"async\" class=\"alignnone wp-image-8515\" src=\"https:\/\/agora.xtec.cat\/esc-pericot\/wp-content\/uploads\/usu807\/2024\/03\/1711475266584-1-1024x641.jpg\" alt=\"\" width=\"439\" height=\"275\" srcset=\"https:\/\/agora.xtec.cat\/esc-pericot\/wp-content\/uploads\/usu807\/2024\/03\/1711475266584-1-1024x641.jpg 1024w, https:\/\/agora.xtec.cat\/esc-pericot\/wp-content\/uploads\/usu807\/2024\/03\/1711475266584-1-300x188.jpg 300w, https:\/\/agora.xtec.cat\/esc-pericot\/wp-content\/uploads\/usu807\/2024\/03\/1711475266584-1-768x480.jpg 768w, https:\/\/agora.xtec.cat\/esc-pericot\/wp-content\/uploads\/usu807\/2024\/03\/1711475266584-1-1536x961.jpg 1536w, https:\/\/agora.xtec.cat\/esc-pericot\/wp-content\/uploads\/usu807\/2024\/03\/1711475266584-1-2048x1281.jpg 2048w\" sizes=\"auto, (max-width: 439px) 100vw, 439px\" \/><\/a><\/p>\n<p>&nbsp;<\/p>\n<p>&nbsp;<\/p>\n","protected":false},"excerpt":{"rendered":"<p>Nom\u00e9s fa uns dies que vam tornar de col\u00f2nies, esperem que vei\u00e9ssiu les fotos, van viure una experi\u00e8ncia molt maca, de compartir i disfrutar. Ara ja som a les vacances de Setmana Santa i desitgem que les gaudiu\u00a0i descanseu que aviat comencem el tercer trimestre. Us deixem unes fotos m\u00e9s d&#8217;aquest segon trimestre: activitats diverses [&hellip;]<\/p>\n","protected":false},"author":11,"featured_media":8501,"comment_status":"closed","ping_status":"closed","sticky":false,"template":"","format":"standard","meta":{"_bbp_topic_count":0,"_bbp_reply_count":0,"_bbp_total_topic_count":0,"_bbp_total_reply_count":0,"_bbp_voice_count":0,"_bbp_anonymous_reply_count":0,"_bbp_topic_count_hidden":0,"_bbp_reply_count_hidden":0,"_bbp_forum_subforum_count":0,"site-sidebar-layout":"default","site-content-layout":"","ast-site-content-layout":"","site-content-style":"default","site-sidebar-style":"default","ast-global-header-display":"","ast-banner-title-visibility":"","ast-main-header-display":"","ast-hfb-above-header-display":"","ast-hfb-below-header-display":"","ast-hfb-mobile-header-display":"","site-post-title":"","ast-breadcrumbs-content":"","ast-featured-img":"","footer-sml-layout":"","theme-transparent-header-meta":"","adv-header-id-meta":"","stick-header-meta":"","header-above-stick-meta":"","header-main-stick-meta":"","header-below-stick-meta":"","astra-migrate-meta-layouts":"default","ast-page-background-enabled":"default","ast-page-background-meta":{"desktop":{"background-color":"var(--ast-global-color-4)","background-image":"","background-repeat":"repeat","background-position":"center center","background-size":"auto","background-attachment":"scroll","background-type":"","background-media":"","overlay-type":"","overlay-color":"","overlay-opacity":"","overlay-gradient":""},"tablet":{"background-color":"","background-image":"","background-repeat":"repeat","background-position":"center center","background-size":"auto","background-attachment":"scroll","background-type":"","background-media":"","overlay-type":"","overlay-color":"","overlay-opacity":"","overlay-gradient":""},"mobile":{"background-color":"","background-image":"","background-repeat":"repeat","background-position":"center center","background-size":"auto","background-attachment":"scroll","background-type":"","background-media":"","overlay-type":"","overlay-color":"","overlay-opacity":"","overlay-gradient":""}},"ast-content-background-meta":{"desktop":{"background-color":"var(--ast-global-color-5)","background-image":"","background-repeat":"repeat","background-position":"center center","background-size":"auto","background-attachment":"scroll","background-type":"","background-media":"","overlay-type":"","overlay-color":"","overlay-opacity":"","overlay-gradient":""},"tablet":{"background-color":"var(--ast-global-color-5)","background-image":"","background-repeat":"repeat","background-position":"center center","background-size":"auto","background-attachment":"scroll","background-type":"","background-media":"","overlay-type":"","overlay-color":"","overlay-opacity":"","overlay-gradient":""},"mobile":{"background-color":"var(--ast-global-color-5)","background-image":"","background-repeat":"repeat","background-position":"center center","background-size":"auto","background-attachment":"scroll","background-type":"","background-media":"","overlay-type":"","overlay-color":"","overlay-opacity":"","overlay-gradient":""}},"footnotes":""},"categories":[3,2],"tags":[325,120,66,240],"class_list":["post-8499","post","type-post","status-publish","format-standard","has-post-thumbnail","hentry","category-21-29","category-infantil","tag-2n-trimestre","tag-activitats","tag-educacio-infantil","tag-pasqua"],"post_mailing_queue_ids":[],"_links":{"self":[{"href":"https:\/\/agora.xtec.cat\/esc-pericot\/wp-json\/wp\/v2\/posts\/8499","targetHints":{"allow":["GET"]}}],"collection":[{"href":"https:\/\/agora.xtec.cat\/esc-pericot\/wp-json\/wp\/v2\/posts"}],"about":[{"href":"https:\/\/agora.xtec.cat\/esc-pericot\/wp-json\/wp\/v2\/types\/post"}],"author":[{"embeddable":true,"href":"https:\/\/agora.xtec.cat\/esc-pericot\/wp-json\/wp\/v2\/users\/11"}],"replies":[{"embeddable":true,"href":"https:\/\/agora.xtec.cat\/esc-pericot\/wp-json\/wp\/v2\/comments?post=8499"}],"version-history":[{"count":2,"href":"https:\/\/agora.xtec.cat\/esc-pericot\/wp-json\/wp\/v2\/posts\/8499\/revisions"}],"predecessor-version":[{"id":8516,"href":"https:\/\/agora.xtec.cat\/esc-pericot\/wp-json\/wp\/v2\/posts\/8499\/revisions\/8516"}],"wp:featuredmedia":[{"embeddable":true,"href":"https:\/\/agora.xtec.cat\/esc-pericot\/wp-json\/wp\/v2\/media\/8501"}],"wp:attachment":[{"href":"https:\/\/agora.xtec.cat\/esc-pericot\/wp-json\/wp\/v2\/media?parent=8499"}],"wp:term":[{"taxonomy":"category","embeddable":true,"href":"https:\/\/agora.xtec.cat\/esc-pericot\/wp-json\/wp\/v2\/categories?post=8499"},{"taxonomy":"post_tag","embeddable":true,"href":"https:\/\/agora.xtec.cat\/esc-pericot\/wp-json\/wp\/v2\/tags?post=8499"}],"curies":[{"name":"wp","href":"https:\/\/api.w.org\/{rel}","templated":true}]}}