{"id":8166,"date":"2023-12-23T20:57:36","date_gmt":"2023-12-23T19:57:36","guid":{"rendered":"https:\/\/agora.xtec.cat\/esc-pericot\/?p=8166"},"modified":"2023-12-24T13:29:59","modified_gmt":"2023-12-24T12:29:59","slug":"bones-festes-3","status":"publish","type":"post","link":"https:\/\/agora.xtec.cat\/esc-pericot\/infantil\/bones-festes-3\/","title":{"rendered":"BONES FESTES!"},"content":{"rendered":"<p>Benvolgudes fam\u00edlies, el Nadal ha arribat i el trimestre ha acabat, per\u00f2 tenim un munt de coses per explicar&#8230; dimarts vau venir a veure&#8217;ns cantar i un \u00e0lbum us vau emportar, un \u00e0lbum, una postal i un detall per penjar, un atrapa somnis preci\u00f3s que us traur\u00e0 els malsons!<\/p>\n<p>A les fotos de la classe podreu veure petits moments a les aules per\u00f2 tamb\u00e9 fora d&#8217;elles, com el dia que vam anar al riu a buscar el ti\u00f3, o quan anem a les altres aules a jugar i treballar, i tamb\u00e9, tal com us vam dir, el v\u00eddeo de la nadala que vam cantar i que a tots ens va agradar.<\/p>\n<p>Gaudiu amb la fam\u00edlia aquests dies, s\u00f3n moments que podeu aprofitar perqu\u00e8 us recitin el vers de Nadal que a la postal el trobareu enganxat&#8230; i ara s\u00ed, us desitgem un bon Nadal i que amb l&#8217;any nou ens tornem a retrobar.<\/p>\n<p><a href=\"https:\/\/drive.google.com\/drive\/folders\/1bbZ44a9bJa0Dh9wcZAIcy2fJlYnCFrnx?usp=drive_link\"><img loading=\"lazy\" decoding=\"async\" class=\"alignnone wp-image-8167\" src=\"https:\/\/agora.xtec.cat\/esc-pericot\/wp-content\/uploads\/usu807\/2023\/12\/20231127_085846-1024x594.jpg\" alt=\"\" width=\"373\" height=\"216\" srcset=\"https:\/\/agora.xtec.cat\/esc-pericot\/wp-content\/uploads\/usu807\/2023\/12\/20231127_085846-1024x594.jpg 1024w, https:\/\/agora.xtec.cat\/esc-pericot\/wp-content\/uploads\/usu807\/2023\/12\/20231127_085846-300x174.jpg 300w, https:\/\/agora.xtec.cat\/esc-pericot\/wp-content\/uploads\/usu807\/2023\/12\/20231127_085846-768x445.jpg 768w, https:\/\/agora.xtec.cat\/esc-pericot\/wp-content\/uploads\/usu807\/2023\/12\/20231127_085846-1536x891.jpg 1536w, https:\/\/agora.xtec.cat\/esc-pericot\/wp-content\/uploads\/usu807\/2023\/12\/20231127_085846-2048x1188.jpg 2048w\" sizes=\"auto, (max-width: 373px) 100vw, 373px\" \/><\/a><a href=\"https:\/\/drive.google.com\/drive\/folders\/15lT31dSSR8ZCKrR9Xy23fTotsERo7utX?usp=drive_link\"><img loading=\"lazy\" decoding=\"async\" class=\"wp-image-8178 alignright\" src=\"https:\/\/agora.xtec.cat\/esc-pericot\/wp-content\/uploads\/usu807\/2023\/12\/i5B-article-2-1.jpg\" alt=\"\" width=\"406\" height=\"187\" srcset=\"https:\/\/agora.xtec.cat\/esc-pericot\/wp-content\/uploads\/usu807\/2023\/12\/i5B-article-2-1.jpg 1024w, https:\/\/agora.xtec.cat\/esc-pericot\/wp-content\/uploads\/usu807\/2023\/12\/i5B-article-2-1-300x138.jpg 300w, https:\/\/agora.xtec.cat\/esc-pericot\/wp-content\/uploads\/usu807\/2023\/12\/i5B-article-2-1-768x354.jpg 768w\" sizes=\"auto, (max-width: 406px) 100vw, 406px\" \/><\/a><\/p>\n","protected":false},"excerpt":{"rendered":"<p>Benvolgudes fam\u00edlies, el Nadal ha arribat i el trimestre ha acabat, per\u00f2 tenim un munt de coses per explicar&#8230; dimarts vau venir a veure&#8217;ns cantar i un \u00e0lbum us vau emportar, un \u00e0lbum, una postal i un detall per penjar, un atrapa somnis preci\u00f3s que us traur\u00e0 els malsons! A les fotos de la classe [&hellip;]<\/p>\n","protected":false},"author":11,"featured_media":8169,"comment_status":"closed","ping_status":"closed","sticky":false,"template":"","format":"standard","meta":{"_bbp_topic_count":0,"_bbp_reply_count":0,"_bbp_total_topic_count":0,"_bbp_total_reply_count":0,"_bbp_voice_count":0,"_bbp_anonymous_reply_count":0,"_bbp_topic_count_hidden":0,"_bbp_reply_count_hidden":0,"_bbp_forum_subforum_count":0,"site-sidebar-layout":"default","site-content-layout":"","ast-site-content-layout":"","site-content-style":"default","site-sidebar-style":"default","ast-global-header-display":"","ast-banner-title-visibility":"","ast-main-header-display":"","ast-hfb-above-header-display":"","ast-hfb-below-header-display":"","ast-hfb-mobile-header-display":"","site-post-title":"","ast-breadcrumbs-content":"","ast-featured-img":"","footer-sml-layout":"","theme-transparent-header-meta":"","adv-header-id-meta":"","stick-header-meta":"","header-above-stick-meta":"","header-main-stick-meta":"","header-below-stick-meta":"","astra-migrate-meta-layouts":"default","ast-page-background-enabled":"default","ast-page-background-meta":{"desktop":{"background-color":"var(--ast-global-color-4)","background-image":"","background-repeat":"repeat","background-position":"center center","background-size":"auto","background-attachment":"scroll","background-type":"","background-media":"","overlay-type":"","overlay-color":"","overlay-opacity":"","overlay-gradient":""},"tablet":{"background-color":"","background-image":"","background-repeat":"repeat","background-position":"center center","background-size":"auto","background-attachment":"scroll","background-type":"","background-media":"","overlay-type":"","overlay-color":"","overlay-opacity":"","overlay-gradient":""},"mobile":{"background-color":"","background-image":"","background-repeat":"repeat","background-position":"center center","background-size":"auto","background-attachment":"scroll","background-type":"","background-media":"","overlay-type":"","overlay-color":"","overlay-opacity":"","overlay-gradient":""}},"ast-content-background-meta":{"desktop":{"background-color":"var(--ast-global-color-5)","background-image":"","background-repeat":"repeat","background-position":"center center","background-size":"auto","background-attachment":"scroll","background-type":"","background-media":"","overlay-type":"","overlay-color":"","overlay-opacity":"","overlay-gradient":""},"tablet":{"background-color":"var(--ast-global-color-5)","background-image":"","background-repeat":"repeat","background-position":"center center","background-size":"auto","background-attachment":"scroll","background-type":"","background-media":"","overlay-type":"","overlay-color":"","overlay-opacity":"","overlay-gradient":""},"mobile":{"background-color":"var(--ast-global-color-5)","background-image":"","background-repeat":"repeat","background-position":"center center","background-size":"auto","background-attachment":"scroll","background-type":"","background-media":"","overlay-type":"","overlay-color":"","overlay-opacity":"","overlay-gradient":""}},"footnotes":""},"categories":[3,2],"tags":[120,28,59,66,26,60,62,101],"class_list":["post-8166","post","type-post","status-publish","format-standard","has-post-thumbnail","hentry","category-21-29","category-infantil","tag-activitats","tag-alumnes","tag-celebracions","tag-educacio-infantil","tag-festes","tag-festivals","tag-nadal","tag-participacio"],"post_mailing_queue_ids":[],"_links":{"self":[{"href":"https:\/\/agora.xtec.cat\/esc-pericot\/wp-json\/wp\/v2\/posts\/8166","targetHints":{"allow":["GET"]}}],"collection":[{"href":"https:\/\/agora.xtec.cat\/esc-pericot\/wp-json\/wp\/v2\/posts"}],"about":[{"href":"https:\/\/agora.xtec.cat\/esc-pericot\/wp-json\/wp\/v2\/types\/post"}],"author":[{"embeddable":true,"href":"https:\/\/agora.xtec.cat\/esc-pericot\/wp-json\/wp\/v2\/users\/11"}],"replies":[{"embeddable":true,"href":"https:\/\/agora.xtec.cat\/esc-pericot\/wp-json\/wp\/v2\/comments?post=8166"}],"version-history":[{"count":2,"href":"https:\/\/agora.xtec.cat\/esc-pericot\/wp-json\/wp\/v2\/posts\/8166\/revisions"}],"predecessor-version":[{"id":8179,"href":"https:\/\/agora.xtec.cat\/esc-pericot\/wp-json\/wp\/v2\/posts\/8166\/revisions\/8179"}],"wp:featuredmedia":[{"embeddable":true,"href":"https:\/\/agora.xtec.cat\/esc-pericot\/wp-json\/wp\/v2\/media\/8169"}],"wp:attachment":[{"href":"https:\/\/agora.xtec.cat\/esc-pericot\/wp-json\/wp\/v2\/media?parent=8166"}],"wp:term":[{"taxonomy":"category","embeddable":true,"href":"https:\/\/agora.xtec.cat\/esc-pericot\/wp-json\/wp\/v2\/categories?post=8166"},{"taxonomy":"post_tag","embeddable":true,"href":"https:\/\/agora.xtec.cat\/esc-pericot\/wp-json\/wp\/v2\/tags?post=8166"}],"curies":[{"name":"wp","href":"https:\/\/api.w.org\/{rel}","templated":true}]}}