{"id":8090,"date":"2023-11-02T09:00:27","date_gmt":"2023-11-02T08:00:27","guid":{"rendered":"https:\/\/agora.xtec.cat\/esc-pericot\/?p=8090"},"modified":"2023-10-30T16:40:41","modified_gmt":"2023-10-30T15:40:41","slug":"a-laula-treballs-i-tradicions","status":"publish","type":"post","link":"https:\/\/agora.xtec.cat\/esc-pericot\/primaria\/a-laula-treballs-i-tradicions\/","title":{"rendered":"Medi a l&#8217;aula: treballs i tradicions"},"content":{"rendered":"<p><img loading=\"lazy\" decoding=\"async\" class=\"wp-image-8091 alignleft\" src=\"https:\/\/agora.xtec.cat\/esc-pericot\/wp-content\/uploads\/usu807\/2023\/10\/IMG20231023121935-1024x1024.jpg\" alt=\"\" width=\"256\" height=\"256\" srcset=\"https:\/\/agora.xtec.cat\/esc-pericot\/wp-content\/uploads\/usu807\/2023\/10\/IMG20231023121935-1024x1024.jpg 1024w, https:\/\/agora.xtec.cat\/esc-pericot\/wp-content\/uploads\/usu807\/2023\/10\/IMG20231023121935-300x300.jpg 300w, https:\/\/agora.xtec.cat\/esc-pericot\/wp-content\/uploads\/usu807\/2023\/10\/IMG20231023121935-150x150.jpg 150w, https:\/\/agora.xtec.cat\/esc-pericot\/wp-content\/uploads\/usu807\/2023\/10\/IMG20231023121935-768x768.jpg 768w, https:\/\/agora.xtec.cat\/esc-pericot\/wp-content\/uploads\/usu807\/2023\/10\/IMG20231023121935-1536x1536.jpg 1536w, https:\/\/agora.xtec.cat\/esc-pericot\/wp-content\/uploads\/usu807\/2023\/10\/IMG20231023121935.jpg 1920w\" sizes=\"auto, (max-width: 256px) 100vw, 256px\" \/>A les dues classes de segon, no parem de descobrir i ampliar el coneixement de temes ben diversos: des de qu\u00e8 passa a les muntanyes m\u00e9s properes (les gavarres) o quins gegants i gegantes i capgrossos tenim a Girona.\u00a0Us en fem cinc c\u00e8ntims:<\/p>\n<p>Del projecte de la Iosca, ja hem tancat un primer tema que era el m\u00f3n vegetal i ara (despr\u00e9s de Fires) farem els animals i productors. Ho hem fet com sempre amb llibres, webs i una sortida. Mireu les fotos <a href=\"https:\/\/drive.google.com\/drive\/folders\/1vTGm2Poe1_dLFbH3Mx3E6rTB9r_EoWF4?usp=drive_link\" target=\"_blank\" rel=\"noopener\">aqu\u00ed<\/a> i a <a href=\"https:\/\/www.instagram.com\/p\/CyEQTGLsAS1\/\" target=\"_blank\" rel=\"noopener\">instagram<\/a><\/p>\n<p>Ara, a la segona part\u00a0 ens centrarem m\u00e9s en els animals. Ja vam fer la reflexi\u00f3 del que sab\u00edem (i vam sortir a <a href=\"https:\/\/www.instagram.com\/p\/Cyve2kIMcfi\/\" target=\"_blank\" rel=\"noopener\">l&#8217;instagram<\/a> de l&#8217;escola)<\/p>\n<p>I les tradicions! Quan arriba la tardor, a Girona tamb\u00e9 arriba la Festa Major. Hem estat aprenent danses per a ballar-les a la festa de la castanyada i tamb\u00e9 hem treballat el bestiari festiu.\u00a0 Us deixem les fotos, com sempre al<a href=\"https:\/\/drive.google.com\/drive\/folders\/15TUxIxku719TE5focFCKvgIdTJ2S7f_4?usp=drive_link\" target=\"_blank\" rel=\"noopener\"> drive.<\/a><\/p>\n<p>&nbsp;<\/p>\n","protected":false},"excerpt":{"rendered":"<p>A les dues classes de segon, no parem de descobrir i ampliar el coneixement de temes ben diversos: des de qu\u00e8 passa a les muntanyes m\u00e9s properes (les gavarres) o quins gegants i gegantes i capgrossos tenim a Girona.\u00a0Us en fem cinc c\u00e8ntims: Del projecte de la Iosca, ja hem tancat un primer tema que [&hellip;]<\/p>\n","protected":false},"author":1,"featured_media":8092,"comment_status":"open","ping_status":"closed","sticky":false,"template":"","format":"standard","meta":{"_bbp_topic_count":0,"_bbp_reply_count":0,"_bbp_total_topic_count":0,"_bbp_total_reply_count":0,"_bbp_voice_count":0,"_bbp_anonymous_reply_count":0,"_bbp_topic_count_hidden":0,"_bbp_reply_count_hidden":0,"_bbp_forum_subforum_count":0,"site-sidebar-layout":"default","site-content-layout":"","ast-site-content-layout":"","site-content-style":"default","site-sidebar-style":"default","ast-global-header-display":"","ast-banner-title-visibility":"","ast-main-header-display":"","ast-hfb-above-header-display":"","ast-hfb-below-header-display":"","ast-hfb-mobile-header-display":"","site-post-title":"","ast-breadcrumbs-content":"","ast-featured-img":"","footer-sml-layout":"","theme-transparent-header-meta":"","adv-header-id-meta":"","stick-header-meta":"","header-above-stick-meta":"","header-main-stick-meta":"","header-below-stick-meta":"","astra-migrate-meta-layouts":"default","ast-page-background-enabled":"default","ast-page-background-meta":{"desktop":{"background-color":"var(--ast-global-color-4)","background-image":"","background-repeat":"repeat","background-position":"center center","background-size":"auto","background-attachment":"scroll","background-type":"","background-media":"","overlay-type":"","overlay-color":"","overlay-opacity":"","overlay-gradient":""},"tablet":{"background-color":"","background-image":"","background-repeat":"repeat","background-position":"center center","background-size":"auto","background-attachment":"scroll","background-type":"","background-media":"","overlay-type":"","overlay-color":"","overlay-opacity":"","overlay-gradient":""},"mobile":{"background-color":"","background-image":"","background-repeat":"repeat","background-position":"center center","background-size":"auto","background-attachment":"scroll","background-type":"","background-media":"","overlay-type":"","overlay-color":"","overlay-opacity":"","overlay-gradient":""}},"ast-content-background-meta":{"desktop":{"background-color":"var(--ast-global-color-5)","background-image":"","background-repeat":"repeat","background-position":"center center","background-size":"auto","background-attachment":"scroll","background-type":"","background-media":"","overlay-type":"","overlay-color":"","overlay-opacity":"","overlay-gradient":""},"tablet":{"background-color":"var(--ast-global-color-5)","background-image":"","background-repeat":"repeat","background-position":"center center","background-size":"auto","background-attachment":"scroll","background-type":"","background-media":"","overlay-type":"","overlay-color":"","overlay-opacity":"","overlay-gradient":""},"mobile":{"background-color":"var(--ast-global-color-5)","background-image":"","background-repeat":"repeat","background-position":"center center","background-size":"auto","background-attachment":"scroll","background-type":"","background-media":"","overlay-type":"","overlay-color":"","overlay-opacity":"","overlay-gradient":""}},"footnotes":""},"categories":[9,5],"tags":[59,63,148,26,87,29,16],"class_list":["post-8090","post","type-post","status-publish","format-standard","has-post-thumbnail","hentry","category-19-27","category-primaria","tag-celebracions","tag-cicle-inicial","tag-entorn","tag-festes","tag-medi","tag-projectes","tag-sortides"],"post_mailing_queue_ids":[],"_links":{"self":[{"href":"https:\/\/agora.xtec.cat\/esc-pericot\/wp-json\/wp\/v2\/posts\/8090","targetHints":{"allow":["GET"]}}],"collection":[{"href":"https:\/\/agora.xtec.cat\/esc-pericot\/wp-json\/wp\/v2\/posts"}],"about":[{"href":"https:\/\/agora.xtec.cat\/esc-pericot\/wp-json\/wp\/v2\/types\/post"}],"author":[{"embeddable":true,"href":"https:\/\/agora.xtec.cat\/esc-pericot\/wp-json\/wp\/v2\/users\/1"}],"replies":[{"embeddable":true,"href":"https:\/\/agora.xtec.cat\/esc-pericot\/wp-json\/wp\/v2\/comments?post=8090"}],"version-history":[{"count":2,"href":"https:\/\/agora.xtec.cat\/esc-pericot\/wp-json\/wp\/v2\/posts\/8090\/revisions"}],"predecessor-version":[{"id":8094,"href":"https:\/\/agora.xtec.cat\/esc-pericot\/wp-json\/wp\/v2\/posts\/8090\/revisions\/8094"}],"wp:featuredmedia":[{"embeddable":true,"href":"https:\/\/agora.xtec.cat\/esc-pericot\/wp-json\/wp\/v2\/media\/8092"}],"wp:attachment":[{"href":"https:\/\/agora.xtec.cat\/esc-pericot\/wp-json\/wp\/v2\/media?parent=8090"}],"wp:term":[{"taxonomy":"category","embeddable":true,"href":"https:\/\/agora.xtec.cat\/esc-pericot\/wp-json\/wp\/v2\/categories?post=8090"},{"taxonomy":"post_tag","embeddable":true,"href":"https:\/\/agora.xtec.cat\/esc-pericot\/wp-json\/wp\/v2\/tags?post=8090"}],"curies":[{"name":"wp","href":"https:\/\/api.w.org\/{rel}","templated":true}]}}