{"id":8049,"date":"2023-10-14T13:21:52","date_gmt":"2023-10-14T11:21:52","guid":{"rendered":"https:\/\/agora.xtec.cat\/esc-pericot\/?p=8049"},"modified":"2023-10-14T13:23:07","modified_gmt":"2023-10-14T11:23:07","slug":"excursio-a-la-capcalera-del-riu-onyar","status":"publish","type":"post","link":"https:\/\/agora.xtec.cat\/esc-pericot\/infantil\/excursio-a-la-capcalera-del-riu-onyar\/","title":{"rendered":"EXCURSI\u00d3 A LA CAP\u00c7ALERA DEL RIU ONYAR"},"content":{"rendered":"<p>El dimarts dia 10 d&#8217;octubre v\u00e0rem fer una excursi\u00f3 resseguint el riu Onyar des d&#8217;Estanyol. Ens van acompanyar la Maria, en Cesc i en Marc, guies de natura, que amb les seves explicacions, llegendes i jocs vam poder aprendre noms d&#8217;arbres, animals i curiositats de l&#8217;entorn del riu. Un espai educatiu de descoberta, diversi\u00f3 i sobretot d&#8217;aire lliure i connexi\u00f3 amb la natura.<\/p>\n<p>Us compartim unes quantes fotos que els vostres fills\/es us podran explicar.<\/p>\n<p><a href=\"https:\/\/drive.google.com\/drive\/folders\/1efDPaSZ1ThyWanhbnlH6Sc1TAP_vXtkN?usp=drive_link\"><img loading=\"lazy\" decoding=\"async\" class=\"alignnone size-large wp-image-8052\" src=\"https:\/\/agora.xtec.cat\/esc-pericot\/wp-content\/uploads\/usu807\/2023\/10\/foto-blog-1-1024x638.jpg\" alt=\"\" width=\"1024\" height=\"638\" srcset=\"https:\/\/agora.xtec.cat\/esc-pericot\/wp-content\/uploads\/usu807\/2023\/10\/foto-blog-1-1024x638.jpg 1024w, https:\/\/agora.xtec.cat\/esc-pericot\/wp-content\/uploads\/usu807\/2023\/10\/foto-blog-1-300x187.jpg 300w, https:\/\/agora.xtec.cat\/esc-pericot\/wp-content\/uploads\/usu807\/2023\/10\/foto-blog-1-768x479.jpg 768w, https:\/\/agora.xtec.cat\/esc-pericot\/wp-content\/uploads\/usu807\/2023\/10\/foto-blog-1.jpg 1479w\" sizes=\"auto, (max-width: 1024px) 100vw, 1024px\" \/><\/a><\/p>\n<p>&nbsp;<\/p>\n<p>&nbsp;<\/p>\n<p>&nbsp;<\/p>\n","protected":false},"excerpt":{"rendered":"<p>El dimarts dia 10 d&#8217;octubre v\u00e0rem fer una excursi\u00f3 resseguint el riu Onyar des d&#8217;Estanyol. Ens van acompanyar la Maria, en Cesc i en Marc, guies de natura&#8230;<\/p>\n","protected":false},"author":11,"featured_media":8050,"comment_status":"closed","ping_status":"closed","sticky":false,"template":"","format":"standard","meta":{"_bbp_topic_count":0,"_bbp_reply_count":0,"_bbp_total_topic_count":0,"_bbp_total_reply_count":0,"_bbp_voice_count":0,"_bbp_anonymous_reply_count":0,"_bbp_topic_count_hidden":0,"_bbp_reply_count_hidden":0,"_bbp_forum_subforum_count":0,"site-sidebar-layout":"default","site-content-layout":"","ast-site-content-layout":"","site-content-style":"default","site-sidebar-style":"default","ast-global-header-display":"","ast-banner-title-visibility":"","ast-main-header-display":"","ast-hfb-above-header-display":"","ast-hfb-below-header-display":"","ast-hfb-mobile-header-display":"","site-post-title":"","ast-breadcrumbs-content":"","ast-featured-img":"","footer-sml-layout":"","theme-transparent-header-meta":"","adv-header-id-meta":"","stick-header-meta":"","header-above-stick-meta":"","header-main-stick-meta":"","header-below-stick-meta":"","astra-migrate-meta-layouts":"default","ast-page-background-enabled":"default","ast-page-background-meta":{"desktop":{"background-color":"var(--ast-global-color-4)","background-image":"","background-repeat":"repeat","background-position":"center center","background-size":"auto","background-attachment":"scroll","background-type":"","background-media":"","overlay-type":"","overlay-color":"","overlay-opacity":"","overlay-gradient":""},"tablet":{"background-color":"","background-image":"","background-repeat":"repeat","background-position":"center center","background-size":"auto","background-attachment":"scroll","background-type":"","background-media":"","overlay-type":"","overlay-color":"","overlay-opacity":"","overlay-gradient":""},"mobile":{"background-color":"","background-image":"","background-repeat":"repeat","background-position":"center center","background-size":"auto","background-attachment":"scroll","background-type":"","background-media":"","overlay-type":"","overlay-color":"","overlay-opacity":"","overlay-gradient":""}},"ast-content-background-meta":{"desktop":{"background-color":"var(--ast-global-color-5)","background-image":"","background-repeat":"repeat","background-position":"center center","background-size":"auto","background-attachment":"scroll","background-type":"","background-media":"","overlay-type":"","overlay-color":"","overlay-opacity":"","overlay-gradient":""},"tablet":{"background-color":"var(--ast-global-color-5)","background-image":"","background-repeat":"repeat","background-position":"center center","background-size":"auto","background-attachment":"scroll","background-type":"","background-media":"","overlay-type":"","overlay-color":"","overlay-opacity":"","overlay-gradient":""},"mobile":{"background-color":"var(--ast-global-color-5)","background-image":"","background-repeat":"repeat","background-position":"center center","background-size":"auto","background-attachment":"scroll","background-type":"","background-media":"","overlay-type":"","overlay-color":"","overlay-opacity":"","overlay-gradient":""}},"footnotes":""},"categories":[3,2],"tags":[120,317,66,148,256,188,16],"class_list":["post-8049","post","type-post","status-publish","format-standard","has-post-thumbnail","hentry","category-21-29","category-infantil","tag-activitats","tag-aire-lliure","tag-educacio-infantil","tag-entorn","tag-excursio","tag-natura","tag-sortides"],"post_mailing_queue_ids":[],"_links":{"self":[{"href":"https:\/\/agora.xtec.cat\/esc-pericot\/wp-json\/wp\/v2\/posts\/8049","targetHints":{"allow":["GET"]}}],"collection":[{"href":"https:\/\/agora.xtec.cat\/esc-pericot\/wp-json\/wp\/v2\/posts"}],"about":[{"href":"https:\/\/agora.xtec.cat\/esc-pericot\/wp-json\/wp\/v2\/types\/post"}],"author":[{"embeddable":true,"href":"https:\/\/agora.xtec.cat\/esc-pericot\/wp-json\/wp\/v2\/users\/11"}],"replies":[{"embeddable":true,"href":"https:\/\/agora.xtec.cat\/esc-pericot\/wp-json\/wp\/v2\/comments?post=8049"}],"version-history":[{"count":6,"href":"https:\/\/agora.xtec.cat\/esc-pericot\/wp-json\/wp\/v2\/posts\/8049\/revisions"}],"predecessor-version":[{"id":8058,"href":"https:\/\/agora.xtec.cat\/esc-pericot\/wp-json\/wp\/v2\/posts\/8049\/revisions\/8058"}],"wp:featuredmedia":[{"embeddable":true,"href":"https:\/\/agora.xtec.cat\/esc-pericot\/wp-json\/wp\/v2\/media\/8050"}],"wp:attachment":[{"href":"https:\/\/agora.xtec.cat\/esc-pericot\/wp-json\/wp\/v2\/media?parent=8049"}],"wp:term":[{"taxonomy":"category","embeddable":true,"href":"https:\/\/agora.xtec.cat\/esc-pericot\/wp-json\/wp\/v2\/categories?post=8049"},{"taxonomy":"post_tag","embeddable":true,"href":"https:\/\/agora.xtec.cat\/esc-pericot\/wp-json\/wp\/v2\/tags?post=8049"}],"curies":[{"name":"wp","href":"https:\/\/api.w.org\/{rel}","templated":true}]}}