{"id":8009,"date":"2023-10-02T21:48:28","date_gmt":"2023-10-02T19:48:28","guid":{"rendered":"https:\/\/agora.xtec.cat\/esc-pericot\/?p=8009"},"modified":"2023-10-02T21:52:24","modified_gmt":"2023-10-02T19:52:24","slug":"els-nostres-primers-dies-a-lescola-2","status":"publish","type":"post","link":"https:\/\/agora.xtec.cat\/esc-pericot\/infantil\/els-nostres-primers-dies-a-lescola-2\/","title":{"rendered":"ELS NOSTRES PRIMERS DIES A L&#8217;ESCOLA"},"content":{"rendered":"<p>Aquest mes de setembre hem comen\u00e7at una nova etapa de la nostra primera inf\u00e0ncia a l&#8217;escola Pericot !<\/p>\n<p>Han estat dies de moltes novetats, noves coneixences, descobriments i tot aix\u00f2 i m\u00e9s, barrejat amb tot tipus d&#8217;emocions. Mica en mica ens anem adaptant als nous espais, a les rutines i h\u00e0bits del dia a dia, i encara que som els m\u00e9s petits de l&#8217;escola, ens anem fent grans a passos gegants !<\/p>\n<p>Us volem compartir algunes fotos d&#8217;aquestes primeres setmanes i de moments molt especials que hem viscut. Gr\u00e0cies per la confian\u00e7a, la paci\u00e8ncia i la col.laboraci\u00f3 en aquest per\u00edode d&#8217;adaptaci\u00f3.<\/p>\n<p><a href=\"https:\/\/drive.google.com\/drive\/folders\/1izmxl7vDuFAZw4Tqo04sB-pzRoymlJoY?usp=drive_link\"><img loading=\"lazy\" decoding=\"async\" class=\"wp-image-8021 aligncenter\" src=\"https:\/\/agora.xtec.cat\/esc-pericot\/wp-content\/uploads\/usu807\/2023\/10\/Screenshot_2023-10-02-21-23-43-235_com.google.android.gm2_-1024x769.jpg\" alt=\"\" width=\"290\" height=\"218\" srcset=\"https:\/\/agora.xtec.cat\/esc-pericot\/wp-content\/uploads\/usu807\/2023\/10\/Screenshot_2023-10-02-21-23-43-235_com.google.android.gm2_-1024x769.jpg 1024w, https:\/\/agora.xtec.cat\/esc-pericot\/wp-content\/uploads\/usu807\/2023\/10\/Screenshot_2023-10-02-21-23-43-235_com.google.android.gm2_-300x225.jpg 300w, https:\/\/agora.xtec.cat\/esc-pericot\/wp-content\/uploads\/usu807\/2023\/10\/Screenshot_2023-10-02-21-23-43-235_com.google.android.gm2_-768x577.jpg 768w, https:\/\/agora.xtec.cat\/esc-pericot\/wp-content\/uploads\/usu807\/2023\/10\/Screenshot_2023-10-02-21-23-43-235_com.google.android.gm2_-200x150.jpg 200w, https:\/\/agora.xtec.cat\/esc-pericot\/wp-content\/uploads\/usu807\/2023\/10\/Screenshot_2023-10-02-21-23-43-235_com.google.android.gm2_.jpg 1080w\" sizes=\"auto, (max-width: 290px) 100vw, 290px\" \/><\/a><\/p>\n<p><a href=\"https:\/\/drive.google.com\/drive\/folders\/1X-vxHSzUUZfVEyJKEX13pVaWK2dNAE83?usp=drive_link\"> <img loading=\"lazy\" decoding=\"async\" class=\"wp-image-8022 aligncenter\" src=\"https:\/\/agora.xtec.cat\/esc-pericot\/wp-content\/uploads\/usu807\/2023\/10\/Screenshot_2023-10-02-21-35-36-145_com.google.android.gm2_-798x1024.jpg\" alt=\"\" width=\"256\" height=\"329\" srcset=\"https:\/\/agora.xtec.cat\/esc-pericot\/wp-content\/uploads\/usu807\/2023\/10\/Screenshot_2023-10-02-21-35-36-145_com.google.android.gm2_-798x1024.jpg 798w, https:\/\/agora.xtec.cat\/esc-pericot\/wp-content\/uploads\/usu807\/2023\/10\/Screenshot_2023-10-02-21-35-36-145_com.google.android.gm2_-234x300.jpg 234w, https:\/\/agora.xtec.cat\/esc-pericot\/wp-content\/uploads\/usu807\/2023\/10\/Screenshot_2023-10-02-21-35-36-145_com.google.android.gm2_-768x986.jpg 768w, https:\/\/agora.xtec.cat\/esc-pericot\/wp-content\/uploads\/usu807\/2023\/10\/Screenshot_2023-10-02-21-35-36-145_com.google.android.gm2_.jpg 1080w\" sizes=\"auto, (max-width: 256px) 100vw, 256px\" \/><\/a><\/p>\n","protected":false},"excerpt":{"rendered":"<p>Aquest mes de setembre hem comen\u00e7at una nova etapa de la nostra primera inf\u00e0ncia a l&#8217;escola Pericot !<\/p>\n","protected":false},"author":11,"featured_media":8020,"comment_status":"open","ping_status":"closed","sticky":false,"template":"","format":"standard","meta":{"_bbp_topic_count":0,"_bbp_reply_count":0,"_bbp_total_topic_count":0,"_bbp_total_reply_count":0,"_bbp_voice_count":0,"_bbp_anonymous_reply_count":0,"_bbp_topic_count_hidden":0,"_bbp_reply_count_hidden":0,"_bbp_forum_subforum_count":0,"site-sidebar-layout":"default","site-content-layout":"","ast-site-content-layout":"","site-content-style":"default","site-sidebar-style":"default","ast-global-header-display":"","ast-banner-title-visibility":"","ast-main-header-display":"","ast-hfb-above-header-display":"","ast-hfb-below-header-display":"","ast-hfb-mobile-header-display":"","site-post-title":"","ast-breadcrumbs-content":"","ast-featured-img":"","footer-sml-layout":"","theme-transparent-header-meta":"","adv-header-id-meta":"","stick-header-meta":"","header-above-stick-meta":"","header-main-stick-meta":"","header-below-stick-meta":"","astra-migrate-meta-layouts":"default","ast-page-background-enabled":"default","ast-page-background-meta":{"desktop":{"background-color":"var(--ast-global-color-4)","background-image":"","background-repeat":"repeat","background-position":"center center","background-size":"auto","background-attachment":"scroll","background-type":"","background-media":"","overlay-type":"","overlay-color":"","overlay-opacity":"","overlay-gradient":""},"tablet":{"background-color":"","background-image":"","background-repeat":"repeat","background-position":"center center","background-size":"auto","background-attachment":"scroll","background-type":"","background-media":"","overlay-type":"","overlay-color":"","overlay-opacity":"","overlay-gradient":""},"mobile":{"background-color":"","background-image":"","background-repeat":"repeat","background-position":"center center","background-size":"auto","background-attachment":"scroll","background-type":"","background-media":"","overlay-type":"","overlay-color":"","overlay-opacity":"","overlay-gradient":""}},"ast-content-background-meta":{"desktop":{"background-color":"var(--ast-global-color-5)","background-image":"","background-repeat":"repeat","background-position":"center center","background-size":"auto","background-attachment":"scroll","background-type":"","background-media":"","overlay-type":"","overlay-color":"","overlay-opacity":"","overlay-gradient":""},"tablet":{"background-color":"var(--ast-global-color-5)","background-image":"","background-repeat":"repeat","background-position":"center center","background-size":"auto","background-attachment":"scroll","background-type":"","background-media":"","overlay-type":"","overlay-color":"","overlay-opacity":"","overlay-gradient":""},"mobile":{"background-color":"var(--ast-global-color-5)","background-image":"","background-repeat":"repeat","background-position":"center center","background-size":"auto","background-attachment":"scroll","background-type":"","background-media":"","overlay-type":"","overlay-color":"","overlay-opacity":"","overlay-gradient":""}},"footnotes":""},"categories":[310,2],"tags":[193,66,316,315],"class_list":["post-8009","post","type-post","status-publish","format-standard","has-post-thumbnail","hentry","category-23-31","category-infantil","tag-adaptacio","tag-educacio-infantil","tag-habits","tag-rutines"],"post_mailing_queue_ids":[],"_links":{"self":[{"href":"https:\/\/agora.xtec.cat\/esc-pericot\/wp-json\/wp\/v2\/posts\/8009","targetHints":{"allow":["GET"]}}],"collection":[{"href":"https:\/\/agora.xtec.cat\/esc-pericot\/wp-json\/wp\/v2\/posts"}],"about":[{"href":"https:\/\/agora.xtec.cat\/esc-pericot\/wp-json\/wp\/v2\/types\/post"}],"author":[{"embeddable":true,"href":"https:\/\/agora.xtec.cat\/esc-pericot\/wp-json\/wp\/v2\/users\/11"}],"replies":[{"embeddable":true,"href":"https:\/\/agora.xtec.cat\/esc-pericot\/wp-json\/wp\/v2\/comments?post=8009"}],"version-history":[{"count":2,"href":"https:\/\/agora.xtec.cat\/esc-pericot\/wp-json\/wp\/v2\/posts\/8009\/revisions"}],"predecessor-version":[{"id":8024,"href":"https:\/\/agora.xtec.cat\/esc-pericot\/wp-json\/wp\/v2\/posts\/8009\/revisions\/8024"}],"wp:featuredmedia":[{"embeddable":true,"href":"https:\/\/agora.xtec.cat\/esc-pericot\/wp-json\/wp\/v2\/media\/8020"}],"wp:attachment":[{"href":"https:\/\/agora.xtec.cat\/esc-pericot\/wp-json\/wp\/v2\/media?parent=8009"}],"wp:term":[{"taxonomy":"category","embeddable":true,"href":"https:\/\/agora.xtec.cat\/esc-pericot\/wp-json\/wp\/v2\/categories?post=8009"},{"taxonomy":"post_tag","embeddable":true,"href":"https:\/\/agora.xtec.cat\/esc-pericot\/wp-json\/wp\/v2\/tags?post=8009"}],"curies":[{"name":"wp","href":"https:\/\/api.w.org\/{rel}","templated":true}]}}