{"id":7750,"date":"2023-06-30T09:44:00","date_gmt":"2023-06-30T07:44:00","guid":{"rendered":"https:\/\/agora.xtec.cat\/esc-pericot\/?p=7750"},"modified":"2023-06-30T09:44:09","modified_gmt":"2023-06-30T07:44:09","slug":"text-per-revisar","status":"publish","type":"post","link":"https:\/\/agora.xtec.cat\/esc-pericot\/esborranys\/text-per-revisar\/","title":{"rendered":"text per revisar  calendari"},"content":{"rendered":"<p>&nbsp;<\/p>\n<h4><span style=\"color: #339966;\"><strong>Inici de curs<\/strong><\/span><\/h4>\n<p><strong>5<\/strong> de setembre<\/p>\n<h4><span style=\"color: #339966;\"><strong>Vacances<\/strong><\/span><\/h4>\n<p>Del <strong>22<\/strong> de desembre de 2022 al <strong>8<\/strong> de gener de 2023\u00a0 (ambd\u00f3s inclosos)<br \/>\nDe l&#8217;<strong>1 <\/strong>d&#8217;abril al <strong>10 <\/strong>d&#8217;abril de 2023 (ambd\u00f3s inclosos)<br \/>\nA partir del <strong>23<\/strong> de juny de 2023\u00a0 (incl\u00f2s)<\/p>\n<h4><span style=\"color: #339966;\"><strong>Dies festius i de lliure disposici\u00f3<\/strong><\/span><\/h4>\n<p><strong>28<\/strong> d&#8217;octubre de 2022 (festa local a Girona ciutat)<br \/>\n<strong>31<\/strong> d&#8217;octubre (de lliure disposici\u00f3)<br \/>\n<strong>12<\/strong> d&#8217;octubre (festiu)<br \/>\n<strong>1<\/strong> de novembre (festiu)<br \/>\n<strong>5<\/strong> de desembre (de lliure disposici\u00f3)<br \/>\n<strong>6<\/strong> i <strong>8<\/strong> de desembre (festiu)<br \/>\n<strong>17<\/strong> de febrer (de lliure disposici\u00f3)<br \/>\n<strong>20<\/strong>\u00a0de febrer (de lliure disposici\u00f3)<br \/>\n<strong>1<\/strong> de maig 2022 (festiu)<br \/>\n<strong>2<\/strong> de maig (de lliure disposici\u00f3)<\/p>\n<p><span style=\"color: #339966;\"><strong>Jornada continuada<\/strong><\/span><\/p>\n<p><strong>5 al 30<\/strong> de setembre de 2022<br \/>\n<strong>21<\/strong> de desembre de 2022<br \/>\nDel <strong>5 al 22<\/strong> de juny de 2023 (ambd\u00f3s inclosos)<\/p>\n<h4><span style=\"color: #339966;\"><strong>Horari lectiu<\/strong><\/span><\/h4>\n<p>L\u2019<b>horari lectiu<\/b> del centre \u00e9s de 9 a 12:30 h i de 15:00 a 16:30 h per a tots els alumnes del centre. Del dia <strong>5 al 30<\/strong> de setembre de 2022 , el dia <strong>21<\/strong> de desembre de 2022 i del <strong>5 al 21<\/strong>\u00a0de juny de 2023 es realitza horari compactat de 9 a 13h. (Els alumnes que utilitzen el servei de menjador surten a les 15:30h.)<\/p>\n<p>Per als alumnes que inicien l\u2019escolaritzaci\u00f3 a I3 s\u2019organitza un breu per\u00edode d\u2019adaptaci\u00f3 que suposa una certa modificaci\u00f3 dels horaris i que es fa saber a les fam\u00edlies en les reunions pr\u00e8vies corresponents.<\/p>\n<div class=\"row\" style=\"margin-bottom: 1em !important;\"><\/div>\n","protected":false},"excerpt":{"rendered":"<p>&nbsp; Inici de curs 5 de setembre Vacances Del 22 de desembre de 2022 al 8 de gener de 2023\u00a0 (ambd\u00f3s inclosos) De l&#8217;1 d&#8217;abril al 10 d&#8217;abril de 2023 (ambd\u00f3s inclosos) A partir del 23 de juny de 2023\u00a0 (incl\u00f2s) Dies festius i de lliure disposici\u00f3 28 d&#8217;octubre de 2022 (festa local a Girona [&hellip;]<\/p>\n","protected":false},"author":1,"featured_media":0,"comment_status":"open","ping_status":"closed","sticky":false,"template":"","format":"standard","meta":{"_bbp_topic_count":0,"_bbp_reply_count":0,"_bbp_total_topic_count":0,"_bbp_total_reply_count":0,"_bbp_voice_count":0,"_bbp_anonymous_reply_count":0,"_bbp_topic_count_hidden":0,"_bbp_reply_count_hidden":0,"_bbp_forum_subforum_count":0,"site-sidebar-layout":"default","site-content-layout":"","ast-site-content-layout":"","site-content-style":"default","site-sidebar-style":"default","ast-global-header-display":"","ast-banner-title-visibility":"","ast-main-header-display":"","ast-hfb-above-header-display":"","ast-hfb-below-header-display":"","ast-hfb-mobile-header-display":"","site-post-title":"","ast-breadcrumbs-content":"","ast-featured-img":"","footer-sml-layout":"","theme-transparent-header-meta":"","adv-header-id-meta":"","stick-header-meta":"","header-above-stick-meta":"","header-main-stick-meta":"","header-below-stick-meta":"","astra-migrate-meta-layouts":"default","ast-page-background-enabled":"default","ast-page-background-meta":{"desktop":{"background-color":"var(--ast-global-color-4)","background-image":"","background-repeat":"repeat","background-position":"center center","background-size":"auto","background-attachment":"scroll","background-type":"","background-media":"","overlay-type":"","overlay-color":"","overlay-opacity":"","overlay-gradient":""},"tablet":{"background-color":"","background-image":"","background-repeat":"repeat","background-position":"center center","background-size":"auto","background-attachment":"scroll","background-type":"","background-media":"","overlay-type":"","overlay-color":"","overlay-opacity":"","overlay-gradient":""},"mobile":{"background-color":"","background-image":"","background-repeat":"repeat","background-position":"center center","background-size":"auto","background-attachment":"scroll","background-type":"","background-media":"","overlay-type":"","overlay-color":"","overlay-opacity":"","overlay-gradient":""}},"ast-content-background-meta":{"desktop":{"background-color":"var(--ast-global-color-5)","background-image":"","background-repeat":"repeat","background-position":"center center","background-size":"auto","background-attachment":"scroll","background-type":"","background-media":"","overlay-type":"","overlay-color":"","overlay-opacity":"","overlay-gradient":""},"tablet":{"background-color":"var(--ast-global-color-5)","background-image":"","background-repeat":"repeat","background-position":"center center","background-size":"auto","background-attachment":"scroll","background-type":"","background-media":"","overlay-type":"","overlay-color":"","overlay-opacity":"","overlay-gradient":""},"mobile":{"background-color":"var(--ast-global-color-5)","background-image":"","background-repeat":"repeat","background-position":"center center","background-size":"auto","background-attachment":"scroll","background-type":"","background-media":"","overlay-type":"","overlay-color":"","overlay-opacity":"","overlay-gradient":""}},"footnotes":""},"categories":[226],"tags":[],"class_list":["post-7750","post","type-post","status-publish","format-standard","hentry","category-esborranys"],"post_mailing_queue_ids":[],"_links":{"self":[{"href":"https:\/\/agora.xtec.cat\/esc-pericot\/wp-json\/wp\/v2\/posts\/7750","targetHints":{"allow":["GET"]}}],"collection":[{"href":"https:\/\/agora.xtec.cat\/esc-pericot\/wp-json\/wp\/v2\/posts"}],"about":[{"href":"https:\/\/agora.xtec.cat\/esc-pericot\/wp-json\/wp\/v2\/types\/post"}],"author":[{"embeddable":true,"href":"https:\/\/agora.xtec.cat\/esc-pericot\/wp-json\/wp\/v2\/users\/1"}],"replies":[{"embeddable":true,"href":"https:\/\/agora.xtec.cat\/esc-pericot\/wp-json\/wp\/v2\/comments?post=7750"}],"version-history":[{"count":2,"href":"https:\/\/agora.xtec.cat\/esc-pericot\/wp-json\/wp\/v2\/posts\/7750\/revisions"}],"predecessor-version":[{"id":7752,"href":"https:\/\/agora.xtec.cat\/esc-pericot\/wp-json\/wp\/v2\/posts\/7750\/revisions\/7752"}],"wp:attachment":[{"href":"https:\/\/agora.xtec.cat\/esc-pericot\/wp-json\/wp\/v2\/media?parent=7750"}],"wp:term":[{"taxonomy":"category","embeddable":true,"href":"https:\/\/agora.xtec.cat\/esc-pericot\/wp-json\/wp\/v2\/categories?post=7750"},{"taxonomy":"post_tag","embeddable":true,"href":"https:\/\/agora.xtec.cat\/esc-pericot\/wp-json\/wp\/v2\/tags?post=7750"}],"curies":[{"name":"wp","href":"https:\/\/api.w.org\/{rel}","templated":true}]}}