{"id":7620,"date":"2023-05-20T15:37:16","date_gmt":"2023-05-20T13:37:16","guid":{"rendered":"https:\/\/agora.xtec.cat\/esc-pericot\/?p=7620"},"modified":"2023-05-25T22:32:53","modified_gmt":"2023-05-25T20:32:53","slug":"moments-i-activitats-i5","status":"publish","type":"post","link":"https:\/\/agora.xtec.cat\/esc-pericot\/primaria\/20-28\/moments-i-activitats-i5\/","title":{"rendered":"MOMENTS I ACTIVITATS I5"},"content":{"rendered":"<p>El curs est\u00e0 passant volant i els infants d&#8217;I5 no parem i aprofitem moments, instants, per continuar observant, descobrint, experimentant i com a conseq\u00fc\u00e8ncia de tot aix\u00f2: continuar aprenent. Aqu\u00ed teniu un recull de fotos de diferents activitats que hem fet. Hi trobareu entre d&#8217;altres activitats, les del nou projecte: <strong>Quines plantes arom\u00e0tiques hi ha a l&#8217;hort de l&#8217;escola ?<\/strong><\/p>\n<p>Tamb\u00e9 vam participar al tradicional<strong> Festival de Primavera<\/strong>, i com vau poder veure, les nenes i nens d&#8217;I5 van convertir-se, per uns moments, en mariners i animalons marins. Pops, estrelles, peixos pallasso i taurons van cantar per vosaltres i us volem agrair que ens vingu\u00e9ssiu a veure !<\/p>\n<p style=\"text-align: center\">\n<p style=\"text-align: center\"><a href=\"https:\/\/drive.google.com\/drive\/folders\/19Ux_RgijeOfOJhTa0qmYExwlkbxeA6Xr?usp=share_link\"><img loading=\"lazy\" decoding=\"async\" class=\"alignnone wp-image-7621\" src=\"https:\/\/agora.xtec.cat\/esc-pericot\/wp-content\/uploads\/usu807\/2023\/05\/Screenshot_2023-05-11-19-45-22-113_com.google.android.apps_.docs2_.jpg\" alt=\"\" width=\"277\" height=\"247\" srcset=\"https:\/\/agora.xtec.cat\/esc-pericot\/wp-content\/uploads\/usu807\/2023\/05\/Screenshot_2023-05-11-19-45-22-113_com.google.android.apps_.docs2_.jpg 935w, https:\/\/agora.xtec.cat\/esc-pericot\/wp-content\/uploads\/usu807\/2023\/05\/Screenshot_2023-05-11-19-45-22-113_com.google.android.apps_.docs2_-300x268.jpg 300w, https:\/\/agora.xtec.cat\/esc-pericot\/wp-content\/uploads\/usu807\/2023\/05\/Screenshot_2023-05-11-19-45-22-113_com.google.android.apps_.docs2_-768x685.jpg 768w\" sizes=\"auto, (max-width: 277px) 100vw, 277px\" \/><\/a><\/p>\n<p style=\"text-align: center\"><a href=\"https:\/\/drive.google.com\/drive\/folders\/1BZbQp9nkRJfyKqZXKFgiBUTYUse4oBRU?usp=share_link\"><img loading=\"lazy\" decoding=\"async\" class=\"wp-image-7622 aligncenter\" style=\"text-align: start\" src=\"https:\/\/agora.xtec.cat\/esc-pericot\/wp-content\/uploads\/usu807\/2023\/05\/Screenshot_2023-05-11-19-41-42-555_com.google.android.apps_.docs2_.jpg\" alt=\"\" width=\"281\" height=\"221\" srcset=\"https:\/\/agora.xtec.cat\/esc-pericot\/wp-content\/uploads\/usu807\/2023\/05\/Screenshot_2023-05-11-19-41-42-555_com.google.android.apps_.docs2_.jpg 990w, https:\/\/agora.xtec.cat\/esc-pericot\/wp-content\/uploads\/usu807\/2023\/05\/Screenshot_2023-05-11-19-41-42-555_com.google.android.apps_.docs2_-300x236.jpg 300w, https:\/\/agora.xtec.cat\/esc-pericot\/wp-content\/uploads\/usu807\/2023\/05\/Screenshot_2023-05-11-19-41-42-555_com.google.android.apps_.docs2_-768x604.jpg 768w\" sizes=\"auto, (max-width: 281px) 100vw, 281px\" \/><\/a><\/p>\n<p>&nbsp;<\/p>\n<p style=\"text-align: center\">Volem compartir tamb\u00e9 les fotos de les diferents activitats que vam fer per celebrar la<strong> Diada de Sant Jordi i santa Jordina.\u00a0<\/strong>Tot l&#8217;equip de mestres d&#8217;Infantil va explicar contes interaula pels infants dels diferents cursos d&#8217;Infantil, i va dinamitzar tamb\u00e9 uns tallers interaula relacionats amb la diada. A m\u00e9s a m\u00e9s, la Laura (TEI) i les practicants van fer una adaptaci\u00f3 teatral de la llegenda, i vam poder gaudir dels seus personatges i fins i tot ballar una miqueta al final !<\/p>\n<p style=\"text-align: center\"><a href=\"https:\/\/drive.google.com\/drive\/folders\/1LDhzcKc72MPS4cIyt_HtPTE80gRwEcx-?usp=share_link\"><img loading=\"lazy\" decoding=\"async\" class=\"alignnone wp-image-7593\" src=\"https:\/\/agora.xtec.cat\/esc-pericot\/wp-content\/uploads\/usu807\/2023\/05\/Turu.jpg\" alt=\"\" width=\"401\" height=\"283\" srcset=\"https:\/\/agora.xtec.cat\/esc-pericot\/wp-content\/uploads\/usu807\/2023\/05\/Turu.jpg 540w, https:\/\/agora.xtec.cat\/esc-pericot\/wp-content\/uploads\/usu807\/2023\/05\/Turu-300x212.jpg 300w\" sizes=\"auto, (max-width: 401px) 100vw, 401px\" \/><\/a><\/p>\n","protected":false},"excerpt":{"rendered":"<p>El curs est\u00e0 passant volant i els infants d&#8217;I5 no parem i aprofitem moments, instants, per continuar observant, descobrint, experimentant i com a conseq\u00fc\u00e8ncia de tot aix\u00f2: continuar aprenent.<\/p>\n","protected":false},"author":11,"featured_media":7624,"comment_status":"open","ping_status":"closed","sticky":false,"template":"","format":"standard","meta":{"_bbp_topic_count":0,"_bbp_reply_count":0,"_bbp_total_topic_count":0,"_bbp_total_reply_count":0,"_bbp_voice_count":0,"_bbp_anonymous_reply_count":0,"_bbp_topic_count_hidden":0,"_bbp_reply_count_hidden":0,"_bbp_forum_subforum_count":0,"site-sidebar-layout":"default","site-content-layout":"","ast-site-content-layout":"","site-content-style":"default","site-sidebar-style":"default","ast-global-header-display":"","ast-banner-title-visibility":"","ast-main-header-display":"","ast-hfb-above-header-display":"","ast-hfb-below-header-display":"","ast-hfb-mobile-header-display":"","site-post-title":"","ast-breadcrumbs-content":"","ast-featured-img":"","footer-sml-layout":"","theme-transparent-header-meta":"","adv-header-id-meta":"","stick-header-meta":"","header-above-stick-meta":"","header-main-stick-meta":"","header-below-stick-meta":"","astra-migrate-meta-layouts":"default","ast-page-background-enabled":"default","ast-page-background-meta":{"desktop":{"background-color":"var(--ast-global-color-4)","background-image":"","background-repeat":"repeat","background-position":"center center","background-size":"auto","background-attachment":"scroll","background-type":"","background-media":"","overlay-type":"","overlay-color":"","overlay-opacity":"","overlay-gradient":""},"tablet":{"background-color":"","background-image":"","background-repeat":"repeat","background-position":"center center","background-size":"auto","background-attachment":"scroll","background-type":"","background-media":"","overlay-type":"","overlay-color":"","overlay-opacity":"","overlay-gradient":""},"mobile":{"background-color":"","background-image":"","background-repeat":"repeat","background-position":"center center","background-size":"auto","background-attachment":"scroll","background-type":"","background-media":"","overlay-type":"","overlay-color":"","overlay-opacity":"","overlay-gradient":""}},"ast-content-background-meta":{"desktop":{"background-color":"var(--ast-global-color-5)","background-image":"","background-repeat":"repeat","background-position":"center center","background-size":"auto","background-attachment":"scroll","background-type":"","background-media":"","overlay-type":"","overlay-color":"","overlay-opacity":"","overlay-gradient":""},"tablet":{"background-color":"var(--ast-global-color-5)","background-image":"","background-repeat":"repeat","background-position":"center center","background-size":"auto","background-attachment":"scroll","background-type":"","background-media":"","overlay-type":"","overlay-color":"","overlay-opacity":"","overlay-gradient":""},"mobile":{"background-color":"var(--ast-global-color-5)","background-image":"","background-repeat":"repeat","background-position":"center center","background-size":"auto","background-attachment":"scroll","background-type":"","background-media":"","overlay-type":"","overlay-color":"","overlay-opacity":"","overlay-gradient":""}},"footnotes":""},"categories":[8],"tags":[302,301,239,300,230],"class_list":["post-7620","post","type-post","status-publish","format-standard","has-post-thumbnail","hentry","category-20-28","tag-diada","tag-plantes-aromatiques","tag-primavera","tag-projecte","tag-treball-globalitzat"],"post_mailing_queue_ids":[],"_links":{"self":[{"href":"https:\/\/agora.xtec.cat\/esc-pericot\/wp-json\/wp\/v2\/posts\/7620","targetHints":{"allow":["GET"]}}],"collection":[{"href":"https:\/\/agora.xtec.cat\/esc-pericot\/wp-json\/wp\/v2\/posts"}],"about":[{"href":"https:\/\/agora.xtec.cat\/esc-pericot\/wp-json\/wp\/v2\/types\/post"}],"author":[{"embeddable":true,"href":"https:\/\/agora.xtec.cat\/esc-pericot\/wp-json\/wp\/v2\/users\/11"}],"replies":[{"embeddable":true,"href":"https:\/\/agora.xtec.cat\/esc-pericot\/wp-json\/wp\/v2\/comments?post=7620"}],"version-history":[{"count":3,"href":"https:\/\/agora.xtec.cat\/esc-pericot\/wp-json\/wp\/v2\/posts\/7620\/revisions"}],"predecessor-version":[{"id":7647,"href":"https:\/\/agora.xtec.cat\/esc-pericot\/wp-json\/wp\/v2\/posts\/7620\/revisions\/7647"}],"wp:featuredmedia":[{"embeddable":true,"href":"https:\/\/agora.xtec.cat\/esc-pericot\/wp-json\/wp\/v2\/media\/7624"}],"wp:attachment":[{"href":"https:\/\/agora.xtec.cat\/esc-pericot\/wp-json\/wp\/v2\/media?parent=7620"}],"wp:term":[{"taxonomy":"category","embeddable":true,"href":"https:\/\/agora.xtec.cat\/esc-pericot\/wp-json\/wp\/v2\/categories?post=7620"},{"taxonomy":"post_tag","embeddable":true,"href":"https:\/\/agora.xtec.cat\/esc-pericot\/wp-json\/wp\/v2\/tags?post=7620"}],"curies":[{"name":"wp","href":"https:\/\/api.w.org\/{rel}","templated":true}]}}