{"id":7614,"date":"2023-05-18T13:42:31","date_gmt":"2023-05-18T11:42:31","guid":{"rendered":"https:\/\/agora.xtec.cat\/esc-pericot\/?p=7614"},"modified":"2023-06-18T00:10:57","modified_gmt":"2023-06-17T22:10:57","slug":"dona-sang-dona-vida","status":"publish","type":"post","link":"https:\/\/agora.xtec.cat\/esc-pericot\/primaria\/14-22\/dona-sang-dona-vida\/","title":{"rendered":"Dona sang, dona vida!"},"content":{"rendered":"<p>Els alumnes de sis\u00e8 i infantil 3 han organitzat una campanya de donaci\u00f3 de sang&#8230; Una alumna us explica com ha estat aquest proc\u00e9s!<\/p>\n<div>\n<p>El 18 de maig posava fi el projecte d&#8217;organitzar una campanya de donaci\u00f3 de sang. Ara b\u00e9, tot va comen\u00e7ar un dia de febrer amb una xerrada d&#8217;una noia que treballava en el Bang de Sang i Teixits. Vam saber com organitzar una campanya, curiositats sobre la sang (se separa en bosses la sang que s&#8217;extreu, per exemple) i ens van explicar les normes: qui pot donar, quines s\u00f3n les condicions&#8230;<\/p>\n<p>M\u00e9s tard, els alumnes van fer una carta que es va enviar per Tokapp a les fam\u00edlies (roda de llengua), uns cartells (des de l&#8217;\u00e0rea de visual i pl\u00e0stica) que es van enganxar en el barri i uns obsequis pels donants que es van fer amb els m\u00e9s petits de l\u2019escola, amb I3. Tamb\u00e9, vam preparar una enquesta des de l&#8217;\u00e0rea de matem\u00e0tiques (aqu\u00ed la podeu veure <a href=\"https:\/\/docs.google.com\/forms\/d\/e\/1FAIpQLSc8MiBygyPPUN88hSiNDTfK0q8rx3CXYW01AI3MLyZ_7AvmEw\/viewform?usp=sf_link\">Enquesta donaci\u00f3 de sang<\/a>).<\/p>\n<p>El 18 de maig, dia de la donaci\u00f3 de sang, els alumnes van fer grups per atendre als donants (oferir els refrigeris, passar l&#8217;enquesta i regalar un punt de llibre). Al final els alumnes van rebre 46 donants i 9 oferiments (s\u00f3n persones que per qualsevol motiu no poden donar sang).<\/p>\n<p>Ens va agradar molt l&#8217;experi\u00e8ncia perqu\u00e8 van ajudar a molta gent que necessita sang.<\/p>\n<p><em>Text creat per la N. K.<\/em><\/p>\n<\/div>\n<p>Moltes gr\u00e0cies per la col\u00b7laboraci\u00f3!<\/p>\n<table style=\"border-collapse: collapse;width: 100%\">\n<tbody>\n<tr>\n<td style=\"width: 50%\"><img loading=\"lazy\" decoding=\"async\" class=\"aligncenter size-medium wp-image-7662\" src=\"https:\/\/agora.xtec.cat\/esc-pericot\/wp-content\/uploads\/usu807\/2023\/05\/a98237ef-a63b-46ac-8662-16eaf680db13-225x300.jpg\" alt=\"\" width=\"225\" height=\"300\" srcset=\"https:\/\/agora.xtec.cat\/esc-pericot\/wp-content\/uploads\/usu807\/2023\/05\/a98237ef-a63b-46ac-8662-16eaf680db13-225x300.jpg 225w, https:\/\/agora.xtec.cat\/esc-pericot\/wp-content\/uploads\/usu807\/2023\/05\/a98237ef-a63b-46ac-8662-16eaf680db13-769x1024.jpg 769w, https:\/\/agora.xtec.cat\/esc-pericot\/wp-content\/uploads\/usu807\/2023\/05\/a98237ef-a63b-46ac-8662-16eaf680db13-768x1023.jpg 768w, https:\/\/agora.xtec.cat\/esc-pericot\/wp-content\/uploads\/usu807\/2023\/05\/a98237ef-a63b-46ac-8662-16eaf680db13-1153x1536.jpg 1153w, https:\/\/agora.xtec.cat\/esc-pericot\/wp-content\/uploads\/usu807\/2023\/05\/a98237ef-a63b-46ac-8662-16eaf680db13.jpg 1537w\" sizes=\"auto, (max-width: 225px) 100vw, 225px\" \/><\/td>\n<td style=\"width: 50%\"><img loading=\"lazy\" decoding=\"async\" class=\"aligncenter size-medium wp-image-7615\" src=\"https:\/\/agora.xtec.cat\/esc-pericot\/wp-content\/uploads\/usu807\/2023\/05\/Untitled-1-p1-1-212x300.jpg\" alt=\"\" width=\"212\" height=\"300\" srcset=\"https:\/\/agora.xtec.cat\/esc-pericot\/wp-content\/uploads\/usu807\/2023\/05\/Untitled-1-p1-1-212x300.jpg 212w, https:\/\/agora.xtec.cat\/esc-pericot\/wp-content\/uploads\/usu807\/2023\/05\/Untitled-1-p1-1-723x1024.jpg 723w, https:\/\/agora.xtec.cat\/esc-pericot\/wp-content\/uploads\/usu807\/2023\/05\/Untitled-1-p1-1-768x1088.jpg 768w, https:\/\/agora.xtec.cat\/esc-pericot\/wp-content\/uploads\/usu807\/2023\/05\/Untitled-1-p1-1-1084x1536.jpg 1084w, https:\/\/agora.xtec.cat\/esc-pericot\/wp-content\/uploads\/usu807\/2023\/05\/Untitled-1-p1-1-1446x2048.jpg 1446w, https:\/\/agora.xtec.cat\/esc-pericot\/wp-content\/uploads\/usu807\/2023\/05\/Untitled-1-p1-1-scaled.jpg 1807w\" sizes=\"auto, (max-width: 212px) 100vw, 212px\" \/><\/td>\n<\/tr>\n<\/tbody>\n<\/table>\n","protected":false},"excerpt":{"rendered":"<p>Els alumnes de sis\u00e8 i infantil 3 han organitzat una campanya de donaci\u00f3 de sang&#8230; M\u00e9s endavant us explicarem amb m\u00e9s detall com ha estat organitzar-ho. Ara, per\u00f2, els nens i nenes tenen l&#8217;objectiu de recollir dades sobre la jornada i, per aix\u00f2, han elaborat una enquesta.\u00a0<\/p>\n","protected":false},"author":9,"featured_media":7661,"comment_status":"open","ping_status":"closed","sticky":false,"template":"","format":"standard","meta":{"_bbp_topic_count":0,"_bbp_reply_count":0,"_bbp_total_topic_count":0,"_bbp_total_reply_count":0,"_bbp_voice_count":0,"_bbp_anonymous_reply_count":0,"_bbp_topic_count_hidden":0,"_bbp_reply_count_hidden":0,"_bbp_forum_subforum_count":0,"site-sidebar-layout":"default","site-content-layout":"","ast-site-content-layout":"","site-content-style":"default","site-sidebar-style":"default","ast-global-header-display":"","ast-banner-title-visibility":"","ast-main-header-display":"","ast-hfb-above-header-display":"","ast-hfb-below-header-display":"","ast-hfb-mobile-header-display":"","site-post-title":"","ast-breadcrumbs-content":"","ast-featured-img":"","footer-sml-layout":"","theme-transparent-header-meta":"","adv-header-id-meta":"","stick-header-meta":"","header-above-stick-meta":"","header-main-stick-meta":"","header-below-stick-meta":"","astra-migrate-meta-layouts":"default","ast-page-background-enabled":"default","ast-page-background-meta":{"desktop":{"background-color":"var(--ast-global-color-4)","background-image":"","background-repeat":"repeat","background-position":"center center","background-size":"auto","background-attachment":"scroll","background-type":"","background-media":"","overlay-type":"","overlay-color":"","overlay-opacity":"","overlay-gradient":""},"tablet":{"background-color":"","background-image":"","background-repeat":"repeat","background-position":"center center","background-size":"auto","background-attachment":"scroll","background-type":"","background-media":"","overlay-type":"","overlay-color":"","overlay-opacity":"","overlay-gradient":""},"mobile":{"background-color":"","background-image":"","background-repeat":"repeat","background-position":"center center","background-size":"auto","background-attachment":"scroll","background-type":"","background-media":"","overlay-type":"","overlay-color":"","overlay-opacity":"","overlay-gradient":""}},"ast-content-background-meta":{"desktop":{"background-color":"var(--ast-global-color-5)","background-image":"","background-repeat":"repeat","background-position":"center center","background-size":"auto","background-attachment":"scroll","background-type":"","background-media":"","overlay-type":"","overlay-color":"","overlay-opacity":"","overlay-gradient":""},"tablet":{"background-color":"var(--ast-global-color-5)","background-image":"","background-repeat":"repeat","background-position":"center center","background-size":"auto","background-attachment":"scroll","background-type":"","background-media":"","overlay-type":"","overlay-color":"","overlay-opacity":"","overlay-gradient":""},"mobile":{"background-color":"var(--ast-global-color-5)","background-image":"","background-repeat":"repeat","background-position":"center center","background-size":"auto","background-attachment":"scroll","background-type":"","background-media":"","overlay-type":"","overlay-color":"","overlay-opacity":"","overlay-gradient":""}},"footnotes":""},"categories":[14],"tags":[299,29,214],"class_list":["post-7614","post","type-post","status-publish","format-standard","has-post-thumbnail","hentry","category-14-22","tag-donacio-de-sang","tag-projectes","tag-sise"],"post_mailing_queue_ids":[],"_links":{"self":[{"href":"https:\/\/agora.xtec.cat\/esc-pericot\/wp-json\/wp\/v2\/posts\/7614","targetHints":{"allow":["GET"]}}],"collection":[{"href":"https:\/\/agora.xtec.cat\/esc-pericot\/wp-json\/wp\/v2\/posts"}],"about":[{"href":"https:\/\/agora.xtec.cat\/esc-pericot\/wp-json\/wp\/v2\/types\/post"}],"author":[{"embeddable":true,"href":"https:\/\/agora.xtec.cat\/esc-pericot\/wp-json\/wp\/v2\/users\/9"}],"replies":[{"embeddable":true,"href":"https:\/\/agora.xtec.cat\/esc-pericot\/wp-json\/wp\/v2\/comments?post=7614"}],"version-history":[{"count":3,"href":"https:\/\/agora.xtec.cat\/esc-pericot\/wp-json\/wp\/v2\/posts\/7614\/revisions"}],"predecessor-version":[{"id":7663,"href":"https:\/\/agora.xtec.cat\/esc-pericot\/wp-json\/wp\/v2\/posts\/7614\/revisions\/7663"}],"wp:featuredmedia":[{"embeddable":true,"href":"https:\/\/agora.xtec.cat\/esc-pericot\/wp-json\/wp\/v2\/media\/7661"}],"wp:attachment":[{"href":"https:\/\/agora.xtec.cat\/esc-pericot\/wp-json\/wp\/v2\/media?parent=7614"}],"wp:term":[{"taxonomy":"category","embeddable":true,"href":"https:\/\/agora.xtec.cat\/esc-pericot\/wp-json\/wp\/v2\/categories?post=7614"},{"taxonomy":"post_tag","embeddable":true,"href":"https:\/\/agora.xtec.cat\/esc-pericot\/wp-json\/wp\/v2\/tags?post=7614"}],"curies":[{"name":"wp","href":"https:\/\/api.w.org\/{rel}","templated":true}]}}