{"id":7535,"date":"2023-04-27T13:30:04","date_gmt":"2023-04-27T11:30:04","guid":{"rendered":"https:\/\/agora.xtec.cat\/esc-pericot\/?p=7535"},"modified":"2023-04-27T16:24:13","modified_gmt":"2023-04-27T14:24:13","slug":"installacions-artistiques-a-les-aules-obertes-dinfantil","status":"publish","type":"post","link":"https:\/\/agora.xtec.cat\/esc-pericot\/infantil\/installacions-artistiques-a-les-aules-obertes-dinfantil\/","title":{"rendered":"Instal\u00b7lacions art\u00edstiques a les aules obertes d&#8217;Infantil"},"content":{"rendered":"<p style=\"font-weight: 400;\">Durant aquest curs des de pl\u00e0stica infantil hem comen\u00e7at a treballar les instal\u00b7lacions art\u00edstiques durant les tardes de aules obertes.<\/p>\n<p style=\"font-weight: 400;\">Les instal\u00b7lacions art\u00edstiques sorgeixen com a expressi\u00f3 art\u00edstica en els anys seixanta del segle passat en les derives dels happenings d\u2019Allan Kaprow. La instal\u00b7laci\u00f3 irromp en un espai per a constituir-se en una obra d&#8217;art on interv\u00e9 s\u00f2l, parets, llums i altres objectes de qualsevol mat\u00e8ria i forma que s&#8217;incorporin, podent ser fins i tot immaterials o mixtos. Les quals destaquen per la nova concepci\u00f3 que s\u2019atorga a l\u2019objecte i a la relaci\u00f3 d\u2019aquest en un espai i temps determinat.<\/p>\n<p style=\"font-weight: 400;\">Nosaltres, les instal\u00b7lacions en el context educatiu les presentem com a espais de simbolitzaci\u00f3 i joc, que posen l&#8217;\u00e8mfasi en l&#8217;experi\u00e8ncia art\u00edstica com a vehicle de trobada i participaci\u00f3. Les instal\u00b7lacions es converteixen en espais on els nens\/es puguin explorar, participar, compartir amb uns altres, fer, desfer o descobrir. La seva metodologia pret\u00e9n modificar concepcions i actituds, millorant o transformant, els processos d\u2019ensenyament-aprenentatge. Els alumnes poden expressar-se en un espai de llibertat i construir els seus propis coneixements a trav\u00e9s del joc i interacci\u00f3 amb el que els envolta.<\/p>\n<p style=\"font-weight: 400;\">Les instal\u00b7lacions art\u00edstiques s\u00f3n sense dubte un gran descobriment d\u2019aquest curs no nom\u00e9s per a nosaltres , sin\u00f3 tamb\u00e9 per l\u2019alumnat, que el gaudeix amb total llibertat i il\u00b7lusi\u00f3.<\/p>\n<p style=\"font-weight: 400;\">\u00a0<img loading=\"lazy\" decoding=\"async\" class=\"alignnone wp-image-7536 size-medium\" src=\"https:\/\/agora.xtec.cat\/esc-pericot\/wp-content\/uploads\/usu807\/2023\/04\/1-225x300.jpg\" alt=\"\" width=\"225\" height=\"300\" srcset=\"https:\/\/agora.xtec.cat\/esc-pericot\/wp-content\/uploads\/usu807\/2023\/04\/1-225x300.jpg 225w, https:\/\/agora.xtec.cat\/esc-pericot\/wp-content\/uploads\/usu807\/2023\/04\/1-769x1024.jpg 769w, https:\/\/agora.xtec.cat\/esc-pericot\/wp-content\/uploads\/usu807\/2023\/04\/1-768x1023.jpg 768w, https:\/\/agora.xtec.cat\/esc-pericot\/wp-content\/uploads\/usu807\/2023\/04\/1-1153x1536.jpg 1153w, https:\/\/agora.xtec.cat\/esc-pericot\/wp-content\/uploads\/usu807\/2023\/04\/1-1538x2048.jpg 1538w, https:\/\/agora.xtec.cat\/esc-pericot\/wp-content\/uploads\/usu807\/2023\/04\/1-rotated.jpg 1736w\" sizes=\"auto, (max-width: 225px) 100vw, 225px\" \/><span style=\"font-family: inherit; font-size: 1em;\">\u00a0<\/span><img loading=\"lazy\" decoding=\"async\" class=\"alignnone wp-image-7537 size-medium\" style=\"font-family: inherit; font-size: 1em;\" src=\"https:\/\/agora.xtec.cat\/esc-pericot\/wp-content\/uploads\/usu807\/2023\/04\/2-225x300.jpg\" alt=\"\" width=\"225\" height=\"300\" srcset=\"https:\/\/agora.xtec.cat\/esc-pericot\/wp-content\/uploads\/usu807\/2023\/04\/2-225x300.jpg 225w, https:\/\/agora.xtec.cat\/esc-pericot\/wp-content\/uploads\/usu807\/2023\/04\/2-769x1024.jpg 769w, https:\/\/agora.xtec.cat\/esc-pericot\/wp-content\/uploads\/usu807\/2023\/04\/2-768x1023.jpg 768w, https:\/\/agora.xtec.cat\/esc-pericot\/wp-content\/uploads\/usu807\/2023\/04\/2-1153x1536.jpg 1153w, https:\/\/agora.xtec.cat\/esc-pericot\/wp-content\/uploads\/usu807\/2023\/04\/2-1538x2048.jpg 1538w, https:\/\/agora.xtec.cat\/esc-pericot\/wp-content\/uploads\/usu807\/2023\/04\/2-rotated.jpg 1736w\" sizes=\"auto, (max-width: 225px) 100vw, 225px\" \/><\/p>\n<p style=\"font-weight: 400;\"><img loading=\"lazy\" decoding=\"async\" class=\"alignnone wp-image-7538 size-medium\" style=\"font-family: inherit; font-size: 1em;\" src=\"https:\/\/agora.xtec.cat\/esc-pericot\/wp-content\/uploads\/usu807\/2023\/04\/3-225x300.jpg\" alt=\"\" width=\"225\" height=\"300\" srcset=\"https:\/\/agora.xtec.cat\/esc-pericot\/wp-content\/uploads\/usu807\/2023\/04\/3-225x300.jpg 225w, https:\/\/agora.xtec.cat\/esc-pericot\/wp-content\/uploads\/usu807\/2023\/04\/3-769x1024.jpg 769w, https:\/\/agora.xtec.cat\/esc-pericot\/wp-content\/uploads\/usu807\/2023\/04\/3-768x1023.jpg 768w, https:\/\/agora.xtec.cat\/esc-pericot\/wp-content\/uploads\/usu807\/2023\/04\/3-1153x1536.jpg 1153w, https:\/\/agora.xtec.cat\/esc-pericot\/wp-content\/uploads\/usu807\/2023\/04\/3-1538x2048.jpg 1538w, https:\/\/agora.xtec.cat\/esc-pericot\/wp-content\/uploads\/usu807\/2023\/04\/3-rotated.jpg 1736w\" sizes=\"auto, (max-width: 225px) 100vw, 225px\" \/> <img loading=\"lazy\" decoding=\"async\" class=\"alignnone wp-image-7539 size-medium\" style=\"font-family: inherit; font-size: 1em;\" src=\"https:\/\/agora.xtec.cat\/esc-pericot\/wp-content\/uploads\/usu807\/2023\/04\/4-225x300.jpg\" alt=\"\" width=\"225\" height=\"300\" srcset=\"https:\/\/agora.xtec.cat\/esc-pericot\/wp-content\/uploads\/usu807\/2023\/04\/4-225x300.jpg 225w, https:\/\/agora.xtec.cat\/esc-pericot\/wp-content\/uploads\/usu807\/2023\/04\/4-769x1024.jpg 769w, https:\/\/agora.xtec.cat\/esc-pericot\/wp-content\/uploads\/usu807\/2023\/04\/4-768x1023.jpg 768w, https:\/\/agora.xtec.cat\/esc-pericot\/wp-content\/uploads\/usu807\/2023\/04\/4-1153x1536.jpg 1153w, https:\/\/agora.xtec.cat\/esc-pericot\/wp-content\/uploads\/usu807\/2023\/04\/4-1538x2048.jpg 1538w, https:\/\/agora.xtec.cat\/esc-pericot\/wp-content\/uploads\/usu807\/2023\/04\/4-rotated.jpg 1736w\" sizes=\"auto, (max-width: 225px) 100vw, 225px\" \/><\/p>\n<p style=\"font-weight: 400;\"><img loading=\"lazy\" decoding=\"async\" class=\"alignnone wp-image-7540 size-medium\" style=\"font-family: inherit; font-size: 1em;\" src=\"https:\/\/agora.xtec.cat\/esc-pericot\/wp-content\/uploads\/usu807\/2023\/04\/5-225x300.jpg\" alt=\"\" width=\"225\" height=\"300\" srcset=\"https:\/\/agora.xtec.cat\/esc-pericot\/wp-content\/uploads\/usu807\/2023\/04\/5-225x300.jpg 225w, https:\/\/agora.xtec.cat\/esc-pericot\/wp-content\/uploads\/usu807\/2023\/04\/5-769x1024.jpg 769w, https:\/\/agora.xtec.cat\/esc-pericot\/wp-content\/uploads\/usu807\/2023\/04\/5-768x1023.jpg 768w, https:\/\/agora.xtec.cat\/esc-pericot\/wp-content\/uploads\/usu807\/2023\/04\/5-1153x1536.jpg 1153w, https:\/\/agora.xtec.cat\/esc-pericot\/wp-content\/uploads\/usu807\/2023\/04\/5-1538x2048.jpg 1538w, https:\/\/agora.xtec.cat\/esc-pericot\/wp-content\/uploads\/usu807\/2023\/04\/5-rotated.jpg 1736w\" sizes=\"auto, (max-width: 225px) 100vw, 225px\" \/> <img loading=\"lazy\" decoding=\"async\" class=\"alignnone wp-image-7541 size-medium\" style=\"font-family: inherit; font-size: 1em;\" src=\"https:\/\/agora.xtec.cat\/esc-pericot\/wp-content\/uploads\/usu807\/2023\/04\/6-225x300.jpg\" alt=\"\" width=\"225\" height=\"300\" srcset=\"https:\/\/agora.xtec.cat\/esc-pericot\/wp-content\/uploads\/usu807\/2023\/04\/6-225x300.jpg 225w, https:\/\/agora.xtec.cat\/esc-pericot\/wp-content\/uploads\/usu807\/2023\/04\/6-769x1024.jpg 769w, https:\/\/agora.xtec.cat\/esc-pericot\/wp-content\/uploads\/usu807\/2023\/04\/6-768x1023.jpg 768w, https:\/\/agora.xtec.cat\/esc-pericot\/wp-content\/uploads\/usu807\/2023\/04\/6-1153x1536.jpg 1153w, https:\/\/agora.xtec.cat\/esc-pericot\/wp-content\/uploads\/usu807\/2023\/04\/6-1538x2048.jpg 1538w, https:\/\/agora.xtec.cat\/esc-pericot\/wp-content\/uploads\/usu807\/2023\/04\/6-rotated.jpg 1736w\" sizes=\"auto, (max-width: 225px) 100vw, 225px\" \/><\/p>\n<p style=\"font-weight: 400;\"><img loading=\"lazy\" decoding=\"async\" class=\"alignnone wp-image-7542 size-medium\" style=\"font-family: inherit; font-size: 1em;\" src=\"https:\/\/agora.xtec.cat\/esc-pericot\/wp-content\/uploads\/usu807\/2023\/04\/7-225x300.jpg\" alt=\"\" width=\"225\" height=\"300\" srcset=\"https:\/\/agora.xtec.cat\/esc-pericot\/wp-content\/uploads\/usu807\/2023\/04\/7-225x300.jpg 225w, https:\/\/agora.xtec.cat\/esc-pericot\/wp-content\/uploads\/usu807\/2023\/04\/7-769x1024.jpg 769w, https:\/\/agora.xtec.cat\/esc-pericot\/wp-content\/uploads\/usu807\/2023\/04\/7-768x1023.jpg 768w, https:\/\/agora.xtec.cat\/esc-pericot\/wp-content\/uploads\/usu807\/2023\/04\/7-1153x1536.jpg 1153w, https:\/\/agora.xtec.cat\/esc-pericot\/wp-content\/uploads\/usu807\/2023\/04\/7-1538x2048.jpg 1538w, https:\/\/agora.xtec.cat\/esc-pericot\/wp-content\/uploads\/usu807\/2023\/04\/7-rotated.jpg 1736w\" sizes=\"auto, (max-width: 225px) 100vw, 225px\" \/> <img loading=\"lazy\" decoding=\"async\" class=\"alignnone wp-image-7543 size-medium\" style=\"font-family: inherit; font-size: 1em;\" src=\"https:\/\/agora.xtec.cat\/esc-pericot\/wp-content\/uploads\/usu807\/2023\/04\/8-225x300.jpg\" alt=\"\" width=\"225\" height=\"300\" srcset=\"https:\/\/agora.xtec.cat\/esc-pericot\/wp-content\/uploads\/usu807\/2023\/04\/8-225x300.jpg 225w, https:\/\/agora.xtec.cat\/esc-pericot\/wp-content\/uploads\/usu807\/2023\/04\/8-769x1024.jpg 769w, https:\/\/agora.xtec.cat\/esc-pericot\/wp-content\/uploads\/usu807\/2023\/04\/8-768x1023.jpg 768w, https:\/\/agora.xtec.cat\/esc-pericot\/wp-content\/uploads\/usu807\/2023\/04\/8-1153x1536.jpg 1153w, https:\/\/agora.xtec.cat\/esc-pericot\/wp-content\/uploads\/usu807\/2023\/04\/8-1538x2048.jpg 1538w, https:\/\/agora.xtec.cat\/esc-pericot\/wp-content\/uploads\/usu807\/2023\/04\/8-rotated.jpg 1736w\" sizes=\"auto, (max-width: 225px) 100vw, 225px\" \/><\/p>\n","protected":false},"excerpt":{"rendered":"<p>Durant aquest curs des de pl\u00e0stica infantil hem comen\u00e7at a treballar les instal\u00b7lacions art\u00edstiques durant les tardes de aules obertes. Les instal\u00b7lacions art\u00edstiques sorgeixen com a expressi\u00f3 art\u00edstica en els anys seixanta del segle passat en les derives dels happenings d\u2019Allan Kaprow. La instal\u00b7laci\u00f3 irromp en un espai per a constituir-se en una obra d&#8217;art [&hellip;]<\/p>\n","protected":false},"author":11,"featured_media":7536,"comment_status":"open","ping_status":"closed","sticky":false,"template":"","format":"standard","meta":{"_bbp_topic_count":0,"_bbp_reply_count":0,"_bbp_total_topic_count":0,"_bbp_total_reply_count":0,"_bbp_voice_count":0,"_bbp_anonymous_reply_count":0,"_bbp_topic_count_hidden":0,"_bbp_reply_count_hidden":0,"_bbp_forum_subforum_count":0,"site-sidebar-layout":"default","site-content-layout":"","ast-site-content-layout":"","site-content-style":"default","site-sidebar-style":"default","ast-global-header-display":"","ast-banner-title-visibility":"","ast-main-header-display":"","ast-hfb-above-header-display":"","ast-hfb-below-header-display":"","ast-hfb-mobile-header-display":"","site-post-title":"","ast-breadcrumbs-content":"","ast-featured-img":"","footer-sml-layout":"","theme-transparent-header-meta":"","adv-header-id-meta":"","stick-header-meta":"","header-above-stick-meta":"","header-main-stick-meta":"","header-below-stick-meta":"","astra-migrate-meta-layouts":"default","ast-page-background-enabled":"default","ast-page-background-meta":{"desktop":{"background-color":"var(--ast-global-color-4)","background-image":"","background-repeat":"repeat","background-position":"center center","background-size":"auto","background-attachment":"scroll","background-type":"","background-media":"","overlay-type":"","overlay-color":"","overlay-opacity":"","overlay-gradient":""},"tablet":{"background-color":"","background-image":"","background-repeat":"repeat","background-position":"center center","background-size":"auto","background-attachment":"scroll","background-type":"","background-media":"","overlay-type":"","overlay-color":"","overlay-opacity":"","overlay-gradient":""},"mobile":{"background-color":"","background-image":"","background-repeat":"repeat","background-position":"center center","background-size":"auto","background-attachment":"scroll","background-type":"","background-media":"","overlay-type":"","overlay-color":"","overlay-opacity":"","overlay-gradient":""}},"ast-content-background-meta":{"desktop":{"background-color":"var(--ast-global-color-5)","background-image":"","background-repeat":"repeat","background-position":"center center","background-size":"auto","background-attachment":"scroll","background-type":"","background-media":"","overlay-type":"","overlay-color":"","overlay-opacity":"","overlay-gradient":""},"tablet":{"background-color":"var(--ast-global-color-5)","background-image":"","background-repeat":"repeat","background-position":"center center","background-size":"auto","background-attachment":"scroll","background-type":"","background-media":"","overlay-type":"","overlay-color":"","overlay-opacity":"","overlay-gradient":""},"mobile":{"background-color":"var(--ast-global-color-5)","background-image":"","background-repeat":"repeat","background-position":"center center","background-size":"auto","background-attachment":"scroll","background-type":"","background-media":"","overlay-type":"","overlay-color":"","overlay-opacity":"","overlay-gradient":""}},"footnotes":""},"categories":[264,3,8,265,2,4],"tags":[79,66],"class_list":["post-7535","post","type-post","status-publish","format-standard","has-post-thumbnail","hentry","category-22-30","category-21-29","category-20-28","category-artistica","category-infantil","category-portada","tag-artistica-plastica","tag-educacio-infantil"],"post_mailing_queue_ids":[],"_links":{"self":[{"href":"https:\/\/agora.xtec.cat\/esc-pericot\/wp-json\/wp\/v2\/posts\/7535","targetHints":{"allow":["GET"]}}],"collection":[{"href":"https:\/\/agora.xtec.cat\/esc-pericot\/wp-json\/wp\/v2\/posts"}],"about":[{"href":"https:\/\/agora.xtec.cat\/esc-pericot\/wp-json\/wp\/v2\/types\/post"}],"author":[{"embeddable":true,"href":"https:\/\/agora.xtec.cat\/esc-pericot\/wp-json\/wp\/v2\/users\/11"}],"replies":[{"embeddable":true,"href":"https:\/\/agora.xtec.cat\/esc-pericot\/wp-json\/wp\/v2\/comments?post=7535"}],"version-history":[{"count":3,"href":"https:\/\/agora.xtec.cat\/esc-pericot\/wp-json\/wp\/v2\/posts\/7535\/revisions"}],"predecessor-version":[{"id":7548,"href":"https:\/\/agora.xtec.cat\/esc-pericot\/wp-json\/wp\/v2\/posts\/7535\/revisions\/7548"}],"wp:featuredmedia":[{"embeddable":true,"href":"https:\/\/agora.xtec.cat\/esc-pericot\/wp-json\/wp\/v2\/media\/7536"}],"wp:attachment":[{"href":"https:\/\/agora.xtec.cat\/esc-pericot\/wp-json\/wp\/v2\/media?parent=7535"}],"wp:term":[{"taxonomy":"category","embeddable":true,"href":"https:\/\/agora.xtec.cat\/esc-pericot\/wp-json\/wp\/v2\/categories?post=7535"},{"taxonomy":"post_tag","embeddable":true,"href":"https:\/\/agora.xtec.cat\/esc-pericot\/wp-json\/wp\/v2\/tags?post=7535"}],"curies":[{"name":"wp","href":"https:\/\/api.w.org\/{rel}","templated":true}]}}