{"id":7527,"date":"2023-04-26T09:00:58","date_gmt":"2023-04-26T07:00:58","guid":{"rendered":"https:\/\/agora.xtec.cat\/esc-pericot\/?p=7527"},"modified":"2023-04-25T22:03:45","modified_gmt":"2023-04-25T20:03:45","slug":"jocs-florals-i-oratoria","status":"publish","type":"post","link":"https:\/\/agora.xtec.cat\/esc-pericot\/infantil\/jocs-florals-i-oratoria\/","title":{"rendered":"Jocs florals i orat\u00f2ria!"},"content":{"rendered":"<p><img loading=\"lazy\" decoding=\"async\" class=\"wp-image-7520 alignleft\" src=\"https:\/\/agora.xtec.cat\/esc-pericot\/wp-content\/uploads\/usu807\/2023\/04\/JOCS-FLORALS-CONCURS-DORATORIA-1-1024x1024.png\" alt=\"\" width=\"382\" height=\"382\" srcset=\"https:\/\/agora.xtec.cat\/esc-pericot\/wp-content\/uploads\/usu807\/2023\/04\/JOCS-FLORALS-CONCURS-DORATORIA-1-1024x1024.png 1024w, https:\/\/agora.xtec.cat\/esc-pericot\/wp-content\/uploads\/usu807\/2023\/04\/JOCS-FLORALS-CONCURS-DORATORIA-1-300x300.png 300w, https:\/\/agora.xtec.cat\/esc-pericot\/wp-content\/uploads\/usu807\/2023\/04\/JOCS-FLORALS-CONCURS-DORATORIA-1-150x150.png 150w, https:\/\/agora.xtec.cat\/esc-pericot\/wp-content\/uploads\/usu807\/2023\/04\/JOCS-FLORALS-CONCURS-DORATORIA-1-768x768.png 768w, https:\/\/agora.xtec.cat\/esc-pericot\/wp-content\/uploads\/usu807\/2023\/04\/JOCS-FLORALS-CONCURS-DORATORIA-1.png 1080w\" sizes=\"auto, (max-width: 382px) 100vw, 382px\" \/>Aquest any la diada de Sant Jordi ha caigut en un diumenge, per\u00f2 aix\u00f2 no ha estat un impediment per celebrar-ho a l&#8217;escola. Aix\u00ed doncs, el divendres 21 d&#8217;abril va ser el dia que ho vam festejar al Pericot. Per\u00f2, qu\u00e8 vam fer?<\/p>\n<p>A infantil, els nens i nenes van poder gaudir de la teatralitzaci\u00f3 de la llegenda de Sant Jordi per part de les practicants de l&#8217;escola, tot un \u00e8xit! A la tarda la festa no es va aturar i es van fer uns tallers relacionats amb la diada: disfresses dels personatges, un circuit medieval, creaci\u00f3 de castells amb sorra cin\u00e8tica, minim\u00f3n de sant Jordi&#8230;<\/p>\n<p>A prim\u00e0ria, en canvi, es va realitzar durant el mat\u00ed el concurs d&#8217;orat\u00f2ria, una activitat molt esperada pels infants i que es viu amb molt d&#8217;entusiasme. A la tarda, al pati de l&#8217;escola, ens vam reunir tots els alumnes de prim\u00e0ria perqu\u00e8 hi havia l&#8217;entrega de premis dels jocs florals i del concurs d&#8217;orat\u00f2ria. Les categories dels jocs florals eren: cal\u00b7ligrames, rodolins, prosa i poesia.<\/p>\n<p>&nbsp;<\/p>\n<p>S&#8217;ha de dir que el jurat, per escollir els guanyadors\/es i els\/les finalistes de les produccions escrites, era format pels pares i mares del consell escolar. Moltes gr\u00e0cies per col\u00b7laborar i la vostra feina!<\/p>\n<p>Valorem molt positivament l&#8217;esfor\u00e7 dedicat tant a l&#8217;orat\u00f2ria com a les produccions escrites. Moltes felicitats per la vostra feina i esperem que h\u00e0giu gaudit d&#8217;una bona diada de Sant Jordi i Santa Jordina!<\/p>\n<table style=\"border-collapse: collapse; width: 100%;\">\n<tbody>\n<tr>\n<td style=\"width: 33.3333%;\"><a style=\"font-size: 16px;\" href=\"https:\/\/drive.google.com\/file\/d\/1Exoj-d18Izzn7VByqRvCNXZgv4HkMeex\/view?usp=share_link\">Cal\u00b7ligrames de primer<\/a><\/td>\n<td style=\"width: 33.3333%;\"><a style=\"font-size: 16px;\" href=\"https:\/\/drive.google.com\/file\/d\/1KMO57NDM_x4iJupdvcRkOYMW3tD7v8DB\/view?usp=share_link\">Rodolins de segon<\/a><\/td>\n<td style=\"width: 33.3333%;\"><a style=\"color: #2795b6; font-size: 16px;\" href=\"https:\/\/drive.google.com\/file\/d\/1hZ3dxwNgAoY2ArpW_a3wCQ_X8LyZqvAv\/view?usp=share_link\">Prosa de tercer<\/a><\/td>\n<\/tr>\n<tr>\n<td style=\"width: 33.3333%;\"><a style=\"color: #2795b6; font-size: 16px;\" href=\"https:\/\/drive.google.com\/file\/d\/11R8HNWaNc9_3LAFsZDzomweSYkyUQ822\/view?usp=share_link\">Prosa de quart<\/a><\/td>\n<td style=\"width: 33.3333%;\"><a style=\"color: #2795b6; font-size: 16px;\" href=\"https:\/\/drive.google.com\/file\/d\/1IxOm0OiKyWc_pQ6yj3cF8gqqflWNN1Mu\/view?usp=share_link\">Poesia de cinqu\u00e8<\/a><\/td>\n<td style=\"width: 33.3333%;\"><a style=\"font-size: 16px;\" href=\"https:\/\/drive.google.com\/file\/d\/1TS-bJu-257Fp5XMrvPwlbIGBQaNwaVpr\/view?usp=share_link\">Poesia de sis\u00e8<\/a><\/td>\n<\/tr>\n<\/tbody>\n<\/table>\n","protected":false},"excerpt":{"rendered":"<p>Aquest any la diada de Sant Jordi ha caigut en un diumenge, per\u00f2 aix\u00f2 no ha estat un impediment per celebrar-ho a l&#8217;escola. Aix\u00ed doncs, el divendres 21 d&#8217;abril va ser el dia que ho vam festejar en el Pericot. Per\u00f2, qu\u00e8 vam fer?<\/p>\n","protected":false},"author":1,"featured_media":7530,"comment_status":"open","ping_status":"closed","sticky":false,"template":"","format":"standard","meta":{"_bbp_topic_count":0,"_bbp_reply_count":0,"_bbp_total_topic_count":0,"_bbp_total_reply_count":0,"_bbp_voice_count":0,"_bbp_anonymous_reply_count":0,"_bbp_topic_count_hidden":0,"_bbp_reply_count_hidden":0,"_bbp_forum_subforum_count":0,"site-sidebar-layout":"default","site-content-layout":"","ast-site-content-layout":"","site-content-style":"default","site-sidebar-style":"default","ast-global-header-display":"","ast-banner-title-visibility":"","ast-main-header-display":"","ast-hfb-above-header-display":"","ast-hfb-below-header-display":"","ast-hfb-mobile-header-display":"","site-post-title":"","ast-breadcrumbs-content":"","ast-featured-img":"","footer-sml-layout":"","theme-transparent-header-meta":"","adv-header-id-meta":"","stick-header-meta":"","header-above-stick-meta":"","header-main-stick-meta":"","header-below-stick-meta":"","astra-migrate-meta-layouts":"default","ast-page-background-enabled":"default","ast-page-background-meta":{"desktop":{"background-color":"var(--ast-global-color-4)","background-image":"","background-repeat":"repeat","background-position":"center center","background-size":"auto","background-attachment":"scroll","background-type":"","background-media":"","overlay-type":"","overlay-color":"","overlay-opacity":"","overlay-gradient":""},"tablet":{"background-color":"","background-image":"","background-repeat":"repeat","background-position":"center center","background-size":"auto","background-attachment":"scroll","background-type":"","background-media":"","overlay-type":"","overlay-color":"","overlay-opacity":"","overlay-gradient":""},"mobile":{"background-color":"","background-image":"","background-repeat":"repeat","background-position":"center center","background-size":"auto","background-attachment":"scroll","background-type":"","background-media":"","overlay-type":"","overlay-color":"","overlay-opacity":"","overlay-gradient":""}},"ast-content-background-meta":{"desktop":{"background-color":"var(--ast-global-color-5)","background-image":"","background-repeat":"repeat","background-position":"center center","background-size":"auto","background-attachment":"scroll","background-type":"","background-media":"","overlay-type":"","overlay-color":"","overlay-opacity":"","overlay-gradient":""},"tablet":{"background-color":"var(--ast-global-color-5)","background-image":"","background-repeat":"repeat","background-position":"center center","background-size":"auto","background-attachment":"scroll","background-type":"","background-media":"","overlay-type":"","overlay-color":"","overlay-opacity":"","overlay-gradient":""},"mobile":{"background-color":"var(--ast-global-color-5)","background-image":"","background-repeat":"repeat","background-position":"center center","background-size":"auto","background-attachment":"scroll","background-type":"","background-media":"","overlay-type":"","overlay-color":"","overlay-opacity":"","overlay-gradient":""}},"footnotes":""},"categories":[2,4,5],"tags":[59,66,22,26,30],"class_list":["post-7527","post","type-post","status-publish","format-standard","has-post-thumbnail","hentry","category-infantil","category-portada","category-primaria","tag-celebracions","tag-educacio-infantil","tag-escola","tag-festes","tag-primaria"],"post_mailing_queue_ids":[],"_links":{"self":[{"href":"https:\/\/agora.xtec.cat\/esc-pericot\/wp-json\/wp\/v2\/posts\/7527","targetHints":{"allow":["GET"]}}],"collection":[{"href":"https:\/\/agora.xtec.cat\/esc-pericot\/wp-json\/wp\/v2\/posts"}],"about":[{"href":"https:\/\/agora.xtec.cat\/esc-pericot\/wp-json\/wp\/v2\/types\/post"}],"author":[{"embeddable":true,"href":"https:\/\/agora.xtec.cat\/esc-pericot\/wp-json\/wp\/v2\/users\/1"}],"replies":[{"embeddable":true,"href":"https:\/\/agora.xtec.cat\/esc-pericot\/wp-json\/wp\/v2\/comments?post=7527"}],"version-history":[{"count":3,"href":"https:\/\/agora.xtec.cat\/esc-pericot\/wp-json\/wp\/v2\/posts\/7527\/revisions"}],"predecessor-version":[{"id":7533,"href":"https:\/\/agora.xtec.cat\/esc-pericot\/wp-json\/wp\/v2\/posts\/7527\/revisions\/7533"}],"wp:featuredmedia":[{"embeddable":true,"href":"https:\/\/agora.xtec.cat\/esc-pericot\/wp-json\/wp\/v2\/media\/7530"}],"wp:attachment":[{"href":"https:\/\/agora.xtec.cat\/esc-pericot\/wp-json\/wp\/v2\/media?parent=7527"}],"wp:term":[{"taxonomy":"category","embeddable":true,"href":"https:\/\/agora.xtec.cat\/esc-pericot\/wp-json\/wp\/v2\/categories?post=7527"},{"taxonomy":"post_tag","embeddable":true,"href":"https:\/\/agora.xtec.cat\/esc-pericot\/wp-json\/wp\/v2\/tags?post=7527"}],"curies":[{"name":"wp","href":"https:\/\/api.w.org\/{rel}","templated":true}]}}