{"id":7370,"date":"2023-03-17T09:00:04","date_gmt":"2023-03-17T08:00:04","guid":{"rendered":"https:\/\/agora.xtec.cat\/esc-pericot\/?p=7370"},"modified":"2023-03-17T18:40:27","modified_gmt":"2023-03-17T17:40:27","slug":"a-i3-experimentem-amb-la-llum-i-els-colors","status":"publish","type":"post","link":"https:\/\/agora.xtec.cat\/esc-pericot\/portada\/a-i3-experimentem-amb-la-llum-i-els-colors\/","title":{"rendered":"A I3 experimentem amb la llum i els colors"},"content":{"rendered":"<p>Els infants d&#8217;I3 experimenten amb la llum i els colors a partir de propostes l\u00fadiques per potenciar i desenvolupar l&#8217;observaci\u00f3, la manipulaci\u00f3, la curiositat, la reflexi\u00f3, el di\u00e0leg, la participaci\u00f3 activa&#8230; Una d&#8217;aquestes propostes ha estat jugar amb la llum i les ombres. Hem jugat amb les llanternes i diferents objectes, descobrint que hi ha ombres negres, de colors, que les podem fer grans, petites&#8230; Els infants reflexionen i fan les seves hip\u00f2tesis, comprovant i posant en acci\u00f3 habilitats i estrat\u00e8gies per fer nous aprenentatges.<\/p>\n<p><img loading=\"lazy\" decoding=\"async\" class=\"alignnone wp-image-7372\" src=\"https:\/\/agora.xtec.cat\/esc-pericot\/wp-content\/uploads\/usu807\/2023\/03\/1674160761046-1024x473.jpg\" alt=\"\" width=\"825\" height=\"381\" srcset=\"https:\/\/agora.xtec.cat\/esc-pericot\/wp-content\/uploads\/usu807\/2023\/03\/1674160761046-1024x473.jpg 1024w, https:\/\/agora.xtec.cat\/esc-pericot\/wp-content\/uploads\/usu807\/2023\/03\/1674160761046-300x139.jpg 300w, https:\/\/agora.xtec.cat\/esc-pericot\/wp-content\/uploads\/usu807\/2023\/03\/1674160761046-768x355.jpg 768w, https:\/\/agora.xtec.cat\/esc-pericot\/wp-content\/uploads\/usu807\/2023\/03\/1674160761046-1536x710.jpg 1536w, https:\/\/agora.xtec.cat\/esc-pericot\/wp-content\/uploads\/usu807\/2023\/03\/1674160761046-2048x946.jpg 2048w\" sizes=\"auto, (max-width: 825px) 100vw, 825px\" \/><\/p>\n<p><img loading=\"lazy\" decoding=\"async\" class=\"alignnone wp-image-7373\" src=\"https:\/\/agora.xtec.cat\/esc-pericot\/wp-content\/uploads\/usu807\/2023\/03\/1674160761515-1024x473.jpg\" alt=\"\" width=\"827\" height=\"382\" srcset=\"https:\/\/agora.xtec.cat\/esc-pericot\/wp-content\/uploads\/usu807\/2023\/03\/1674160761515-1024x473.jpg 1024w, https:\/\/agora.xtec.cat\/esc-pericot\/wp-content\/uploads\/usu807\/2023\/03\/1674160761515-300x139.jpg 300w, https:\/\/agora.xtec.cat\/esc-pericot\/wp-content\/uploads\/usu807\/2023\/03\/1674160761515-768x355.jpg 768w, https:\/\/agora.xtec.cat\/esc-pericot\/wp-content\/uploads\/usu807\/2023\/03\/1674160761515-1536x710.jpg 1536w, https:\/\/agora.xtec.cat\/esc-pericot\/wp-content\/uploads\/usu807\/2023\/03\/1674160761515-2048x946.jpg 2048w\" sizes=\"auto, (max-width: 827px) 100vw, 827px\" \/><\/p>\n<p><img loading=\"lazy\" decoding=\"async\" class=\"alignnone wp-image-7371\" src=\"https:\/\/agora.xtec.cat\/esc-pericot\/wp-content\/uploads\/usu807\/2023\/03\/1674160760823-scaled-e1678817815532-473x1024.jpg\" alt=\"\" width=\"346\" height=\"749\" srcset=\"https:\/\/agora.xtec.cat\/esc-pericot\/wp-content\/uploads\/usu807\/2023\/03\/1674160760823-scaled-e1678817815532-473x1024.jpg 473w, https:\/\/agora.xtec.cat\/esc-pericot\/wp-content\/uploads\/usu807\/2023\/03\/1674160760823-scaled-e1678817815532-139x300.jpg 139w, https:\/\/agora.xtec.cat\/esc-pericot\/wp-content\/uploads\/usu807\/2023\/03\/1674160760823-scaled-e1678817815532-768x1662.jpg 768w, https:\/\/agora.xtec.cat\/esc-pericot\/wp-content\/uploads\/usu807\/2023\/03\/1674160760823-scaled-e1678817815532-710x1536.jpg 710w, https:\/\/agora.xtec.cat\/esc-pericot\/wp-content\/uploads\/usu807\/2023\/03\/1674160760823-scaled-e1678817815532-946x2048.jpg 946w, https:\/\/agora.xtec.cat\/esc-pericot\/wp-content\/uploads\/usu807\/2023\/03\/1674160760823-scaled-e1678817815532.jpg 1183w\" sizes=\"auto, (max-width: 346px) 100vw, 346px\" \/><\/p>\n<p>&nbsp;<\/p>\n","protected":false},"excerpt":{"rendered":"<p>Els infants d&#8217;I3 experimenten amb la llum i els colors a partir de propostes l\u00fadiques per potenciar i desenvolupar l&#8217;observaci\u00f3, la manipulaci\u00f3, la curiositat, la reflexi\u00f3, el di\u00e0leg, la participaci\u00f3 activa&#8230; Una d&#8217;aquestes propostes ha estat jugar amb la llum i les ombres. Hem jugat amb les llanternes i diferents objectes, descobrint que hi ha [&hellip;]<\/p>\n","protected":false},"author":11,"featured_media":7374,"comment_status":"open","ping_status":"closed","sticky":false,"template":"","format":"standard","meta":{"_bbp_topic_count":0,"_bbp_reply_count":0,"_bbp_total_topic_count":0,"_bbp_total_reply_count":0,"_bbp_voice_count":0,"_bbp_anonymous_reply_count":0,"_bbp_topic_count_hidden":0,"_bbp_reply_count_hidden":0,"_bbp_forum_subforum_count":0,"site-sidebar-layout":"default","site-content-layout":"","ast-site-content-layout":"","site-content-style":"default","site-sidebar-style":"default","ast-global-header-display":"","ast-banner-title-visibility":"","ast-main-header-display":"","ast-hfb-above-header-display":"","ast-hfb-below-header-display":"","ast-hfb-mobile-header-display":"","site-post-title":"","ast-breadcrumbs-content":"","ast-featured-img":"","footer-sml-layout":"","theme-transparent-header-meta":"","adv-header-id-meta":"","stick-header-meta":"","header-above-stick-meta":"","header-main-stick-meta":"","header-below-stick-meta":"","astra-migrate-meta-layouts":"default","ast-page-background-enabled":"default","ast-page-background-meta":{"desktop":{"background-color":"var(--ast-global-color-4)","background-image":"","background-repeat":"repeat","background-position":"center center","background-size":"auto","background-attachment":"scroll","background-type":"","background-media":"","overlay-type":"","overlay-color":"","overlay-opacity":"","overlay-gradient":""},"tablet":{"background-color":"","background-image":"","background-repeat":"repeat","background-position":"center center","background-size":"auto","background-attachment":"scroll","background-type":"","background-media":"","overlay-type":"","overlay-color":"","overlay-opacity":"","overlay-gradient":""},"mobile":{"background-color":"","background-image":"","background-repeat":"repeat","background-position":"center center","background-size":"auto","background-attachment":"scroll","background-type":"","background-media":"","overlay-type":"","overlay-color":"","overlay-opacity":"","overlay-gradient":""}},"ast-content-background-meta":{"desktop":{"background-color":"var(--ast-global-color-5)","background-image":"","background-repeat":"repeat","background-position":"center center","background-size":"auto","background-attachment":"scroll","background-type":"","background-media":"","overlay-type":"","overlay-color":"","overlay-opacity":"","overlay-gradient":""},"tablet":{"background-color":"var(--ast-global-color-5)","background-image":"","background-repeat":"repeat","background-position":"center center","background-size":"auto","background-attachment":"scroll","background-type":"","background-media":"","overlay-type":"","overlay-color":"","overlay-opacity":"","overlay-gradient":""},"mobile":{"background-color":"var(--ast-global-color-5)","background-image":"","background-repeat":"repeat","background-position":"center center","background-size":"auto","background-attachment":"scroll","background-type":"","background-media":"","overlay-type":"","overlay-color":"","overlay-opacity":"","overlay-gradient":""}},"footnotes":""},"categories":[264,4],"tags":[120,79,66],"class_list":["post-7370","post","type-post","status-publish","format-standard","has-post-thumbnail","hentry","category-22-30","category-portada","tag-activitats","tag-artistica-plastica","tag-educacio-infantil"],"post_mailing_queue_ids":[],"_links":{"self":[{"href":"https:\/\/agora.xtec.cat\/esc-pericot\/wp-json\/wp\/v2\/posts\/7370","targetHints":{"allow":["GET"]}}],"collection":[{"href":"https:\/\/agora.xtec.cat\/esc-pericot\/wp-json\/wp\/v2\/posts"}],"about":[{"href":"https:\/\/agora.xtec.cat\/esc-pericot\/wp-json\/wp\/v2\/types\/post"}],"author":[{"embeddable":true,"href":"https:\/\/agora.xtec.cat\/esc-pericot\/wp-json\/wp\/v2\/users\/11"}],"replies":[{"embeddable":true,"href":"https:\/\/agora.xtec.cat\/esc-pericot\/wp-json\/wp\/v2\/comments?post=7370"}],"version-history":[{"count":4,"href":"https:\/\/agora.xtec.cat\/esc-pericot\/wp-json\/wp\/v2\/posts\/7370\/revisions"}],"predecessor-version":[{"id":7384,"href":"https:\/\/agora.xtec.cat\/esc-pericot\/wp-json\/wp\/v2\/posts\/7370\/revisions\/7384"}],"wp:featuredmedia":[{"embeddable":true,"href":"https:\/\/agora.xtec.cat\/esc-pericot\/wp-json\/wp\/v2\/media\/7374"}],"wp:attachment":[{"href":"https:\/\/agora.xtec.cat\/esc-pericot\/wp-json\/wp\/v2\/media?parent=7370"}],"wp:term":[{"taxonomy":"category","embeddable":true,"href":"https:\/\/agora.xtec.cat\/esc-pericot\/wp-json\/wp\/v2\/categories?post=7370"},{"taxonomy":"post_tag","embeddable":true,"href":"https:\/\/agora.xtec.cat\/esc-pericot\/wp-json\/wp\/v2\/tags?post=7370"}],"curies":[{"name":"wp","href":"https:\/\/api.w.org\/{rel}","templated":true}]}}