{"id":7254,"date":"2023-02-28T11:53:14","date_gmt":"2023-02-28T10:53:14","guid":{"rendered":"https:\/\/agora.xtec.cat\/esc-pericot\/?p=7254"},"modified":"2025-03-26T21:48:08","modified_gmt":"2025-03-26T20:48:08","slug":"presentacio-col-laborativa-per-a-la-propera-mobilitat-erasmus","status":"publish","type":"post","link":"https:\/\/agora.xtec.cat\/esc-pericot\/portada\/presentacio-col-laborativa-per-a-la-propera-mobilitat-erasmus\/","title":{"rendered":"Presentaci\u00f3 col.laborativa per a la propera mobilitat Erasmus+"},"content":{"rendered":"<p>Durant el mes de febrer els\/les alumnes de 2n i 3r han creat una presentaci\u00f3 col.laborativa perqu\u00e8 els mestres que assistiran a la propera mobilitat del nostre projecte Erasmus &#8220;Democrac(z)y: Crazy for Active Participation&#8221; puguin presentar-la als infants de l&#8217;escola de Li\u00e8ge (B\u00e8lgica) que visitaran properament.<\/p>\n<p>Els\/les alumnes de 3r han estat els encarregats de preparar la part sobre Espanya i Catalunya i els\/les alumnes de 2n han estat els responsables de preparar la part sobre Girona. Esperem que amb aquesta presentaci\u00f3 els nostres socis belgues puguin aprendre una mica m\u00e9s sobre el nostre pa\u00eds i la nostra ciutat. Si cliqueu a la foto, podreu veure la presentaci\u00f3.<\/p>\n<p style=\"text-align: center;\"><a href=\"https:\/\/docs.google.com\/presentation\/d\/1YmT3qtgXTDzr1sMdXqbXhRYNisi4g0lUEZKma8afa6g\/edit?usp=sharing\"><img loading=\"lazy\" decoding=\"async\" class=\"alignnone size-full wp-image-7258\" src=\"https:\/\/agora.xtec.cat\/esc-pericot\/wp-content\/uploads\/usu807\/2023\/02\/WEB_1_1024x728.png\" alt=\"\" width=\"1024\" height=\"728\" srcset=\"https:\/\/agora.xtec.cat\/esc-pericot\/wp-content\/uploads\/usu807\/2023\/02\/WEB_1_1024x728.png 1024w, https:\/\/agora.xtec.cat\/esc-pericot\/wp-content\/uploads\/usu807\/2023\/02\/WEB_1_1024x728-300x213.png 300w, https:\/\/agora.xtec.cat\/esc-pericot\/wp-content\/uploads\/usu807\/2023\/02\/WEB_1_1024x728-768x546.png 768w\" sizes=\"auto, (max-width: 1024px) 100vw, 1024px\" \/><\/a><\/p>\n","protected":false},"excerpt":{"rendered":"<p>Durant el mes de febrer els\/les alumnes de 2n i 3r han creat una presentaci\u00f3 col.laborativa perqu\u00e8 els mestres que assistiran a la propera mobilitat del nostre projecte Erasmus &#8220;Democrac(z)y: Crazy for Active Participation&#8221; puguin presentar-la als infants de l&#8217;escola de Li\u00e8ge (B\u00e8lgica) que visitaran properament. Els\/les alumnes de 3r han estat els encarregats de [&hellip;]<\/p>\n","protected":false},"author":14,"featured_media":7259,"comment_status":"open","ping_status":"closed","sticky":false,"template":"","format":"standard","meta":{"_bbp_topic_count":0,"_bbp_reply_count":0,"_bbp_total_topic_count":0,"_bbp_total_reply_count":0,"_bbp_voice_count":0,"_bbp_anonymous_reply_count":0,"_bbp_topic_count_hidden":0,"_bbp_reply_count_hidden":0,"_bbp_forum_subforum_count":0,"site-sidebar-layout":"default","site-content-layout":"","ast-site-content-layout":"","site-content-style":"default","site-sidebar-style":"default","ast-global-header-display":"","ast-banner-title-visibility":"","ast-main-header-display":"","ast-hfb-above-header-display":"","ast-hfb-below-header-display":"","ast-hfb-mobile-header-display":"","site-post-title":"","ast-breadcrumbs-content":"","ast-featured-img":"","footer-sml-layout":"","theme-transparent-header-meta":"","adv-header-id-meta":"","stick-header-meta":"","header-above-stick-meta":"","header-main-stick-meta":"","header-below-stick-meta":"","astra-migrate-meta-layouts":"default","ast-page-background-enabled":"default","ast-page-background-meta":{"desktop":{"background-color":"var(--ast-global-color-4)","background-image":"","background-repeat":"repeat","background-position":"center center","background-size":"auto","background-attachment":"scroll","background-type":"","background-media":"","overlay-type":"","overlay-color":"","overlay-opacity":"","overlay-gradient":""},"tablet":{"background-color":"","background-image":"","background-repeat":"repeat","background-position":"center center","background-size":"auto","background-attachment":"scroll","background-type":"","background-media":"","overlay-type":"","overlay-color":"","overlay-opacity":"","overlay-gradient":""},"mobile":{"background-color":"","background-image":"","background-repeat":"repeat","background-position":"center center","background-size":"auto","background-attachment":"scroll","background-type":"","background-media":"","overlay-type":"","overlay-color":"","overlay-opacity":"","overlay-gradient":""}},"ast-content-background-meta":{"desktop":{"background-color":"var(--ast-global-color-5)","background-image":"","background-repeat":"repeat","background-position":"center center","background-size":"auto","background-attachment":"scroll","background-type":"","background-media":"","overlay-type":"","overlay-color":"","overlay-opacity":"","overlay-gradient":""},"tablet":{"background-color":"var(--ast-global-color-5)","background-image":"","background-repeat":"repeat","background-position":"center center","background-size":"auto","background-attachment":"scroll","background-type":"","background-media":"","overlay-type":"","overlay-color":"","overlay-opacity":"","overlay-gradient":""},"mobile":{"background-color":"var(--ast-global-color-5)","background-image":"","background-repeat":"repeat","background-position":"center center","background-size":"auto","background-attachment":"scroll","background-type":"","background-media":"","overlay-type":"","overlay-color":"","overlay-opacity":"","overlay-gradient":""}},"footnotes":""},"categories":[10,11,159,174,72,115,4,5],"tags":[201,28,65,63,80,97,185,64,76,349,30],"class_list":["post-7254","post","type-post","status-publish","format-standard","has-post-thumbnail","hentry","category-18-26","category-17-25","category-democrazy-for-active-participation","category-english","category-erasmus","category-etwinning","category-portada","category-primaria","tag-3r","tag-alumnes","tag-angles","tag-cicle-inicial","tag-cicle-mitja","tag-claustre","tag-cm","tag-english","tag-erasmus","tag-mon-digital","tag-primaria"],"post_mailing_queue_ids":[],"_links":{"self":[{"href":"https:\/\/agora.xtec.cat\/esc-pericot\/wp-json\/wp\/v2\/posts\/7254","targetHints":{"allow":["GET"]}}],"collection":[{"href":"https:\/\/agora.xtec.cat\/esc-pericot\/wp-json\/wp\/v2\/posts"}],"about":[{"href":"https:\/\/agora.xtec.cat\/esc-pericot\/wp-json\/wp\/v2\/types\/post"}],"author":[{"embeddable":true,"href":"https:\/\/agora.xtec.cat\/esc-pericot\/wp-json\/wp\/v2\/users\/14"}],"replies":[{"embeddable":true,"href":"https:\/\/agora.xtec.cat\/esc-pericot\/wp-json\/wp\/v2\/comments?post=7254"}],"version-history":[{"count":3,"href":"https:\/\/agora.xtec.cat\/esc-pericot\/wp-json\/wp\/v2\/posts\/7254\/revisions"}],"predecessor-version":[{"id":7274,"href":"https:\/\/agora.xtec.cat\/esc-pericot\/wp-json\/wp\/v2\/posts\/7254\/revisions\/7274"}],"wp:featuredmedia":[{"embeddable":true,"href":"https:\/\/agora.xtec.cat\/esc-pericot\/wp-json\/wp\/v2\/media\/7259"}],"wp:attachment":[{"href":"https:\/\/agora.xtec.cat\/esc-pericot\/wp-json\/wp\/v2\/media?parent=7254"}],"wp:term":[{"taxonomy":"category","embeddable":true,"href":"https:\/\/agora.xtec.cat\/esc-pericot\/wp-json\/wp\/v2\/categories?post=7254"},{"taxonomy":"post_tag","embeddable":true,"href":"https:\/\/agora.xtec.cat\/esc-pericot\/wp-json\/wp\/v2\/tags?post=7254"}],"curies":[{"name":"wp","href":"https:\/\/api.w.org\/{rel}","templated":true}]}}