{"id":7193,"date":"2023-02-13T19:38:34","date_gmt":"2023-02-13T18:38:34","guid":{"rendered":"https:\/\/agora.xtec.cat\/esc-pericot\/?p=7193"},"modified":"2023-02-14T18:42:30","modified_gmt":"2023-02-14T17:42:30","slug":"consells-per-estalviar-aigua","status":"publish","type":"post","link":"https:\/\/agora.xtec.cat\/esc-pericot\/portada\/consells-per-estalviar-aigua\/","title":{"rendered":"Consells per estalviar aigua"},"content":{"rendered":"<p>Els alumnes de 3r hem estat treballant el projecte de l&#8217;aigua i del seu cicle. Hem observat el problema que tenim amb la sequera i la necessitat de busca maneres per estalviar aigua. \u00c9s per aix\u00f2 que amb aquest dos dec\u00e0legs us proposem accions que podeu dur a terme per l&#8217;estalvi d&#8217;aigua a casa i a l&#8217;escola. Entre tots ho podem fer!<\/p>\n<p><img loading=\"lazy\" decoding=\"async\" class=\"wp-image-7195 alignleft\" src=\"https:\/\/agora.xtec.cat\/esc-pericot\/wp-content\/uploads\/usu807\/2023\/02\/ESTALVIAR-AIGUA-A-LESCOLA_page-0001-724x1024.jpg\" alt=\"\" width=\"363\" height=\"513\" srcset=\"https:\/\/agora.xtec.cat\/esc-pericot\/wp-content\/uploads\/usu807\/2023\/02\/ESTALVIAR-AIGUA-A-LESCOLA_page-0001-724x1024.jpg 724w, https:\/\/agora.xtec.cat\/esc-pericot\/wp-content\/uploads\/usu807\/2023\/02\/ESTALVIAR-AIGUA-A-LESCOLA_page-0001-212x300.jpg 212w, https:\/\/agora.xtec.cat\/esc-pericot\/wp-content\/uploads\/usu807\/2023\/02\/ESTALVIAR-AIGUA-A-LESCOLA_page-0001-768x1086.jpg 768w, https:\/\/agora.xtec.cat\/esc-pericot\/wp-content\/uploads\/usu807\/2023\/02\/ESTALVIAR-AIGUA-A-LESCOLA_page-0001.jpg 1024w\" sizes=\"auto, (max-width: 363px) 100vw, 363px\" \/><\/p>\n<p><img loading=\"lazy\" decoding=\"async\" class=\"wp-image-7194 alignleft\" src=\"https:\/\/agora.xtec.cat\/esc-pericot\/wp-content\/uploads\/usu807\/2023\/02\/ESTALVIAR-AIGUA-A-CASA_page-0001-724x1024.jpg\" alt=\"\" width=\"365\" height=\"517\" srcset=\"https:\/\/agora.xtec.cat\/esc-pericot\/wp-content\/uploads\/usu807\/2023\/02\/ESTALVIAR-AIGUA-A-CASA_page-0001-724x1024.jpg 724w, https:\/\/agora.xtec.cat\/esc-pericot\/wp-content\/uploads\/usu807\/2023\/02\/ESTALVIAR-AIGUA-A-CASA_page-0001-212x300.jpg 212w, https:\/\/agora.xtec.cat\/esc-pericot\/wp-content\/uploads\/usu807\/2023\/02\/ESTALVIAR-AIGUA-A-CASA_page-0001-768x1086.jpg 768w, https:\/\/agora.xtec.cat\/esc-pericot\/wp-content\/uploads\/usu807\/2023\/02\/ESTALVIAR-AIGUA-A-CASA_page-0001.jpg 1024w\" sizes=\"auto, (max-width: 365px) 100vw, 365px\" \/><\/p>\n","protected":false},"excerpt":{"rendered":"<p>Els alumnes de 3r hem estat treballant el projecte de l&#8217;aigua i del seu cicle. Hem observat el problema que tenim amb la sequera i la necessitat de busca maneres per estalviar aigua. \u00c9s per aix\u00f2 que amb aquest dos dec\u00e0legs us proposem accions que podeu dur a terme per l&#8217;estalvi d&#8217;aigua a casa i [&hellip;]<\/p>\n","protected":false},"author":1,"featured_media":7198,"comment_status":"open","ping_status":"closed","sticky":false,"template":"","format":"standard","meta":{"_bbp_topic_count":0,"_bbp_reply_count":0,"_bbp_total_topic_count":0,"_bbp_total_reply_count":0,"_bbp_voice_count":0,"_bbp_anonymous_reply_count":0,"_bbp_topic_count_hidden":0,"_bbp_reply_count_hidden":0,"_bbp_forum_subforum_count":0,"site-sidebar-layout":"default","site-content-layout":"","ast-site-content-layout":"","site-content-style":"default","site-sidebar-style":"default","ast-global-header-display":"","ast-banner-title-visibility":"","ast-main-header-display":"","ast-hfb-above-header-display":"","ast-hfb-below-header-display":"","ast-hfb-mobile-header-display":"","site-post-title":"","ast-breadcrumbs-content":"","ast-featured-img":"","footer-sml-layout":"","theme-transparent-header-meta":"","adv-header-id-meta":"","stick-header-meta":"","header-above-stick-meta":"","header-main-stick-meta":"","header-below-stick-meta":"","astra-migrate-meta-layouts":"default","ast-page-background-enabled":"default","ast-page-background-meta":{"desktop":{"background-color":"var(--ast-global-color-4)","background-image":"","background-repeat":"repeat","background-position":"center center","background-size":"auto","background-attachment":"scroll","background-type":"","background-media":"","overlay-type":"","overlay-color":"","overlay-opacity":"","overlay-gradient":""},"tablet":{"background-color":"","background-image":"","background-repeat":"repeat","background-position":"center center","background-size":"auto","background-attachment":"scroll","background-type":"","background-media":"","overlay-type":"","overlay-color":"","overlay-opacity":"","overlay-gradient":""},"mobile":{"background-color":"","background-image":"","background-repeat":"repeat","background-position":"center center","background-size":"auto","background-attachment":"scroll","background-type":"","background-media":"","overlay-type":"","overlay-color":"","overlay-opacity":"","overlay-gradient":""}},"ast-content-background-meta":{"desktop":{"background-color":"var(--ast-global-color-5)","background-image":"","background-repeat":"repeat","background-position":"center center","background-size":"auto","background-attachment":"scroll","background-type":"","background-media":"","overlay-type":"","overlay-color":"","overlay-opacity":"","overlay-gradient":""},"tablet":{"background-color":"var(--ast-global-color-5)","background-image":"","background-repeat":"repeat","background-position":"center center","background-size":"auto","background-attachment":"scroll","background-type":"","background-media":"","overlay-type":"","overlay-color":"","overlay-opacity":"","overlay-gradient":""},"mobile":{"background-color":"var(--ast-global-color-5)","background-image":"","background-repeat":"repeat","background-position":"center center","background-size":"auto","background-attachment":"scroll","background-type":"","background-media":"","overlay-type":"","overlay-color":"","overlay-opacity":"","overlay-gradient":""}},"footnotes":""},"categories":[4],"tags":[28,80,221,87,29],"class_list":["post-7193","post","type-post","status-publish","format-standard","has-post-thumbnail","hentry","category-portada","tag-alumnes","tag-cicle-mitja","tag-ecologia","tag-medi","tag-projectes"],"post_mailing_queue_ids":[],"_links":{"self":[{"href":"https:\/\/agora.xtec.cat\/esc-pericot\/wp-json\/wp\/v2\/posts\/7193","targetHints":{"allow":["GET"]}}],"collection":[{"href":"https:\/\/agora.xtec.cat\/esc-pericot\/wp-json\/wp\/v2\/posts"}],"about":[{"href":"https:\/\/agora.xtec.cat\/esc-pericot\/wp-json\/wp\/v2\/types\/post"}],"author":[{"embeddable":true,"href":"https:\/\/agora.xtec.cat\/esc-pericot\/wp-json\/wp\/v2\/users\/1"}],"replies":[{"embeddable":true,"href":"https:\/\/agora.xtec.cat\/esc-pericot\/wp-json\/wp\/v2\/comments?post=7193"}],"version-history":[{"count":2,"href":"https:\/\/agora.xtec.cat\/esc-pericot\/wp-json\/wp\/v2\/posts\/7193\/revisions"}],"predecessor-version":[{"id":7197,"href":"https:\/\/agora.xtec.cat\/esc-pericot\/wp-json\/wp\/v2\/posts\/7193\/revisions\/7197"}],"wp:featuredmedia":[{"embeddable":true,"href":"https:\/\/agora.xtec.cat\/esc-pericot\/wp-json\/wp\/v2\/media\/7198"}],"wp:attachment":[{"href":"https:\/\/agora.xtec.cat\/esc-pericot\/wp-json\/wp\/v2\/media?parent=7193"}],"wp:term":[{"taxonomy":"category","embeddable":true,"href":"https:\/\/agora.xtec.cat\/esc-pericot\/wp-json\/wp\/v2\/categories?post=7193"},{"taxonomy":"post_tag","embeddable":true,"href":"https:\/\/agora.xtec.cat\/esc-pericot\/wp-json\/wp\/v2\/tags?post=7193"}],"curies":[{"name":"wp","href":"https:\/\/api.w.org\/{rel}","templated":true}]}}