{"id":6949,"date":"2022-12-01T10:50:48","date_gmt":"2022-12-01T09:50:48","guid":{"rendered":"https:\/\/agora.xtec.cat\/esc-pericot\/?p=6949"},"modified":"2022-12-01T10:50:48","modified_gmt":"2022-12-01T09:50:48","slug":"kle","status":"publish","type":"post","link":"https:\/\/agora.xtec.cat\/esc-pericot\/portada\/kle\/","title":{"rendered":"Kl\u00e9"},"content":{"rendered":"<p>&nbsp;<\/p>\n<table style=\"width: 100%;\">\n<tbody>\n<tr>\n<td style=\"width: 59.7414%;\"><iframe loading=\"lazy\" title=\"YouTube video player\" src=\"https:\/\/www.youtube.com\/embed\/pToItcY8Y18\" width=\"560\" height=\"315\" frameborder=\"0\"><\/iframe><\/td>\n<td style=\"width: 39.7414%;\">\n<h5>Quina meravella, quina preciositat, quins moviments, quins colors&#8230; Tot suggerit, paraules les justes. Paul Klee (\/<em>kl\u00e9\/<\/em> pronunciat en alemany) deia \u201cun dibuix \u00e9s una l\u00ednia que surt a passejar\u201d, el que han aconseguit avui, dilluns 28 de novembre, els de la companyia Addaura Teatre Visual, i en\u00a0 Vassil Lambrinov\u00a0 (violinista de Blaumut) -tocant en directe- ha estat treure a passejar tot l&#8217;univers de Klee i la nostra imaginaci\u00f3 ha volat i girat com el ballarins i les ballarines.<\/h5>\n<h5>Hem vist els titelles que l&#8217;artista constru\u00efa per al seu fill, el gat del quadre Gat i ocell i m\u00e0gia, molta m\u00e0gia.<\/h5>\n<\/td>\n<\/tr>\n<\/tbody>\n<\/table>\n<p class=\"txt\"><img loading=\"lazy\" decoding=\"async\" class=\"wp-image-6965 alignleft\" src=\"https:\/\/agora.xtec.cat\/esc-pericot\/wp-content\/uploads\/usu807\/2022\/11\/IMG-20221129-WA0021-e1669838186847-1024x519.jpg\" alt=\"\" width=\"274\" height=\"139\" srcset=\"https:\/\/agora.xtec.cat\/esc-pericot\/wp-content\/uploads\/usu807\/2022\/11\/IMG-20221129-WA0021-e1669838186847-1024x519.jpg 1024w, https:\/\/agora.xtec.cat\/esc-pericot\/wp-content\/uploads\/usu807\/2022\/11\/IMG-20221129-WA0021-e1669838186847-300x152.jpg 300w, https:\/\/agora.xtec.cat\/esc-pericot\/wp-content\/uploads\/usu807\/2022\/11\/IMG-20221129-WA0021-e1669838186847-768x389.jpg 768w, https:\/\/agora.xtec.cat\/esc-pericot\/wp-content\/uploads\/usu807\/2022\/11\/IMG-20221129-WA0021-e1669838186847.jpg 1400w\" sizes=\"auto, (max-width: 274px) 100vw, 274px\" \/> Les fotografies que hem fet els mestres les trobareu a les carpetes del drive:\u00a0 <img loading=\"lazy\" decoding=\"async\" class=\"wp-image-6964 alignright\" src=\"https:\/\/agora.xtec.cat\/esc-pericot\/wp-content\/uploads\/usu807\/2022\/11\/IMG_20221128_102651-scaled-e1669838246754-1024x558.jpg\" alt=\"\" width=\"246\" height=\"134\" srcset=\"https:\/\/agora.xtec.cat\/esc-pericot\/wp-content\/uploads\/usu807\/2022\/11\/IMG_20221128_102651-scaled-e1669838246754-1024x558.jpg 1024w, https:\/\/agora.xtec.cat\/esc-pericot\/wp-content\/uploads\/usu807\/2022\/11\/IMG_20221128_102651-scaled-e1669838246754-300x164.jpg 300w, https:\/\/agora.xtec.cat\/esc-pericot\/wp-content\/uploads\/usu807\/2022\/11\/IMG_20221128_102651-scaled-e1669838246754-768x419.jpg 768w, https:\/\/agora.xtec.cat\/esc-pericot\/wp-content\/uploads\/usu807\/2022\/11\/IMG_20221128_102651-scaled-e1669838246754-1536x837.jpg 1536w, https:\/\/agora.xtec.cat\/esc-pericot\/wp-content\/uploads\/usu807\/2022\/11\/IMG_20221128_102651-scaled-e1669838246754.jpg 1913w\" sizes=\"auto, (max-width: 246px) 100vw, 246px\" \/><\/p>\n<table style=\"border-collapse: collapse; width: 29.7414%; height: 14px;\">\n<tbody>\n<tr>\n<td style=\"width: 50%; text-align: center;\"><a href=\"https:\/\/drive.google.com\/drive\/folders\/1Po8ziGXzCXKgwOZttGLAKyh9RqvewgGk?usp=sharing\" target=\"_blank\" rel=\"noopener\">1r<\/a><\/td>\n<td style=\"width: 50%; text-align: center;\"><a href=\"https:\/\/drive.google.com\/drive\/folders\/1YN3P3066zFJEFae6FEYD2n3W6ifPhXLm?usp=sharing\" target=\"_blank\" rel=\"noopener\">2n<\/a><\/td>\n<\/tr>\n<\/tbody>\n<\/table>\n","protected":false},"excerpt":{"rendered":"<p>&nbsp; Quina meravella, quina preciositat, quins moviments, quins colors&#8230; Tot suggerit, paraules les justes. Paul Klee (\/kl\u00e9\/ pronunciat en alemany) deia \u201cun dibuix \u00e9s una l\u00ednia que surt a passejar\u201d, el que han aconseguit avui, dilluns 28 de novembre, els de la companyia Addaura Teatre Visual, i en\u00a0 Vassil Lambrinov\u00a0 (violinista de Blaumut) -tocant en [&hellip;]<\/p>\n","protected":false},"author":10,"featured_media":6951,"comment_status":"open","ping_status":"closed","sticky":false,"template":"","format":"standard","meta":{"_bbp_topic_count":0,"_bbp_reply_count":0,"_bbp_total_topic_count":0,"_bbp_total_reply_count":0,"_bbp_voice_count":0,"_bbp_anonymous_reply_count":0,"_bbp_topic_count_hidden":0,"_bbp_reply_count_hidden":0,"_bbp_forum_subforum_count":0,"site-sidebar-layout":"default","site-content-layout":"","ast-site-content-layout":"","site-content-style":"default","site-sidebar-style":"default","ast-global-header-display":"","ast-banner-title-visibility":"","ast-main-header-display":"","ast-hfb-above-header-display":"","ast-hfb-below-header-display":"","ast-hfb-mobile-header-display":"","site-post-title":"","ast-breadcrumbs-content":"","ast-featured-img":"","footer-sml-layout":"","theme-transparent-header-meta":"","adv-header-id-meta":"","stick-header-meta":"","header-above-stick-meta":"","header-main-stick-meta":"","header-below-stick-meta":"","astra-migrate-meta-layouts":"default","ast-page-background-enabled":"default","ast-page-background-meta":{"desktop":{"background-color":"var(--ast-global-color-4)","background-image":"","background-repeat":"repeat","background-position":"center center","background-size":"auto","background-attachment":"scroll","background-type":"","background-media":"","overlay-type":"","overlay-color":"","overlay-opacity":"","overlay-gradient":""},"tablet":{"background-color":"","background-image":"","background-repeat":"repeat","background-position":"center center","background-size":"auto","background-attachment":"scroll","background-type":"","background-media":"","overlay-type":"","overlay-color":"","overlay-opacity":"","overlay-gradient":""},"mobile":{"background-color":"","background-image":"","background-repeat":"repeat","background-position":"center center","background-size":"auto","background-attachment":"scroll","background-type":"","background-media":"","overlay-type":"","overlay-color":"","overlay-opacity":"","overlay-gradient":""}},"ast-content-background-meta":{"desktop":{"background-color":"var(--ast-global-color-5)","background-image":"","background-repeat":"repeat","background-position":"center center","background-size":"auto","background-attachment":"scroll","background-type":"","background-media":"","overlay-type":"","overlay-color":"","overlay-opacity":"","overlay-gradient":""},"tablet":{"background-color":"var(--ast-global-color-5)","background-image":"","background-repeat":"repeat","background-position":"center center","background-size":"auto","background-attachment":"scroll","background-type":"","background-media":"","overlay-type":"","overlay-color":"","overlay-opacity":"","overlay-gradient":""},"mobile":{"background-color":"var(--ast-global-color-5)","background-image":"","background-repeat":"repeat","background-position":"center center","background-size":"auto","background-attachment":"scroll","background-type":"","background-media":"","overlay-type":"","overlay-color":"","overlay-opacity":"","overlay-gradient":""}},"footnotes":""},"categories":[9,10,4],"tags":[63,290,291,73],"class_list":["post-6949","post","type-post","status-publish","format-standard","has-post-thumbnail","hentry","category-19-27","category-18-26","category-portada","tag-cicle-inicial","tag-dansa","tag-espectacles","tag-musica"],"post_mailing_queue_ids":[],"_links":{"self":[{"href":"https:\/\/agora.xtec.cat\/esc-pericot\/wp-json\/wp\/v2\/posts\/6949","targetHints":{"allow":["GET"]}}],"collection":[{"href":"https:\/\/agora.xtec.cat\/esc-pericot\/wp-json\/wp\/v2\/posts"}],"about":[{"href":"https:\/\/agora.xtec.cat\/esc-pericot\/wp-json\/wp\/v2\/types\/post"}],"author":[{"embeddable":true,"href":"https:\/\/agora.xtec.cat\/esc-pericot\/wp-json\/wp\/v2\/users\/10"}],"replies":[{"embeddable":true,"href":"https:\/\/agora.xtec.cat\/esc-pericot\/wp-json\/wp\/v2\/comments?post=6949"}],"version-history":[{"count":3,"href":"https:\/\/agora.xtec.cat\/esc-pericot\/wp-json\/wp\/v2\/posts\/6949\/revisions"}],"predecessor-version":[{"id":6967,"href":"https:\/\/agora.xtec.cat\/esc-pericot\/wp-json\/wp\/v2\/posts\/6949\/revisions\/6967"}],"wp:featuredmedia":[{"embeddable":true,"href":"https:\/\/agora.xtec.cat\/esc-pericot\/wp-json\/wp\/v2\/media\/6951"}],"wp:attachment":[{"href":"https:\/\/agora.xtec.cat\/esc-pericot\/wp-json\/wp\/v2\/media?parent=6949"}],"wp:term":[{"taxonomy":"category","embeddable":true,"href":"https:\/\/agora.xtec.cat\/esc-pericot\/wp-json\/wp\/v2\/categories?post=6949"},{"taxonomy":"post_tag","embeddable":true,"href":"https:\/\/agora.xtec.cat\/esc-pericot\/wp-json\/wp\/v2\/tags?post=6949"}],"curies":[{"name":"wp","href":"https:\/\/api.w.org\/{rel}","templated":true}]}}