{"id":6842,"date":"2022-11-01T17:36:10","date_gmt":"2022-11-01T16:36:10","guid":{"rendered":"https:\/\/agora.xtec.cat\/esc-pericot\/?p=6842"},"modified":"2022-11-01T17:37:39","modified_gmt":"2022-11-01T16:37:39","slug":"castanyada-en-maniga-curta","status":"publish","type":"post","link":"https:\/\/agora.xtec.cat\/esc-pericot\/primaria\/19-27\/castanyada-en-maniga-curta\/","title":{"rendered":"CASTANYADA EN M\u00c0NIGA CURTA"},"content":{"rendered":"<p>El passat 27 d&#8217;octubre vam celebrar el <strong>halloween i la castanyada <\/strong>amb unes temperatures in\u00e8dites per a l&#8217;\u00e8poca de l&#8217;any que som. Ja fa dies que hem entrat a la tardor per\u00f2 encara podem anar amb la roba d&#8217;estiu.\u00a0Malgrat aquest contratemps, seguim celebrant les festes que toquen segons el calendari escolar.<\/p>\n<p>Vam poder disfressar-nos de coses que fan por o de castanyers i castanyeres i ens ho vam passar molt b\u00e9. Tamb\u00e9 vam ballar unes dances molt xules al pati de l&#8217;escola. Tant les disfresses com les danses van ser molt llu\u00efdes.<\/p>\n<p>Volem agrair la col\u00b7laboraci\u00f3 dels pares i les mares que van preparar i repartir les castanyes. Ens van agradar molt!<\/p>\n<p>En aquest enlla\u00e7 podeu veure <a href=\"https:\/\/drive.google.com\/drive\/folders\/1OCUOVcOuXTt-NcX2dkA_8CeCtAYBJ-_T\">les fotos de 1r<\/a>.<\/p>\n<p>&nbsp;<\/p>\n<table class=\" aligncenter\" style=\"height: 435px;width: 100%;border-collapse: collapse;border-color: #ffffff;border-style: none\">\n<tbody>\n<tr style=\"height: 435px\">\n<td style=\"width: 33.3333%;height: 435px\"><img loading=\"lazy\" decoding=\"async\" class=\"wp-image-6845 aligncenter\" src=\"https:\/\/agora.xtec.cat\/esc-pericot\/wp-content\/uploads\/usu807\/2022\/11\/IMG20221027155933-768x1024.jpg\" alt=\"\" width=\"302\" height=\"402\" srcset=\"https:\/\/agora.xtec.cat\/esc-pericot\/wp-content\/uploads\/usu807\/2022\/11\/IMG20221027155933-768x1024.jpg 768w, https:\/\/agora.xtec.cat\/esc-pericot\/wp-content\/uploads\/usu807\/2022\/11\/IMG20221027155933-225x300.jpg 225w, https:\/\/agora.xtec.cat\/esc-pericot\/wp-content\/uploads\/usu807\/2022\/11\/IMG20221027155933.jpg 1152w\" sizes=\"auto, (max-width: 302px) 100vw, 302px\" \/><\/td>\n<td style=\"width: 33.3333%;height: 435px\">&nbsp;<\/p>\n<p><img loading=\"lazy\" decoding=\"async\" class=\"size-large wp-image-6843 aligncenter\" src=\"https:\/\/agora.xtec.cat\/esc-pericot\/wp-content\/uploads\/usu807\/2022\/11\/IMG_20221027_160204-1024x769.jpg\" alt=\"\" width=\"1024\" height=\"769\" srcset=\"https:\/\/agora.xtec.cat\/esc-pericot\/wp-content\/uploads\/usu807\/2022\/11\/IMG_20221027_160204-1024x769.jpg 1024w, https:\/\/agora.xtec.cat\/esc-pericot\/wp-content\/uploads\/usu807\/2022\/11\/IMG_20221027_160204-300x225.jpg 300w, https:\/\/agora.xtec.cat\/esc-pericot\/wp-content\/uploads\/usu807\/2022\/11\/IMG_20221027_160204-768x577.jpg 768w, https:\/\/agora.xtec.cat\/esc-pericot\/wp-content\/uploads\/usu807\/2022\/11\/IMG_20221027_160204-1536x1153.jpg 1536w, https:\/\/agora.xtec.cat\/esc-pericot\/wp-content\/uploads\/usu807\/2022\/11\/IMG_20221027_160204-200x150.jpg 200w, https:\/\/agora.xtec.cat\/esc-pericot\/wp-content\/uploads\/usu807\/2022\/11\/IMG_20221027_160204.jpg 1734w\" sizes=\"auto, (max-width: 1024px) 100vw, 1024px\" \/><\/td>\n<td style=\"width: 33.3333%;height: 435px\"><img loading=\"lazy\" decoding=\"async\" class=\"wp-image-6844 aligncenter\" src=\"https:\/\/agora.xtec.cat\/esc-pericot\/wp-content\/uploads\/usu807\/2022\/11\/IMG20221027155659-768x1024.jpg\" alt=\"\" width=\"304\" height=\"405\" srcset=\"https:\/\/agora.xtec.cat\/esc-pericot\/wp-content\/uploads\/usu807\/2022\/11\/IMG20221027155659-768x1024.jpg 768w, https:\/\/agora.xtec.cat\/esc-pericot\/wp-content\/uploads\/usu807\/2022\/11\/IMG20221027155659-225x300.jpg 225w, https:\/\/agora.xtec.cat\/esc-pericot\/wp-content\/uploads\/usu807\/2022\/11\/IMG20221027155659.jpg 1152w\" sizes=\"auto, (max-width: 304px) 100vw, 304px\" \/><\/td>\n<\/tr>\n<\/tbody>\n<\/table>\n","protected":false},"excerpt":{"rendered":"<p>El passat 27 d&#8217;octubre vam celebrar el halloween i la castanyada amb unes temperatures in\u00e8dites per a l&#8217;\u00e8poca de l&#8217;any que som. Ja fa dies que hem entrat a la tardor per\u00f2 encara podem anar amb la roba d&#8217;estiu.\u00a0Malgrat aquest contratemps, seguim celebrant les festes que toquen segons el calendari escolar. Vam poder disfressar-nos de [&hellip;]<\/p>\n","protected":false},"author":10,"featured_media":6845,"comment_status":"open","ping_status":"closed","sticky":false,"template":"","format":"standard","meta":{"_bbp_topic_count":0,"_bbp_reply_count":0,"_bbp_total_topic_count":0,"_bbp_total_reply_count":0,"_bbp_voice_count":0,"_bbp_anonymous_reply_count":0,"_bbp_topic_count_hidden":0,"_bbp_reply_count_hidden":0,"_bbp_forum_subforum_count":0,"site-sidebar-layout":"default","site-content-layout":"","ast-site-content-layout":"","site-content-style":"default","site-sidebar-style":"default","ast-global-header-display":"","ast-banner-title-visibility":"","ast-main-header-display":"","ast-hfb-above-header-display":"","ast-hfb-below-header-display":"","ast-hfb-mobile-header-display":"","site-post-title":"","ast-breadcrumbs-content":"","ast-featured-img":"","footer-sml-layout":"","theme-transparent-header-meta":"","adv-header-id-meta":"","stick-header-meta":"","header-above-stick-meta":"","header-main-stick-meta":"","header-below-stick-meta":"","astra-migrate-meta-layouts":"default","ast-page-background-enabled":"default","ast-page-background-meta":{"desktop":{"background-color":"var(--ast-global-color-4)","background-image":"","background-repeat":"repeat","background-position":"center center","background-size":"auto","background-attachment":"scroll","background-type":"","background-media":"","overlay-type":"","overlay-color":"","overlay-opacity":"","overlay-gradient":""},"tablet":{"background-color":"","background-image":"","background-repeat":"repeat","background-position":"center center","background-size":"auto","background-attachment":"scroll","background-type":"","background-media":"","overlay-type":"","overlay-color":"","overlay-opacity":"","overlay-gradient":""},"mobile":{"background-color":"","background-image":"","background-repeat":"repeat","background-position":"center center","background-size":"auto","background-attachment":"scroll","background-type":"","background-media":"","overlay-type":"","overlay-color":"","overlay-opacity":"","overlay-gradient":""}},"ast-content-background-meta":{"desktop":{"background-color":"var(--ast-global-color-5)","background-image":"","background-repeat":"repeat","background-position":"center center","background-size":"auto","background-attachment":"scroll","background-type":"","background-media":"","overlay-type":"","overlay-color":"","overlay-opacity":"","overlay-gradient":""},"tablet":{"background-color":"var(--ast-global-color-5)","background-image":"","background-repeat":"repeat","background-position":"center center","background-size":"auto","background-attachment":"scroll","background-type":"","background-media":"","overlay-type":"","overlay-color":"","overlay-opacity":"","overlay-gradient":""},"mobile":{"background-color":"var(--ast-global-color-5)","background-image":"","background-repeat":"repeat","background-position":"center center","background-size":"auto","background-attachment":"scroll","background-type":"","background-media":"","overlay-type":"","overlay-color":"","overlay-opacity":"","overlay-gradient":""}},"footnotes":""},"categories":[9],"tags":[212,247,288,26],"class_list":["post-6842","post","type-post","status-publish","format-standard","has-post-thumbnail","hentry","category-19-27","tag-escolapericot","tag-1r","tag-castanyada","tag-festes"],"post_mailing_queue_ids":[],"_links":{"self":[{"href":"https:\/\/agora.xtec.cat\/esc-pericot\/wp-json\/wp\/v2\/posts\/6842","targetHints":{"allow":["GET"]}}],"collection":[{"href":"https:\/\/agora.xtec.cat\/esc-pericot\/wp-json\/wp\/v2\/posts"}],"about":[{"href":"https:\/\/agora.xtec.cat\/esc-pericot\/wp-json\/wp\/v2\/types\/post"}],"author":[{"embeddable":true,"href":"https:\/\/agora.xtec.cat\/esc-pericot\/wp-json\/wp\/v2\/users\/10"}],"replies":[{"embeddable":true,"href":"https:\/\/agora.xtec.cat\/esc-pericot\/wp-json\/wp\/v2\/comments?post=6842"}],"version-history":[{"count":3,"href":"https:\/\/agora.xtec.cat\/esc-pericot\/wp-json\/wp\/v2\/posts\/6842\/revisions"}],"predecessor-version":[{"id":6849,"href":"https:\/\/agora.xtec.cat\/esc-pericot\/wp-json\/wp\/v2\/posts\/6842\/revisions\/6849"}],"wp:featuredmedia":[{"embeddable":true,"href":"https:\/\/agora.xtec.cat\/esc-pericot\/wp-json\/wp\/v2\/media\/6845"}],"wp:attachment":[{"href":"https:\/\/agora.xtec.cat\/esc-pericot\/wp-json\/wp\/v2\/media?parent=6842"}],"wp:term":[{"taxonomy":"category","embeddable":true,"href":"https:\/\/agora.xtec.cat\/esc-pericot\/wp-json\/wp\/v2\/categories?post=6842"},{"taxonomy":"post_tag","embeddable":true,"href":"https:\/\/agora.xtec.cat\/esc-pericot\/wp-json\/wp\/v2\/tags?post=6842"}],"curies":[{"name":"wp","href":"https:\/\/api.w.org\/{rel}","templated":true}]}}