{"id":6758,"date":"2022-10-25T09:00:18","date_gmt":"2022-10-25T07:00:18","guid":{"rendered":"https:\/\/agora.xtec.cat\/esc-pericot\/?p=6758"},"modified":"2025-12-12T10:33:02","modified_gmt":"2025-12-12T09:33:02","slug":"que-es-el-bicibus-i-per-que-el-fem","status":"publish","type":"post","link":"https:\/\/agora.xtec.cat\/esc-pericot\/portada\/que-es-el-bicibus-i-per-que-el-fem\/","title":{"rendered":"QU\u00c8 \u00c9S EL BICIB\u00daS I PER QU\u00c8 EL FEM?"},"content":{"rendered":"<p><span style=\"font-weight: 400;\">Ara far\u00e0 10 mesos\u00a0 l\u2019escola Pericot i 3 escoles m\u00e9s de Girona (Balandrau, Eiximenis i Domeny) vam iniciar una activitat escolar anomenada <\/span><b>BICIB\u00daS<\/b><span style=\"font-weight: 400;\">.<\/span><\/p>\n<p><span style=\"font-weight: 400;\">El bicib\u00fas \u00e9s una activitat adre\u00e7ada al nostre alumnat que es fa els divendres al mat\u00ed i que consisteix en anar a l\u2019escola en bici.\u00a0<\/span><\/p>\n<p><img loading=\"lazy\" decoding=\"async\" class=\"alignnone size-large wp-image-6763\" src=\"https:\/\/agora.xtec.cat\/esc-pericot\/wp-content\/uploads\/usu807\/2022\/10\/WhatsApp-Image-2022-02-04-at-14.33.54-1-1024x576.jpeg\" alt=\"\" width=\"1024\" height=\"576\" srcset=\"https:\/\/agora.xtec.cat\/esc-pericot\/wp-content\/uploads\/usu807\/2022\/10\/WhatsApp-Image-2022-02-04-at-14.33.54-1-1024x576.jpeg 1024w, https:\/\/agora.xtec.cat\/esc-pericot\/wp-content\/uploads\/usu807\/2022\/10\/WhatsApp-Image-2022-02-04-at-14.33.54-1-300x169.jpeg 300w, https:\/\/agora.xtec.cat\/esc-pericot\/wp-content\/uploads\/usu807\/2022\/10\/WhatsApp-Image-2022-02-04-at-14.33.54-1-768x432.jpeg 768w, https:\/\/agora.xtec.cat\/esc-pericot\/wp-content\/uploads\/usu807\/2022\/10\/WhatsApp-Image-2022-02-04-at-14.33.54-1-1536x864.jpeg 1536w, https:\/\/agora.xtec.cat\/esc-pericot\/wp-content\/uploads\/usu807\/2022\/10\/WhatsApp-Image-2022-02-04-at-14.33.54-1.jpeg 1600w\" sizes=\"auto, (max-width: 1024px) 100vw, 1024px\" \/><\/p>\n<p><span style=\"font-weight: 400;\">Per participar-hi cal apuntar-se omplint un formulari i fer el recorregut des de la parada m\u00e9s propera al domicili familiar fins a l\u2019escola amb acompanyament de pares, mares i mestres voluntaris que custodien els nens i les nenes usu\u00e0ries durant el recorregut fins a l\u2019escola.\u00a0<\/span><\/p>\n<p><span style=\"font-weight: 400;\">L\u2019activitat \u00e9s gratu\u00efta, saludable i reivindicativa: es fa per demanar m\u00e9s carrils bicis, m\u00e9s despla\u00e7aments sostenibles i uns entorns escolars segurs i pac\u00edfics (tenim el recolzament i assessorament de <\/span><a href=\"https:\/\/www.revoltaescolar.cat\/\"><i><span style=\"font-weight: 400;\">Revolta Escolar<\/span><\/i><\/a><span style=\"font-weight: 400;\"> ).<\/span><\/p>\n<p><span style=\"font-weight: 400;\">A m\u00e9s el bicib\u00fas fomenta aspectes personals de l\u2019alumnat, com ara l\u2019autonomia, les habilitats i l\u2019autoestima (els nens i els nenes arriben a l\u2019escola ben contents i amb l&#8217;autoestima alta despr\u00e9s d\u2019haver superat la pujada del carrer Andreu Tuyet i Santamaria).<\/span><\/p>\n<p><span style=\"font-weight: 400;\">Si voleu m\u00e9s informaci\u00f3 sobre la normativa, el funcionament, les l\u00ednies que hi ha, les parades, els horaris, etc. cliqueu aquest <\/span><a href=\"https:\/\/drive.google.com\/file\/d\/19Xc-bRaRUoApYBqKCdSCbLNPb0-aEPIr\/view?usp=sharing\"><span style=\"font-weight: 400;\">enlla\u00e7<\/span><\/a><span style=\"font-weight: 400;\">.<\/span><span style=\"font-weight: 400;\">\u00a0<\/span><\/p>\n<p><span style=\"font-weight: 400;\">I si el que voleu \u00e9s participar-hi, ja sigui com a alumnes\u00a0 o com a pares o mestres acompanyants, els seg\u00fcents codis QR\u2019s\u00a0 us permetran accedir als formularis directament.<\/span><span style=\"font-weight: 400;\">\u00a0<\/span><\/p>\n<p><span style=\"font-weight: 400;\">Us Esperem!!<\/span><\/p>\n<p><img loading=\"lazy\" decoding=\"async\" class=\"wp-image-6760 alignleft\" src=\"https:\/\/agora.xtec.cat\/esc-pericot\/wp-content\/uploads\/usu807\/2022\/10\/Qr-alumnes.jpg\" alt=\"\" width=\"256\" height=\"221\" srcset=\"https:\/\/agora.xtec.cat\/esc-pericot\/wp-content\/uploads\/usu807\/2022\/10\/Qr-alumnes.jpg 416w, https:\/\/agora.xtec.cat\/esc-pericot\/wp-content\/uploads\/usu807\/2022\/10\/Qr-alumnes-300x260.jpg 300w\" sizes=\"auto, (max-width: 256px) 100vw, 256px\" \/><span style=\"font-family: inherit; font-size: 1em;\">\u00a0 \u00a0 \u00a0 \u00a0 \u00a0 \u00a0 \u00a0 \u00a0 \u00a0 \u00a0 \u00a0 \u00a0 <\/span><img loading=\"lazy\" decoding=\"async\" class=\"wp-image-6761 alignnone\" style=\"font-family: inherit; font-size: 1em;\" src=\"https:\/\/agora.xtec.cat\/esc-pericot\/wp-content\/uploads\/usu807\/2022\/10\/Qr-pares.jpg\" alt=\"\" width=\"252\" height=\"244\" srcset=\"https:\/\/agora.xtec.cat\/esc-pericot\/wp-content\/uploads\/usu807\/2022\/10\/Qr-pares.jpg 408w, https:\/\/agora.xtec.cat\/esc-pericot\/wp-content\/uploads\/usu807\/2022\/10\/Qr-pares-300x290.jpg 300w\" sizes=\"auto, (max-width: 252px) 100vw, 252px\" \/><br \/>\n<span style=\"font-weight: 400;\">\u00a0 \u00a0 \u00a0 \u00a0 \u00a0 \u00a0 \u00a0 \u00a0 \u00a0 \u00a0 ALUMNES\u00a0 \u00a0 \u00a0 \u00a0 \u00a0 \u00a0 \u00a0 \u00a0 \u00a0 \u00a0 \u00a0 \u00a0 \u00a0 \u00a0 \u00a0 \u00a0 \u00a0 \u00a0 \u00a0 \u00a0 \u00a0 \u00a0 \u00a0 \u00a0 \u00a0 \u00a0 \u00a0 PARES\/MARES\/MESTRES<\/span><\/p>\n<p>&nbsp;<\/p>\n","protected":false},"excerpt":{"rendered":"<p>Ara far\u00e0 10 mesos\u00a0 l\u2019escola Pericot i 3 escoles m\u00e9s de Girona (Balandrau, Eiximenis i Domeny) vam iniciar una activitat escolar anomenada BICIB\u00daS. El bicib\u00fas \u00e9s una activitat adre\u00e7ada al nostre alumnat que es fa els divendres al mat\u00ed i que consisteix en anar a l\u2019escola en bici.\u00a0 Per participar-hi cal apuntar-se omplint un formulari [&hellip;]<\/p>\n","protected":false},"author":10,"featured_media":6764,"comment_status":"open","ping_status":"closed","sticky":false,"template":"","format":"standard","meta":{"_bbp_topic_count":0,"_bbp_reply_count":0,"_bbp_total_topic_count":0,"_bbp_total_reply_count":0,"_bbp_voice_count":0,"_bbp_anonymous_reply_count":0,"_bbp_topic_count_hidden":0,"_bbp_reply_count_hidden":0,"_bbp_forum_subforum_count":0,"site-sidebar-layout":"default","site-content-layout":"","ast-site-content-layout":"","site-content-style":"default","site-sidebar-style":"default","ast-global-header-display":"","ast-banner-title-visibility":"","ast-main-header-display":"","ast-hfb-above-header-display":"","ast-hfb-below-header-display":"","ast-hfb-mobile-header-display":"","site-post-title":"","ast-breadcrumbs-content":"","ast-featured-img":"","footer-sml-layout":"","theme-transparent-header-meta":"","adv-header-id-meta":"","stick-header-meta":"","header-above-stick-meta":"","header-main-stick-meta":"","header-below-stick-meta":"","astra-migrate-meta-layouts":"default","ast-page-background-enabled":"default","ast-page-background-meta":{"desktop":{"background-color":"var(--ast-global-color-4)","background-image":"","background-repeat":"repeat","background-position":"center center","background-size":"auto","background-attachment":"scroll","background-type":"","background-media":"","overlay-type":"","overlay-color":"","overlay-opacity":"","overlay-gradient":""},"tablet":{"background-color":"","background-image":"","background-repeat":"repeat","background-position":"center center","background-size":"auto","background-attachment":"scroll","background-type":"","background-media":"","overlay-type":"","overlay-color":"","overlay-opacity":"","overlay-gradient":""},"mobile":{"background-color":"","background-image":"","background-repeat":"repeat","background-position":"center center","background-size":"auto","background-attachment":"scroll","background-type":"","background-media":"","overlay-type":"","overlay-color":"","overlay-opacity":"","overlay-gradient":""}},"ast-content-background-meta":{"desktop":{"background-color":"var(--ast-global-color-5)","background-image":"","background-repeat":"repeat","background-position":"center center","background-size":"auto","background-attachment":"scroll","background-type":"","background-media":"","overlay-type":"","overlay-color":"","overlay-opacity":"","overlay-gradient":""},"tablet":{"background-color":"var(--ast-global-color-5)","background-image":"","background-repeat":"repeat","background-position":"center center","background-size":"auto","background-attachment":"scroll","background-type":"","background-media":"","overlay-type":"","overlay-color":"","overlay-opacity":"","overlay-gradient":""},"mobile":{"background-color":"var(--ast-global-color-5)","background-image":"","background-repeat":"repeat","background-position":"center center","background-size":"auto","background-attachment":"scroll","background-type":"","background-media":"","overlay-type":"","overlay-color":"","overlay-opacity":"","overlay-gradient":""}},"footnotes":""},"categories":[4],"tags":[57,222,22,101],"class_list":["post-6758","post","type-post","status-publish","format-standard","has-post-thumbnail","hentry","category-portada","tag-ampa","tag-bicibus","tag-escola","tag-participacio"],"post_mailing_queue_ids":[],"_links":{"self":[{"href":"https:\/\/agora.xtec.cat\/esc-pericot\/wp-json\/wp\/v2\/posts\/6758","targetHints":{"allow":["GET"]}}],"collection":[{"href":"https:\/\/agora.xtec.cat\/esc-pericot\/wp-json\/wp\/v2\/posts"}],"about":[{"href":"https:\/\/agora.xtec.cat\/esc-pericot\/wp-json\/wp\/v2\/types\/post"}],"author":[{"embeddable":true,"href":"https:\/\/agora.xtec.cat\/esc-pericot\/wp-json\/wp\/v2\/users\/10"}],"replies":[{"embeddable":true,"href":"https:\/\/agora.xtec.cat\/esc-pericot\/wp-json\/wp\/v2\/comments?post=6758"}],"version-history":[{"count":3,"href":"https:\/\/agora.xtec.cat\/esc-pericot\/wp-json\/wp\/v2\/posts\/6758\/revisions"}],"predecessor-version":[{"id":6768,"href":"https:\/\/agora.xtec.cat\/esc-pericot\/wp-json\/wp\/v2\/posts\/6758\/revisions\/6768"}],"wp:featuredmedia":[{"embeddable":true,"href":"https:\/\/agora.xtec.cat\/esc-pericot\/wp-json\/wp\/v2\/media\/6764"}],"wp:attachment":[{"href":"https:\/\/agora.xtec.cat\/esc-pericot\/wp-json\/wp\/v2\/media?parent=6758"}],"wp:term":[{"taxonomy":"category","embeddable":true,"href":"https:\/\/agora.xtec.cat\/esc-pericot\/wp-json\/wp\/v2\/categories?post=6758"},{"taxonomy":"post_tag","embeddable":true,"href":"https:\/\/agora.xtec.cat\/esc-pericot\/wp-json\/wp\/v2\/tags?post=6758"}],"curies":[{"name":"wp","href":"https:\/\/api.w.org\/{rel}","templated":true}]}}