{"id":6756,"date":"2022-10-26T09:00:09","date_gmt":"2022-10-26T07:00:09","guid":{"rendered":"https:\/\/agora.xtec.cat\/esc-pericot\/?p=6756"},"modified":"2022-10-27T22:18:36","modified_gmt":"2022-10-27T20:18:36","slug":"a-i5-ens-hem-iniciat-amb-lassemblea","status":"publish","type":"post","link":"https:\/\/agora.xtec.cat\/esc-pericot\/portada\/a-i5-ens-hem-iniciat-amb-lassemblea\/","title":{"rendered":"A I5 ens hem iniciat amb l&#8217;Assemblea!"},"content":{"rendered":"<p><img loading=\"lazy\" decoding=\"async\" class=\"wp-image-6757 alignleft\" src=\"https:\/\/agora.xtec.cat\/esc-pericot\/wp-content\/uploads\/usu807\/2022\/10\/20221024_141942-COLLAGE-1024x1024.jpg\" alt=\"\" width=\"417\" height=\"417\" srcset=\"https:\/\/agora.xtec.cat\/esc-pericot\/wp-content\/uploads\/usu807\/2022\/10\/20221024_141942-COLLAGE-1024x1024.jpg 1024w, https:\/\/agora.xtec.cat\/esc-pericot\/wp-content\/uploads\/usu807\/2022\/10\/20221024_141942-COLLAGE-300x300.jpg 300w, https:\/\/agora.xtec.cat\/esc-pericot\/wp-content\/uploads\/usu807\/2022\/10\/20221024_141942-COLLAGE-150x150.jpg 150w, https:\/\/agora.xtec.cat\/esc-pericot\/wp-content\/uploads\/usu807\/2022\/10\/20221024_141942-COLLAGE-768x768.jpg 768w, https:\/\/agora.xtec.cat\/esc-pericot\/wp-content\/uploads\/usu807\/2022\/10\/20221024_141942-COLLAGE-1536x1536.jpg 1536w, https:\/\/agora.xtec.cat\/esc-pericot\/wp-content\/uploads\/usu807\/2022\/10\/20221024_141942-COLLAGE-2048x2048.jpg 2048w\" sizes=\"auto, (max-width: 417px) 100vw, 417px\" \/><\/p>\n<p dir=\"auto\">Aquest curs I5 ens hem iniciat a fer l&#8217;Assemblea, on parlem i fem propostes de situacions diverses que ens trobem en la conviv\u00e8ncia del dia a dia a l&#8217;escola i que volem millorar. A cada sessi\u00f3 d&#8217;Assemblea, hi ha un infant que fa de moderador i un altre de secretari. El moderador d\u00f3na la paraula als infants que volen participar, i el secretari recull i enganxa les propostes i millores en un taulell que tenim a l&#8217;aula. Despr\u00e9s escrivim els acords en una llibreta. Durant el curs, els delegats (alumnes voluntaris escollits per sorteig) es reuniran v\u00e0ries vegades amb els altres delegats dels altres cursos en una Assemblea general.<\/p>\n<p dir=\"auto\">Ens agrada molt reunir-nos i sobretot tenir el micr\u00f2fon per parlar!<\/p>\n","protected":false},"excerpt":{"rendered":"<p>Aquest curs I5 ens hem iniciat a fer l&#8217;Assemblea, on parlem i fem propostes de situacions diverses que ens trobem en la conviv\u00e8ncia del dia a dia a l&#8217;escola i que volem millorar.<\/p>\n","protected":false},"author":11,"featured_media":6757,"comment_status":"open","ping_status":"closed","sticky":false,"template":"","format":"standard","meta":{"_bbp_topic_count":0,"_bbp_reply_count":0,"_bbp_total_topic_count":0,"_bbp_total_reply_count":0,"_bbp_voice_count":0,"_bbp_anonymous_reply_count":0,"_bbp_topic_count_hidden":0,"_bbp_reply_count_hidden":0,"_bbp_forum_subforum_count":0,"site-sidebar-layout":"default","site-content-layout":"","ast-site-content-layout":"","site-content-style":"default","site-sidebar-style":"default","ast-global-header-display":"","ast-banner-title-visibility":"","ast-main-header-display":"","ast-hfb-above-header-display":"","ast-hfb-below-header-display":"","ast-hfb-mobile-header-display":"","site-post-title":"","ast-breadcrumbs-content":"","ast-featured-img":"","footer-sml-layout":"","theme-transparent-header-meta":"","adv-header-id-meta":"","stick-header-meta":"","header-above-stick-meta":"","header-main-stick-meta":"","header-below-stick-meta":"","astra-migrate-meta-layouts":"default","ast-page-background-enabled":"default","ast-page-background-meta":{"desktop":{"background-color":"var(--ast-global-color-4)","background-image":"","background-repeat":"repeat","background-position":"center center","background-size":"auto","background-attachment":"scroll","background-type":"","background-media":"","overlay-type":"","overlay-color":"","overlay-opacity":"","overlay-gradient":""},"tablet":{"background-color":"","background-image":"","background-repeat":"repeat","background-position":"center center","background-size":"auto","background-attachment":"scroll","background-type":"","background-media":"","overlay-type":"","overlay-color":"","overlay-opacity":"","overlay-gradient":""},"mobile":{"background-color":"","background-image":"","background-repeat":"repeat","background-position":"center center","background-size":"auto","background-attachment":"scroll","background-type":"","background-media":"","overlay-type":"","overlay-color":"","overlay-opacity":"","overlay-gradient":""}},"ast-content-background-meta":{"desktop":{"background-color":"var(--ast-global-color-5)","background-image":"","background-repeat":"repeat","background-position":"center center","background-size":"auto","background-attachment":"scroll","background-type":"","background-media":"","overlay-type":"","overlay-color":"","overlay-opacity":"","overlay-gradient":""},"tablet":{"background-color":"var(--ast-global-color-5)","background-image":"","background-repeat":"repeat","background-position":"center center","background-size":"auto","background-attachment":"scroll","background-type":"","background-media":"","overlay-type":"","overlay-color":"","overlay-opacity":"","overlay-gradient":""},"mobile":{"background-color":"var(--ast-global-color-5)","background-image":"","background-repeat":"repeat","background-position":"center center","background-size":"auto","background-attachment":"scroll","background-type":"","background-media":"","overlay-type":"","overlay-color":"","overlay-opacity":"","overlay-gradient":""}},"footnotes":""},"categories":[8,4],"tags":[283,285,284],"class_list":["post-6756","post","type-post","status-publish","format-standard","has-post-thumbnail","hentry","category-20-28","category-portada","tag-assemblea","tag-conversa","tag-reunio"],"post_mailing_queue_ids":[],"_links":{"self":[{"href":"https:\/\/agora.xtec.cat\/esc-pericot\/wp-json\/wp\/v2\/posts\/6756","targetHints":{"allow":["GET"]}}],"collection":[{"href":"https:\/\/agora.xtec.cat\/esc-pericot\/wp-json\/wp\/v2\/posts"}],"about":[{"href":"https:\/\/agora.xtec.cat\/esc-pericot\/wp-json\/wp\/v2\/types\/post"}],"author":[{"embeddable":true,"href":"https:\/\/agora.xtec.cat\/esc-pericot\/wp-json\/wp\/v2\/users\/11"}],"replies":[{"embeddable":true,"href":"https:\/\/agora.xtec.cat\/esc-pericot\/wp-json\/wp\/v2\/comments?post=6756"}],"version-history":[{"count":3,"href":"https:\/\/agora.xtec.cat\/esc-pericot\/wp-json\/wp\/v2\/posts\/6756\/revisions"}],"predecessor-version":[{"id":6771,"href":"https:\/\/agora.xtec.cat\/esc-pericot\/wp-json\/wp\/v2\/posts\/6756\/revisions\/6771"}],"wp:featuredmedia":[{"embeddable":true,"href":"https:\/\/agora.xtec.cat\/esc-pericot\/wp-json\/wp\/v2\/media\/6757"}],"wp:attachment":[{"href":"https:\/\/agora.xtec.cat\/esc-pericot\/wp-json\/wp\/v2\/media?parent=6756"}],"wp:term":[{"taxonomy":"category","embeddable":true,"href":"https:\/\/agora.xtec.cat\/esc-pericot\/wp-json\/wp\/v2\/categories?post=6756"},{"taxonomy":"post_tag","embeddable":true,"href":"https:\/\/agora.xtec.cat\/esc-pericot\/wp-json\/wp\/v2\/tags?post=6756"}],"curies":[{"name":"wp","href":"https:\/\/api.w.org\/{rel}","templated":true}]}}