{"id":6607,"date":"2022-09-08T14:26:01","date_gmt":"2022-09-08T12:26:01","guid":{"rendered":"https:\/\/agora.xtec.cat\/esc-pericot\/?p=6607"},"modified":"2022-09-29T15:04:49","modified_gmt":"2022-09-29T13:04:49","slug":"vip-projecte-viatgers-del-temps","status":"publish","type":"post","link":"https:\/\/agora.xtec.cat\/esc-pericot\/portada\/vip-projecte-viatgers-del-temps\/","title":{"rendered":"ViP: Projecte Viatgers del Temps"},"content":{"rendered":"<p><img loading=\"lazy\" decoding=\"async\" class=\"aligncenter wp-image-6610\" src=\"https:\/\/agora.xtec.cat\/esc-pericot\/wp-content\/uploads\/usu807\/2022\/09\/enllac-site-1.png\" alt=\"\" width=\"168\" height=\"169\" srcset=\"https:\/\/agora.xtec.cat\/esc-pericot\/wp-content\/uploads\/usu807\/2022\/09\/enllac-site-1.png 309w, https:\/\/agora.xtec.cat\/esc-pericot\/wp-content\/uploads\/usu807\/2022\/09\/enllac-site-1-300x300.png 300w, https:\/\/agora.xtec.cat\/esc-pericot\/wp-content\/uploads\/usu807\/2022\/09\/enllac-site-1-150x150.png 150w\" sizes=\"auto, (max-width: 168px) 100vw, 168px\" \/><\/p>\n<p>Aquest any encetarem el curs de Visual i Pl\u00e0stica (prim\u00e0ria) amb un nou projecte anual anomenat <a href=\"https:\/\/sites.google.com\/xtec.cat\/viatgersdeltemps\/projecte\"><em>Viatgers del Temps.<\/em><\/a> El comen\u00e7arem a partir de l&#8217;octubre.<\/p>\n<p>Podeu visitar-ne la p\u00e0gina tot clicant l&#8217;enlla\u00e7: <a href=\"https:\/\/sites.google.com\/xtec.cat\/viatgersdeltemps\/projecte\">https:\/\/sites.google.com\/xtec.cat\/viatgersdeltemps\/projecte<\/a><\/p>\n<p>De moment hi trobareu l&#8217;estructura del projecte, aix\u00ed com la justificaci\u00f3 i la metodologia emprada a l&#8217;aula de Visual i Pl\u00e0stica (ViP). A m\u00e9s, durant el curs l&#8217;anirem remodelant i farcint de feines, fetes pels alumnes de prim\u00e0ria. Ser\u00e0 una feina compartida entre tots els grups que passin per l&#8217;aula; una feina coral.<\/p>\n<p>La intenci\u00f3 de tot plegat \u00e9s finalitzar el curs amb la p\u00e0gina plena de sorpreses! Espero que gaudiu seguint les propostes realitzades pels alumnes de l&#8217;escola.<\/p>\n<p>&nbsp;<\/p>\n<p>&nbsp;<\/p>\n","protected":false},"excerpt":{"rendered":"<p>Aquest any encetarem el curs de Visual i Pl\u00e0stica (prim\u00e0ria) amb un nou projecte anual anomenat Viatgers del Temps. El comen\u00e7arem a partir de l&#8217;octubre. Podeu visitar-ne la p\u00e0gina tot clicant l&#8217;enlla\u00e7: https:\/\/sites.google.com\/xtec.cat\/viatgersdeltemps\/projecte De moment hi trobareu l&#8217;estructura del projecte, aix\u00ed com la justificaci\u00f3 i la metodologia emprada a l&#8217;aula de Visual i Pl\u00e0stica (ViP). [&hellip;]<\/p>\n","protected":false},"author":14,"featured_media":6610,"comment_status":"open","ping_status":"closed","sticky":false,"template":"","format":"standard","meta":{"_bbp_topic_count":0,"_bbp_reply_count":0,"_bbp_total_topic_count":0,"_bbp_total_reply_count":0,"_bbp_voice_count":0,"_bbp_anonymous_reply_count":0,"_bbp_topic_count_hidden":0,"_bbp_reply_count_hidden":0,"_bbp_forum_subforum_count":0,"site-sidebar-layout":"default","site-content-layout":"","ast-site-content-layout":"","site-content-style":"default","site-sidebar-style":"default","ast-global-header-display":"","ast-banner-title-visibility":"","ast-main-header-display":"","ast-hfb-above-header-display":"","ast-hfb-below-header-display":"","ast-hfb-mobile-header-display":"","site-post-title":"","ast-breadcrumbs-content":"","ast-featured-img":"","footer-sml-layout":"","theme-transparent-header-meta":"","adv-header-id-meta":"","stick-header-meta":"","header-above-stick-meta":"","header-main-stick-meta":"","header-below-stick-meta":"","astra-migrate-meta-layouts":"default","ast-page-background-enabled":"default","ast-page-background-meta":{"desktop":{"background-color":"var(--ast-global-color-4)","background-image":"","background-repeat":"repeat","background-position":"center center","background-size":"auto","background-attachment":"scroll","background-type":"","background-media":"","overlay-type":"","overlay-color":"","overlay-opacity":"","overlay-gradient":""},"tablet":{"background-color":"","background-image":"","background-repeat":"repeat","background-position":"center center","background-size":"auto","background-attachment":"scroll","background-type":"","background-media":"","overlay-type":"","overlay-color":"","overlay-opacity":"","overlay-gradient":""},"mobile":{"background-color":"","background-image":"","background-repeat":"repeat","background-position":"center center","background-size":"auto","background-attachment":"scroll","background-type":"","background-media":"","overlay-type":"","overlay-color":"","overlay-opacity":"","overlay-gradient":""}},"ast-content-background-meta":{"desktop":{"background-color":"var(--ast-global-color-5)","background-image":"","background-repeat":"repeat","background-position":"center center","background-size":"auto","background-attachment":"scroll","background-type":"","background-media":"","overlay-type":"","overlay-color":"","overlay-opacity":"","overlay-gradient":""},"tablet":{"background-color":"var(--ast-global-color-5)","background-image":"","background-repeat":"repeat","background-position":"center center","background-size":"auto","background-attachment":"scroll","background-type":"","background-media":"","overlay-type":"","overlay-color":"","overlay-opacity":"","overlay-gradient":""},"mobile":{"background-color":"var(--ast-global-color-5)","background-image":"","background-repeat":"repeat","background-position":"center center","background-size":"auto","background-attachment":"scroll","background-type":"","background-media":"","overlay-type":"","overlay-color":"","overlay-opacity":"","overlay-gradient":""}},"footnotes":""},"categories":[9,10,11,265,4,14,13,12],"tags":[79,234,263],"class_list":["post-6607","post","type-post","status-publish","format-standard","has-post-thumbnail","hentry","category-19-27","category-18-26","category-17-25","category-artistica","category-portada","category-14-22","category-15-23","category-16-24","tag-artistica-plastica","tag-presentacions","tag-vip"],"post_mailing_queue_ids":[],"_links":{"self":[{"href":"https:\/\/agora.xtec.cat\/esc-pericot\/wp-json\/wp\/v2\/posts\/6607","targetHints":{"allow":["GET"]}}],"collection":[{"href":"https:\/\/agora.xtec.cat\/esc-pericot\/wp-json\/wp\/v2\/posts"}],"about":[{"href":"https:\/\/agora.xtec.cat\/esc-pericot\/wp-json\/wp\/v2\/types\/post"}],"author":[{"embeddable":true,"href":"https:\/\/agora.xtec.cat\/esc-pericot\/wp-json\/wp\/v2\/users\/14"}],"replies":[{"embeddable":true,"href":"https:\/\/agora.xtec.cat\/esc-pericot\/wp-json\/wp\/v2\/comments?post=6607"}],"version-history":[{"count":3,"href":"https:\/\/agora.xtec.cat\/esc-pericot\/wp-json\/wp\/v2\/posts\/6607\/revisions"}],"predecessor-version":[{"id":6617,"href":"https:\/\/agora.xtec.cat\/esc-pericot\/wp-json\/wp\/v2\/posts\/6607\/revisions\/6617"}],"wp:featuredmedia":[{"embeddable":true,"href":"https:\/\/agora.xtec.cat\/esc-pericot\/wp-json\/wp\/v2\/media\/6610"}],"wp:attachment":[{"href":"https:\/\/agora.xtec.cat\/esc-pericot\/wp-json\/wp\/v2\/media?parent=6607"}],"wp:term":[{"taxonomy":"category","embeddable":true,"href":"https:\/\/agora.xtec.cat\/esc-pericot\/wp-json\/wp\/v2\/categories?post=6607"},{"taxonomy":"post_tag","embeddable":true,"href":"https:\/\/agora.xtec.cat\/esc-pericot\/wp-json\/wp\/v2\/tags?post=6607"}],"curies":[{"name":"wp","href":"https:\/\/api.w.org\/{rel}","templated":true}]}}