{"id":6407,"date":"2022-06-08T09:17:09","date_gmt":"2022-06-08T07:17:09","guid":{"rendered":"https:\/\/agora.xtec.cat\/esc-pericot\/?p=6407"},"modified":"2022-07-14T17:52:23","modified_gmt":"2022-07-14T15:52:23","slug":"inventari-de-vip-5e","status":"publish","type":"post","link":"https:\/\/agora.xtec.cat\/esc-pericot\/primaria\/14-22\/inventari-de-vip-5e\/","title":{"rendered":"Inventari de ViP, 5\u00e8"},"content":{"rendered":"<p><img loading=\"lazy\" decoding=\"async\" class=\"aligncenter wp-image-6387\" src=\"https:\/\/agora.xtec.cat\/esc-pericot\/wp-content\/uploads\/usu807\/2022\/07\/INVENTARI-5E.jpg\" alt=\"\" width=\"154\" height=\"224\" srcset=\"https:\/\/agora.xtec.cat\/esc-pericot\/wp-content\/uploads\/usu807\/2022\/07\/INVENTARI-5E.jpg 356w, https:\/\/agora.xtec.cat\/esc-pericot\/wp-content\/uploads\/usu807\/2022\/07\/INVENTARI-5E-206x300.jpg 206w\" sizes=\"auto, (max-width: 154px) 100vw, 154px\" \/><\/p>\n<p><span style=\"font-weight: 400\">Aquest llibre \u00e9s un <\/span><b>quadern d\u2019artista<\/b><span style=\"font-weight: 400\">, pensat per anar documentant la feina que es dur\u00e0 a terme a l\u2019aula ViP.\u00a0<\/span><\/p>\n<p><span style=\"font-weight: 400\">Quan s\u2019acabi el curs tindrem un <\/span><b>recull <\/b><span style=\"font-weight: 400\">d\u2019algunes de les propostes que aniran sorgint a l\u2019aula.<\/span><\/p>\n<p><span style=\"font-weight: 400\">Cal dir\u00a0 per\u00f2, que no \u00e9s un recull de cada alumne. \u00e9s una feina coral. En aquest llibre s\u2019ha intentat que hi hagi una <\/span><b>mostra representativa<\/b> <span style=\"font-weight: 400\">de les tasques dels alumnes de <\/span><b>5\u00c8.<\/b><\/p>\n<p><span style=\"font-weight: 400\">Per aquesta ra\u00f3, no hi apareixeran els noms dels creadors de cada obra. Potser hi haur\u00e0 alguna anotaci\u00f3 sobre els objectius o informaci\u00f3 sobre l\u2019obra en q\u00fcesti\u00f3, aix\u00ed com alguna reflexi\u00f3 o comentari sorgit a l\u2019aula (per part d\u2019algun alumne).<\/span><\/p>\n<p><span style=\"font-weight: 400\">Espero que, compartir les feines dels alumnes amb les fam\u00edlies, serveixi per a una major comprensi\u00f3 de la tasca duta a terme a l\u2019aula vip.<\/span><\/p>\n<p>Clica sobre l&#8217;enlla\u00e7 per veure\u00b4l:<\/p>\n<p><a href=\"https:\/\/docs.google.com\/presentation\/d\/1Xk5vmFOm02jaql0fzboHjT4BwgpoVAoqNLkSu3bBpDo\/edit?usp=sharing\">https:\/\/docs.google.com\/presentation\/d\/1Xk5vmFOm02jaql0fzboHjT4BwgpoVAoqNLkSu3bBpDo\/edit?usp=sharing<\/a><\/p>\n","protected":false},"excerpt":{"rendered":"<p>Aquest llibre \u00e9s un quadern d\u2019artista, pensat per anar documentant la feina que es dur\u00e0 a terme a l\u2019aula ViP.\u00a0 Quan s\u2019acabi el curs tindrem un recull d\u2019algunes de les propostes que aniran sorgint a l\u2019aula. Cal dir\u00a0 per\u00f2, que no \u00e9s un recull de cada alumne. \u00e9s una feina coral. En aquest llibre s\u2019ha [&hellip;]<\/p>\n","protected":false},"author":9,"featured_media":6387,"comment_status":"open","ping_status":"closed","sticky":false,"template":"","format":"standard","meta":{"_bbp_topic_count":0,"_bbp_reply_count":0,"_bbp_total_topic_count":0,"_bbp_total_reply_count":0,"_bbp_voice_count":0,"_bbp_anonymous_reply_count":0,"_bbp_topic_count_hidden":0,"_bbp_reply_count_hidden":0,"_bbp_forum_subforum_count":0,"site-sidebar-layout":"default","site-content-layout":"","ast-site-content-layout":"","site-content-style":"default","site-sidebar-style":"default","ast-global-header-display":"","ast-banner-title-visibility":"","ast-main-header-display":"","ast-hfb-above-header-display":"","ast-hfb-below-header-display":"","ast-hfb-mobile-header-display":"","site-post-title":"","ast-breadcrumbs-content":"","ast-featured-img":"","footer-sml-layout":"","theme-transparent-header-meta":"","adv-header-id-meta":"","stick-header-meta":"","header-above-stick-meta":"","header-main-stick-meta":"","header-below-stick-meta":"","astra-migrate-meta-layouts":"default","ast-page-background-enabled":"default","ast-page-background-meta":{"desktop":{"background-color":"var(--ast-global-color-4)","background-image":"","background-repeat":"repeat","background-position":"center center","background-size":"auto","background-attachment":"scroll","background-type":"","background-media":"","overlay-type":"","overlay-color":"","overlay-opacity":"","overlay-gradient":""},"tablet":{"background-color":"","background-image":"","background-repeat":"repeat","background-position":"center center","background-size":"auto","background-attachment":"scroll","background-type":"","background-media":"","overlay-type":"","overlay-color":"","overlay-opacity":"","overlay-gradient":""},"mobile":{"background-color":"","background-image":"","background-repeat":"repeat","background-position":"center center","background-size":"auto","background-attachment":"scroll","background-type":"","background-media":"","overlay-type":"","overlay-color":"","overlay-opacity":"","overlay-gradient":""}},"ast-content-background-meta":{"desktop":{"background-color":"var(--ast-global-color-5)","background-image":"","background-repeat":"repeat","background-position":"center center","background-size":"auto","background-attachment":"scroll","background-type":"","background-media":"","overlay-type":"","overlay-color":"","overlay-opacity":"","overlay-gradient":""},"tablet":{"background-color":"var(--ast-global-color-5)","background-image":"","background-repeat":"repeat","background-position":"center center","background-size":"auto","background-attachment":"scroll","background-type":"","background-media":"","overlay-type":"","overlay-color":"","overlay-opacity":"","overlay-gradient":""},"mobile":{"background-color":"var(--ast-global-color-5)","background-image":"","background-repeat":"repeat","background-position":"center center","background-size":"auto","background-attachment":"scroll","background-type":"","background-media":"","overlay-type":"","overlay-color":"","overlay-opacity":"","overlay-gradient":""}},"footnotes":""},"categories":[265,14,15],"tags":[184,79,35,17,263],"class_list":["post-6407","post","type-post","status-publish","format-standard","has-post-thumbnail","hentry","category-artistica","category-14-22","category-13-21","tag-5e","tag-artistica-plastica","tag-cicle-superior","tag-plastica","tag-vip"],"post_mailing_queue_ids":[],"_links":{"self":[{"href":"https:\/\/agora.xtec.cat\/esc-pericot\/wp-json\/wp\/v2\/posts\/6407","targetHints":{"allow":["GET"]}}],"collection":[{"href":"https:\/\/agora.xtec.cat\/esc-pericot\/wp-json\/wp\/v2\/posts"}],"about":[{"href":"https:\/\/agora.xtec.cat\/esc-pericot\/wp-json\/wp\/v2\/types\/post"}],"author":[{"embeddable":true,"href":"https:\/\/agora.xtec.cat\/esc-pericot\/wp-json\/wp\/v2\/users\/9"}],"replies":[{"embeddable":true,"href":"https:\/\/agora.xtec.cat\/esc-pericot\/wp-json\/wp\/v2\/comments?post=6407"}],"version-history":[{"count":1,"href":"https:\/\/agora.xtec.cat\/esc-pericot\/wp-json\/wp\/v2\/posts\/6407\/revisions"}],"predecessor-version":[{"id":6408,"href":"https:\/\/agora.xtec.cat\/esc-pericot\/wp-json\/wp\/v2\/posts\/6407\/revisions\/6408"}],"wp:featuredmedia":[{"embeddable":true,"href":"https:\/\/agora.xtec.cat\/esc-pericot\/wp-json\/wp\/v2\/media\/6387"}],"wp:attachment":[{"href":"https:\/\/agora.xtec.cat\/esc-pericot\/wp-json\/wp\/v2\/media?parent=6407"}],"wp:term":[{"taxonomy":"category","embeddable":true,"href":"https:\/\/agora.xtec.cat\/esc-pericot\/wp-json\/wp\/v2\/categories?post=6407"},{"taxonomy":"post_tag","embeddable":true,"href":"https:\/\/agora.xtec.cat\/esc-pericot\/wp-json\/wp\/v2\/tags?post=6407"}],"curies":[{"name":"wp","href":"https:\/\/api.w.org\/{rel}","templated":true}]}}