{"id":6383,"date":"2022-07-06T12:50:57","date_gmt":"2022-07-06T10:50:57","guid":{"rendered":"https:\/\/agora.xtec.cat\/esc-pericot\/?p=6383"},"modified":"2022-07-14T17:51:20","modified_gmt":"2022-07-14T15:51:20","slug":"inventari-dactivitats-de-visual-i-plastica","status":"publish","type":"post","link":"https:\/\/agora.xtec.cat\/esc-pericot\/primaria\/18-26\/inventari-dactivitats-de-visual-i-plastica\/","title":{"rendered":"Inventari d&#8217;activitats de Visual i Pl\u00e0stica"},"content":{"rendered":"<p><span style=\"font-weight: 400\">Aquest llibre \u00e9s un <\/span><b>quadern d\u2019artista<\/b><span style=\"font-weight: 400\">, pensat per anar documentant la feina que es dur\u00e0 a terme a l\u2019aula ViP.\u00a0<\/span><\/p>\n<p><span style=\"font-weight: 400\">Quan s\u2019acabi el curs tindrem un <\/span><b>recull <\/b><span style=\"font-weight: 400\">d\u2019algunes de les propostes que aniran sorgint a l\u2019aula.<\/span><\/p>\n<p><span style=\"font-weight: 400\">Cal dir\u00a0 per\u00f2, que no \u00e9s un recull de cada alumne. \u00c9s una feina coral. En Aquest llibre s\u2019ha intentat que hi hagi una <\/span><b>mostra representativa<\/b> <span style=\"font-weight: 400\">de les tasques dels alumnes de <\/span><b>cicle inicial<\/b><span style=\"font-weight: 400\">.\u00a0<\/span><\/p>\n<p><span style=\"font-weight: 400\">Per aquesta ra\u00f3, no hi apareixeran els noms dels creadors de cada obra. Potser hi haur\u00e0 alguna anotaci\u00f3 sobre els objectius o informaci\u00f3 sobre l\u2019obra en q\u00fcesti\u00f3, aix\u00ed com alguna reflexi\u00f3 o comentari sorgit a l\u2019aula (per part d\u2019algun alumne).<\/span><\/p>\n<p><span style=\"font-weight: 400\">Espero que, compartir les feines dels alumnes amb les fam\u00edlies, serveixi per a una major comprensi\u00f3 de la tasca duta a terme a l\u2019aula ViP.<\/span><\/p>\n<p><img loading=\"lazy\" decoding=\"async\" class=\"aligncenter wp-image-6389\" src=\"https:\/\/agora.xtec.cat\/esc-pericot\/wp-content\/uploads\/usu807\/2022\/07\/CI.png\" alt=\"\" width=\"137\" height=\"203\" srcset=\"https:\/\/agora.xtec.cat\/esc-pericot\/wp-content\/uploads\/usu807\/2022\/07\/CI.png 350w, https:\/\/agora.xtec.cat\/esc-pericot\/wp-content\/uploads\/usu807\/2022\/07\/CI-203x300.png 203w\" sizes=\"auto, (max-width: 137px) 100vw, 137px\" \/><\/p>\n<p>Clica l&#8217;enlla\u00e7 seg\u00fcent per poder-lo fullejar:<\/p>\n<p><a href=\"https:\/\/docs.google.com\/presentation\/d\/1A2OV00XWSGplocfrUHH_shlX_P_aoKOUV7vETjuFQfo\/edit?usp=sharing\">https:\/\/docs.google.com\/presentation\/d\/1A2OV00XWSGplocfrUHH_shlX_P_aoKOUV7vETjuFQfo\/edit?usp=sharing<\/a><\/p>\n","protected":false},"excerpt":{"rendered":"<p>Aquest llibre \u00e9s un quadern d\u2019artista, pensat per anar documentant la feina que es dur\u00e0 a terme a l\u2019aula ViP.\u00a0 Quan s\u2019acabi el curs tindrem un recull d\u2019algunes de les propostes que aniran sorgint a l\u2019aula. Cal dir\u00a0 per\u00f2, que no \u00e9s un recull de cada alumne. \u00c9s una feina coral. En Aquest llibre s\u2019ha [&hellip;]<\/p>\n","protected":false},"author":10,"featured_media":6389,"comment_status":"open","ping_status":"closed","sticky":false,"template":"","format":"standard","meta":{"_bbp_topic_count":0,"_bbp_reply_count":0,"_bbp_total_topic_count":0,"_bbp_total_reply_count":0,"_bbp_voice_count":0,"_bbp_anonymous_reply_count":0,"_bbp_topic_count_hidden":0,"_bbp_reply_count_hidden":0,"_bbp_forum_subforum_count":0,"site-sidebar-layout":"default","site-content-layout":"","ast-site-content-layout":"","site-content-style":"default","site-sidebar-style":"default","ast-global-header-display":"","ast-banner-title-visibility":"","ast-main-header-display":"","ast-hfb-above-header-display":"","ast-hfb-below-header-display":"","ast-hfb-mobile-header-display":"","site-post-title":"","ast-breadcrumbs-content":"","ast-featured-img":"","footer-sml-layout":"","theme-transparent-header-meta":"","adv-header-id-meta":"","stick-header-meta":"","header-above-stick-meta":"","header-main-stick-meta":"","header-below-stick-meta":"","astra-migrate-meta-layouts":"default","ast-page-background-enabled":"default","ast-page-background-meta":{"desktop":{"background-color":"var(--ast-global-color-4)","background-image":"","background-repeat":"repeat","background-position":"center center","background-size":"auto","background-attachment":"scroll","background-type":"","background-media":"","overlay-type":"","overlay-color":"","overlay-opacity":"","overlay-gradient":""},"tablet":{"background-color":"","background-image":"","background-repeat":"repeat","background-position":"center center","background-size":"auto","background-attachment":"scroll","background-type":"","background-media":"","overlay-type":"","overlay-color":"","overlay-opacity":"","overlay-gradient":""},"mobile":{"background-color":"","background-image":"","background-repeat":"repeat","background-position":"center center","background-size":"auto","background-attachment":"scroll","background-type":"","background-media":"","overlay-type":"","overlay-color":"","overlay-opacity":"","overlay-gradient":""}},"ast-content-background-meta":{"desktop":{"background-color":"var(--ast-global-color-5)","background-image":"","background-repeat":"repeat","background-position":"center center","background-size":"auto","background-attachment":"scroll","background-type":"","background-media":"","overlay-type":"","overlay-color":"","overlay-opacity":"","overlay-gradient":""},"tablet":{"background-color":"var(--ast-global-color-5)","background-image":"","background-repeat":"repeat","background-position":"center center","background-size":"auto","background-attachment":"scroll","background-type":"","background-media":"","overlay-type":"","overlay-color":"","overlay-opacity":"","overlay-gradient":""},"mobile":{"background-color":"var(--ast-global-color-5)","background-image":"","background-repeat":"repeat","background-position":"center center","background-size":"auto","background-attachment":"scroll","background-type":"","background-media":"","overlay-type":"","overlay-color":"","overlay-opacity":"","overlay-gradient":""}},"footnotes":""},"categories":[10,11,265],"tags":[247,229,79,63,17,30,263],"class_list":["post-6383","post","type-post","status-publish","format-standard","has-post-thumbnail","hentry","category-18-26","category-17-25","category-artistica","tag-1r","tag-2n","tag-artistica-plastica","tag-cicle-inicial","tag-plastica","tag-primaria","tag-vip"],"post_mailing_queue_ids":[],"_links":{"self":[{"href":"https:\/\/agora.xtec.cat\/esc-pericot\/wp-json\/wp\/v2\/posts\/6383","targetHints":{"allow":["GET"]}}],"collection":[{"href":"https:\/\/agora.xtec.cat\/esc-pericot\/wp-json\/wp\/v2\/posts"}],"about":[{"href":"https:\/\/agora.xtec.cat\/esc-pericot\/wp-json\/wp\/v2\/types\/post"}],"author":[{"embeddable":true,"href":"https:\/\/agora.xtec.cat\/esc-pericot\/wp-json\/wp\/v2\/users\/10"}],"replies":[{"embeddable":true,"href":"https:\/\/agora.xtec.cat\/esc-pericot\/wp-json\/wp\/v2\/comments?post=6383"}],"version-history":[{"count":4,"href":"https:\/\/agora.xtec.cat\/esc-pericot\/wp-json\/wp\/v2\/posts\/6383\/revisions"}],"predecessor-version":[{"id":6396,"href":"https:\/\/agora.xtec.cat\/esc-pericot\/wp-json\/wp\/v2\/posts\/6383\/revisions\/6396"}],"wp:featuredmedia":[{"embeddable":true,"href":"https:\/\/agora.xtec.cat\/esc-pericot\/wp-json\/wp\/v2\/media\/6389"}],"wp:attachment":[{"href":"https:\/\/agora.xtec.cat\/esc-pericot\/wp-json\/wp\/v2\/media?parent=6383"}],"wp:term":[{"taxonomy":"category","embeddable":true,"href":"https:\/\/agora.xtec.cat\/esc-pericot\/wp-json\/wp\/v2\/categories?post=6383"},{"taxonomy":"post_tag","embeddable":true,"href":"https:\/\/agora.xtec.cat\/esc-pericot\/wp-json\/wp\/v2\/tags?post=6383"}],"curies":[{"name":"wp","href":"https:\/\/api.w.org\/{rel}","templated":true}]}}