{"id":6097,"date":"2022-05-17T22:08:00","date_gmt":"2022-05-17T20:08:00","guid":{"rendered":"https:\/\/agora.xtec.cat\/esc-pericot\/?p=6097"},"modified":"2022-05-17T22:18:14","modified_gmt":"2022-05-17T20:18:14","slug":"festival-de-danses-2","status":"publish","type":"post","link":"https:\/\/agora.xtec.cat\/esc-pericot\/telegram\/festival-de-danses-2\/","title":{"rendered":"Festival de danses. Fotos i v\u00eddeo"},"content":{"rendered":"<p><a href=\"https:\/\/agora.xtec.cat\/esc-pericot\/wp-content\/uploads\/usu807\/2022\/04\/IMG-20220427-WA0003.jpg\"><img loading=\"lazy\" decoding=\"async\" class=\"wp-image-6004 alignleft\" src=\"https:\/\/agora.xtec.cat\/esc-pericot\/wp-content\/uploads\/usu807\/2022\/04\/IMG-20220427-WA0003-724x1024.jpg\" alt=\"\" width=\"131\" height=\"185\" srcset=\"https:\/\/agora.xtec.cat\/esc-pericot\/wp-content\/uploads\/usu807\/2022\/04\/IMG-20220427-WA0003-724x1024.jpg 724w, https:\/\/agora.xtec.cat\/esc-pericot\/wp-content\/uploads\/usu807\/2022\/04\/IMG-20220427-WA0003-212x300.jpg 212w, https:\/\/agora.xtec.cat\/esc-pericot\/wp-content\/uploads\/usu807\/2022\/04\/IMG-20220427-WA0003-768x1087.jpg 768w, https:\/\/agora.xtec.cat\/esc-pericot\/wp-content\/uploads\/usu807\/2022\/04\/IMG-20220427-WA0003-1085x1536.jpg 1085w, https:\/\/agora.xtec.cat\/esc-pericot\/wp-content\/uploads\/usu807\/2022\/04\/IMG-20220427-WA0003.jpg 1447w\" sizes=\"auto, (max-width: 131px) 100vw, 131px\" \/><\/a>Fa uns dies l&#8217;equip directiu us van compartir l&#8217;enlla\u00e7 al v\u00eddeo. Ara que ja tenim les fotografies us ho volem compartir tamb\u00e9 per aqu\u00ed, al nostre blog.\u25b6\u00a0\u00a0<a href=\"https:\/\/drive.google.com\/drive\/folders\/17CNd9rS_aceslYhKu6LqtgARIEp1MKoT?usp=sharing\" target=\"_blank\" rel=\"noopener\">Feu clic\u00a0 \u25c0<\/a><\/p>\n<p>Recordeu que l&#8217;enlla\u00e7 us redirecciona sempre al drive i que per accedir-hi ho heu de fer amb l&#8217;usuari i la contrasenya del vostre fill o filla\u00a0 &#8220;usuari@escolapericot.cat&#8221;.<\/p>\n","protected":false},"excerpt":{"rendered":"<p>Fa uns dies l&#8217;equip directiu us van compartir l&#8217;enlla\u00e7 al v\u00eddeo. Ara que ja tenim les fotografies us ho volem compartir tamb\u00e9 per aqu\u00ed, al nostre blog.\u25b6\u00a0\u00a0Feu clic\u00a0 \u25c0 Recordeu que l&#8217;enlla\u00e7 us redirecciona sempre al drive i que per accedir-hi ho heu de fer amb l&#8217;usuari i la contrasenya del vostre fill o filla\u00a0 [&hellip;]<\/p>\n","protected":false},"author":1,"featured_media":6102,"comment_status":"open","ping_status":"closed","sticky":false,"template":"","format":"standard","meta":{"_bbp_topic_count":0,"_bbp_reply_count":0,"_bbp_total_topic_count":0,"_bbp_total_reply_count":0,"_bbp_voice_count":0,"_bbp_anonymous_reply_count":0,"_bbp_topic_count_hidden":0,"_bbp_reply_count_hidden":0,"_bbp_forum_subforum_count":0,"site-sidebar-layout":"default","site-content-layout":"","ast-site-content-layout":"","site-content-style":"default","site-sidebar-style":"default","ast-global-header-display":"","ast-banner-title-visibility":"","ast-main-header-display":"","ast-hfb-above-header-display":"","ast-hfb-below-header-display":"","ast-hfb-mobile-header-display":"","site-post-title":"","ast-breadcrumbs-content":"","ast-featured-img":"","footer-sml-layout":"","theme-transparent-header-meta":"","adv-header-id-meta":"","stick-header-meta":"","header-above-stick-meta":"","header-main-stick-meta":"","header-below-stick-meta":"","astra-migrate-meta-layouts":"default","ast-page-background-enabled":"default","ast-page-background-meta":{"desktop":{"background-color":"var(--ast-global-color-4)","background-image":"","background-repeat":"repeat","background-position":"center center","background-size":"auto","background-attachment":"scroll","background-type":"","background-media":"","overlay-type":"","overlay-color":"","overlay-opacity":"","overlay-gradient":""},"tablet":{"background-color":"","background-image":"","background-repeat":"repeat","background-position":"center center","background-size":"auto","background-attachment":"scroll","background-type":"","background-media":"","overlay-type":"","overlay-color":"","overlay-opacity":"","overlay-gradient":""},"mobile":{"background-color":"","background-image":"","background-repeat":"repeat","background-position":"center center","background-size":"auto","background-attachment":"scroll","background-type":"","background-media":"","overlay-type":"","overlay-color":"","overlay-opacity":"","overlay-gradient":""}},"ast-content-background-meta":{"desktop":{"background-color":"var(--ast-global-color-5)","background-image":"","background-repeat":"repeat","background-position":"center center","background-size":"auto","background-attachment":"scroll","background-type":"","background-media":"","overlay-type":"","overlay-color":"","overlay-opacity":"","overlay-gradient":""},"tablet":{"background-color":"var(--ast-global-color-5)","background-image":"","background-repeat":"repeat","background-position":"center center","background-size":"auto","background-attachment":"scroll","background-type":"","background-media":"","overlay-type":"","overlay-color":"","overlay-opacity":"","overlay-gradient":""},"mobile":{"background-color":"var(--ast-global-color-5)","background-image":"","background-repeat":"repeat","background-position":"center center","background-size":"auto","background-attachment":"scroll","background-type":"","background-media":"","overlay-type":"","overlay-color":"","overlay-opacity":"","overlay-gradient":""}},"footnotes":""},"categories":[89],"tags":[28,251,60,73,239],"class_list":["post-6097","post","type-post","status-publish","format-standard","has-post-thumbnail","hentry","category-telegram","tag-alumnes","tag-danses","tag-festivals","tag-musica","tag-primavera"],"post_mailing_queue_ids":[],"_links":{"self":[{"href":"https:\/\/agora.xtec.cat\/esc-pericot\/wp-json\/wp\/v2\/posts\/6097","targetHints":{"allow":["GET"]}}],"collection":[{"href":"https:\/\/agora.xtec.cat\/esc-pericot\/wp-json\/wp\/v2\/posts"}],"about":[{"href":"https:\/\/agora.xtec.cat\/esc-pericot\/wp-json\/wp\/v2\/types\/post"}],"author":[{"embeddable":true,"href":"https:\/\/agora.xtec.cat\/esc-pericot\/wp-json\/wp\/v2\/users\/1"}],"replies":[{"embeddable":true,"href":"https:\/\/agora.xtec.cat\/esc-pericot\/wp-json\/wp\/v2\/comments?post=6097"}],"version-history":[{"count":3,"href":"https:\/\/agora.xtec.cat\/esc-pericot\/wp-json\/wp\/v2\/posts\/6097\/revisions"}],"predecessor-version":[{"id":6103,"href":"https:\/\/agora.xtec.cat\/esc-pericot\/wp-json\/wp\/v2\/posts\/6097\/revisions\/6103"}],"wp:featuredmedia":[{"embeddable":true,"href":"https:\/\/agora.xtec.cat\/esc-pericot\/wp-json\/wp\/v2\/media\/6102"}],"wp:attachment":[{"href":"https:\/\/agora.xtec.cat\/esc-pericot\/wp-json\/wp\/v2\/media?parent=6097"}],"wp:term":[{"taxonomy":"category","embeddable":true,"href":"https:\/\/agora.xtec.cat\/esc-pericot\/wp-json\/wp\/v2\/categories?post=6097"},{"taxonomy":"post_tag","embeddable":true,"href":"https:\/\/agora.xtec.cat\/esc-pericot\/wp-json\/wp\/v2\/tags?post=6097"}],"curies":[{"name":"wp","href":"https:\/\/api.w.org\/{rel}","templated":true}]}}