{"id":6087,"date":"2022-05-16T17:29:00","date_gmt":"2022-05-16T15:29:00","guid":{"rendered":"https:\/\/agora.xtec.cat\/esc-pericot\/?p=6087"},"modified":"2022-06-26T21:54:53","modified_gmt":"2022-06-26T19:54:53","slug":"festival-de-primavera-5","status":"publish","type":"post","link":"https:\/\/agora.xtec.cat\/esc-pericot\/primaria\/20-28\/festival-de-primavera-5\/","title":{"rendered":"FESTIVAL DE PRIMAVERA"},"content":{"rendered":"<p style=\"text-align: center\"><a href=\"https:\/\/drive.google.com\/file\/d\/1L1yBEQO7X9pW7QD8uUuYiq6vUhqBXQKS\/view?usp=sharing\"><img loading=\"lazy\" decoding=\"async\" class=\"alignnone wp-image-6089\" src=\"https:\/\/agora.xtec.cat\/esc-pericot\/wp-content\/uploads\/usu807\/2022\/05\/imatge-festival-primavera.jpg\" alt=\"\" width=\"271\" height=\"281\" srcset=\"https:\/\/agora.xtec.cat\/esc-pericot\/wp-content\/uploads\/usu807\/2022\/05\/imatge-festival-primavera.jpg 560w, https:\/\/agora.xtec.cat\/esc-pericot\/wp-content\/uploads\/usu807\/2022\/05\/imatge-festival-primavera-290x300.jpg 290w\" sizes=\"auto, (max-width: 271px) 100vw, 271px\" \/><\/a><\/p>\n<p>El divendres 6 de maig a la tarda ens va fer molta il\u00b7lusi\u00f3 obrir les portes de l&#8217;escola i que les fam\u00edlies pogu\u00e9ssiu venir a veure els vostres infants ballar una dansa, despr\u00e9s d&#8217;aquests temps sense poder compartir festes amb vosaltres.<\/p>\n<p>L&#8217; Edici\u00f3 d&#8217;aquest any del Festival de Primavera era &#8221; Danses d&#8217;Europa &#8220;, i tots els nivells d&#8217;alumnes de l&#8217;escola, per cicles, van presentar danses dels diferents pa\u00efsos que participen en el projecte Erasmus+ (Cro\u00e0cia, Gr\u00e8cia, B\u00e8lgica, It\u00e0lia, Catalunya).<\/p>\n<p>Infantil 4 vam representar Catalunya i vam ballar una adaptaci\u00f3 de la <em>dansa de l&#8217;Indiot,\u00a0<\/em>una dansa ballada a Solsona, on es balla per parelles\u00a0 unides amb un mocador i s&#8217;ha d&#8217;anar passant per sota dels ponts formats per la resta de parelles.<\/p>\n<p>Desitgem que us agrad\u00e9s i felicitar als vostres infants per la dedicaci\u00f3 i esfor\u00e7 que van fer durant molts dies per preparar-la i que al final sort\u00eds un festival rod\u00f3 !<\/p>\n<p>&nbsp;<\/p>\n","protected":false},"excerpt":{"rendered":"<p>El divendres 6 de maig a la tarda ens va fer molta il\u00b7lusi\u00f3 obrir les portes de l&#8217;escola i que les fam\u00edlies pogu\u00e9ssiu venir a veure els vostres infants ballar una dansa, que s&#8217;havien preparat amb molt d&#8217;esfor\u00e7 i dedicaci\u00f3 durant uns dies.<\/p>\n","protected":false},"author":11,"featured_media":6089,"comment_status":"open","ping_status":"closed","sticky":false,"template":"","format":"standard","meta":{"_bbp_topic_count":0,"_bbp_reply_count":0,"_bbp_total_topic_count":0,"_bbp_total_reply_count":0,"_bbp_voice_count":0,"_bbp_anonymous_reply_count":0,"_bbp_topic_count_hidden":0,"_bbp_reply_count_hidden":0,"_bbp_forum_subforum_count":0,"site-sidebar-layout":"default","site-content-layout":"","ast-site-content-layout":"","site-content-style":"default","site-sidebar-style":"default","ast-global-header-display":"","ast-banner-title-visibility":"","ast-main-header-display":"","ast-hfb-above-header-display":"","ast-hfb-below-header-display":"","ast-hfb-mobile-header-display":"","site-post-title":"","ast-breadcrumbs-content":"","ast-featured-img":"","footer-sml-layout":"","theme-transparent-header-meta":"","adv-header-id-meta":"","stick-header-meta":"","header-above-stick-meta":"","header-main-stick-meta":"","header-below-stick-meta":"","astra-migrate-meta-layouts":"default","ast-page-background-enabled":"default","ast-page-background-meta":{"desktop":{"background-color":"var(--ast-global-color-4)","background-image":"","background-repeat":"repeat","background-position":"center center","background-size":"auto","background-attachment":"scroll","background-type":"","background-media":"","overlay-type":"","overlay-color":"","overlay-opacity":"","overlay-gradient":""},"tablet":{"background-color":"","background-image":"","background-repeat":"repeat","background-position":"center center","background-size":"auto","background-attachment":"scroll","background-type":"","background-media":"","overlay-type":"","overlay-color":"","overlay-opacity":"","overlay-gradient":""},"mobile":{"background-color":"","background-image":"","background-repeat":"repeat","background-position":"center center","background-size":"auto","background-attachment":"scroll","background-type":"","background-media":"","overlay-type":"","overlay-color":"","overlay-opacity":"","overlay-gradient":""}},"ast-content-background-meta":{"desktop":{"background-color":"var(--ast-global-color-5)","background-image":"","background-repeat":"repeat","background-position":"center center","background-size":"auto","background-attachment":"scroll","background-type":"","background-media":"","overlay-type":"","overlay-color":"","overlay-opacity":"","overlay-gradient":""},"tablet":{"background-color":"var(--ast-global-color-5)","background-image":"","background-repeat":"repeat","background-position":"center center","background-size":"auto","background-attachment":"scroll","background-type":"","background-media":"","overlay-type":"","overlay-color":"","overlay-opacity":"","overlay-gradient":""},"mobile":{"background-color":"var(--ast-global-color-5)","background-image":"","background-repeat":"repeat","background-position":"center center","background-size":"auto","background-attachment":"scroll","background-type":"","background-media":"","overlay-type":"","overlay-color":"","overlay-opacity":"","overlay-gradient":""}},"footnotes":""},"categories":[8],"tags":[251,26,252,239],"class_list":["post-6087","post","type-post","status-publish","format-standard","has-post-thumbnail","hentry","category-20-28","tag-danses","tag-festes","tag-festival","tag-primavera"],"post_mailing_queue_ids":[],"_links":{"self":[{"href":"https:\/\/agora.xtec.cat\/esc-pericot\/wp-json\/wp\/v2\/posts\/6087","targetHints":{"allow":["GET"]}}],"collection":[{"href":"https:\/\/agora.xtec.cat\/esc-pericot\/wp-json\/wp\/v2\/posts"}],"about":[{"href":"https:\/\/agora.xtec.cat\/esc-pericot\/wp-json\/wp\/v2\/types\/post"}],"author":[{"embeddable":true,"href":"https:\/\/agora.xtec.cat\/esc-pericot\/wp-json\/wp\/v2\/users\/11"}],"replies":[{"embeddable":true,"href":"https:\/\/agora.xtec.cat\/esc-pericot\/wp-json\/wp\/v2\/comments?post=6087"}],"version-history":[{"count":3,"href":"https:\/\/agora.xtec.cat\/esc-pericot\/wp-json\/wp\/v2\/posts\/6087\/revisions"}],"predecessor-version":[{"id":6096,"href":"https:\/\/agora.xtec.cat\/esc-pericot\/wp-json\/wp\/v2\/posts\/6087\/revisions\/6096"}],"wp:featuredmedia":[{"embeddable":true,"href":"https:\/\/agora.xtec.cat\/esc-pericot\/wp-json\/wp\/v2\/media\/6089"}],"wp:attachment":[{"href":"https:\/\/agora.xtec.cat\/esc-pericot\/wp-json\/wp\/v2\/media?parent=6087"}],"wp:term":[{"taxonomy":"category","embeddable":true,"href":"https:\/\/agora.xtec.cat\/esc-pericot\/wp-json\/wp\/v2\/categories?post=6087"},{"taxonomy":"post_tag","embeddable":true,"href":"https:\/\/agora.xtec.cat\/esc-pericot\/wp-json\/wp\/v2\/tags?post=6087"}],"curies":[{"name":"wp","href":"https:\/\/api.w.org\/{rel}","templated":true}]}}