{"id":6003,"date":"2022-04-27T17:27:30","date_gmt":"2022-04-27T15:27:30","guid":{"rendered":"https:\/\/agora.xtec.cat\/esc-pericot\/?p=6003"},"modified":"2022-07-14T19:16:56","modified_gmt":"2022-07-14T17:16:56","slug":"festival-de-primavera-4","status":"publish","type":"post","link":"https:\/\/agora.xtec.cat\/esc-pericot\/portada\/festival-de-primavera-4\/","title":{"rendered":"Festival de primavera"},"content":{"rendered":"<p><a href=\"https:\/\/agora.xtec.cat\/esc-pericot\/wp-content\/uploads\/usu807\/2022\/04\/IMG-20220427-WA0003.jpg\"><img loading=\"lazy\" decoding=\"async\" class=\" wp-image-6004 alignleft\" src=\"https:\/\/agora.xtec.cat\/esc-pericot\/wp-content\/uploads\/usu807\/2022\/04\/IMG-20220427-WA0003-724x1024.jpg\" alt=\"\" width=\"320\" height=\"453\" srcset=\"https:\/\/agora.xtec.cat\/esc-pericot\/wp-content\/uploads\/usu807\/2022\/04\/IMG-20220427-WA0003-724x1024.jpg 724w, https:\/\/agora.xtec.cat\/esc-pericot\/wp-content\/uploads\/usu807\/2022\/04\/IMG-20220427-WA0003-212x300.jpg 212w, https:\/\/agora.xtec.cat\/esc-pericot\/wp-content\/uploads\/usu807\/2022\/04\/IMG-20220427-WA0003-768x1087.jpg 768w, https:\/\/agora.xtec.cat\/esc-pericot\/wp-content\/uploads\/usu807\/2022\/04\/IMG-20220427-WA0003-1085x1536.jpg 1085w, https:\/\/agora.xtec.cat\/esc-pericot\/wp-content\/uploads\/usu807\/2022\/04\/IMG-20220427-WA0003.jpg 1447w\" sizes=\"auto, (max-width: 320px) 100vw, 320px\" \/><\/a>Un dels esdeveniments de l&#8217;escola \u00e9s l&#8217;esperat Festival de Primavera. Aquest any fem l&#8217;edici\u00f3 DANSES D&#8217;EUROPA.\u00a0 Els diferents grups ens presentaran danses del pa\u00efsos que participen en el projecte Erasmus+ (Cro\u00e0cia, Gr\u00e8cia, B\u00e8lgica, It\u00e0lia, Catalunya), entre altres.<\/p>\n<p>Hi participaran tots els alumnes de l&#8217;escola. Us hi esperem!<\/p>\n<p>&nbsp;<\/p>\n<p>&nbsp;<\/p>\n<p>&nbsp;<\/p>\n<p>&nbsp;<\/p>\n<p><a href=\"https:\/\/agora.xtec.cat\/esc-pericot\/wp-content\/uploads\/usu807\/2021\/06\/logo.png\"><img loading=\"lazy\" decoding=\"async\" class=\"alignnone wp-image-3814\" src=\"https:\/\/agora.xtec.cat\/esc-pericot\/wp-content\/uploads\/usu807\/2021\/06\/logo-1024x245.png\" alt=\"\" width=\"239\" height=\"57\" srcset=\"https:\/\/agora.xtec.cat\/esc-pericot\/wp-content\/uploads\/usu807\/2021\/06\/logo-1024x245.png 1024w, https:\/\/agora.xtec.cat\/esc-pericot\/wp-content\/uploads\/usu807\/2021\/06\/logo-300x72.png 300w, https:\/\/agora.xtec.cat\/esc-pericot\/wp-content\/uploads\/usu807\/2021\/06\/logo-768x184.png 768w, https:\/\/agora.xtec.cat\/esc-pericot\/wp-content\/uploads\/usu807\/2021\/06\/logo.png 1920w\" sizes=\"auto, (max-width: 239px) 100vw, 239px\" \/><\/a><\/p>\n<p>&nbsp;<\/p>\n<p>&nbsp;<\/p>\n<p>&nbsp;<\/p>\n<p>&nbsp;<\/p>\n<p>&nbsp;<\/p>\n<p>&nbsp;<\/p>\n<p>&nbsp;<\/p>\n<p>&nbsp;<\/p>\n","protected":false},"excerpt":{"rendered":"<p>Un dels esdeveniments de l&#8217;escola \u00e9s l&#8217;esperat Festival de Primavera. Aquest any fem l&#8217;edici\u00f3 DANSES D&#8217;EUROPA.\u00a0 Els diferents grups ens presentaran danses del pa\u00efsos que participen en el projecte Erasmus+ (Cro\u00e0cia, Gr\u00e8cia, B\u00e8lgica, It\u00e0lia, Catalunya), entre altres. Hi participaran tots els alumnes de l&#8217;escola. Us hi esperem! &nbsp; &nbsp; &nbsp; &nbsp; &nbsp; &nbsp; &nbsp; &nbsp; [&hellip;]<\/p>\n","protected":false},"author":1,"featured_media":6004,"comment_status":"open","ping_status":"closed","sticky":false,"template":"","format":"standard","meta":{"_bbp_topic_count":0,"_bbp_reply_count":0,"_bbp_total_topic_count":0,"_bbp_total_reply_count":0,"_bbp_voice_count":0,"_bbp_anonymous_reply_count":0,"_bbp_topic_count_hidden":0,"_bbp_reply_count_hidden":0,"_bbp_forum_subforum_count":0,"site-sidebar-layout":"default","site-content-layout":"","ast-site-content-layout":"","site-content-style":"default","site-sidebar-style":"default","ast-global-header-display":"","ast-banner-title-visibility":"","ast-main-header-display":"","ast-hfb-above-header-display":"","ast-hfb-below-header-display":"","ast-hfb-mobile-header-display":"","site-post-title":"","ast-breadcrumbs-content":"","ast-featured-img":"","footer-sml-layout":"","theme-transparent-header-meta":"","adv-header-id-meta":"","stick-header-meta":"","header-above-stick-meta":"","header-main-stick-meta":"","header-below-stick-meta":"","astra-migrate-meta-layouts":"default","ast-page-background-enabled":"default","ast-page-background-meta":{"desktop":{"background-color":"var(--ast-global-color-4)","background-image":"","background-repeat":"repeat","background-position":"center center","background-size":"auto","background-attachment":"scroll","background-type":"","background-media":"","overlay-type":"","overlay-color":"","overlay-opacity":"","overlay-gradient":""},"tablet":{"background-color":"","background-image":"","background-repeat":"repeat","background-position":"center center","background-size":"auto","background-attachment":"scroll","background-type":"","background-media":"","overlay-type":"","overlay-color":"","overlay-opacity":"","overlay-gradient":""},"mobile":{"background-color":"","background-image":"","background-repeat":"repeat","background-position":"center center","background-size":"auto","background-attachment":"scroll","background-type":"","background-media":"","overlay-type":"","overlay-color":"","overlay-opacity":"","overlay-gradient":""}},"ast-content-background-meta":{"desktop":{"background-color":"var(--ast-global-color-5)","background-image":"","background-repeat":"repeat","background-position":"center center","background-size":"auto","background-attachment":"scroll","background-type":"","background-media":"","overlay-type":"","overlay-color":"","overlay-opacity":"","overlay-gradient":""},"tablet":{"background-color":"var(--ast-global-color-5)","background-image":"","background-repeat":"repeat","background-position":"center center","background-size":"auto","background-attachment":"scroll","background-type":"","background-media":"","overlay-type":"","overlay-color":"","overlay-opacity":"","overlay-gradient":""},"mobile":{"background-color":"var(--ast-global-color-5)","background-image":"","background-repeat":"repeat","background-position":"center center","background-size":"auto","background-attachment":"scroll","background-type":"","background-media":"","overlay-type":"","overlay-color":"","overlay-opacity":"","overlay-gradient":""}},"footnotes":""},"categories":[265,159,173,4],"tags":[66,60,30],"class_list":["post-6003","post","type-post","status-publish","format-standard","has-post-thumbnail","hentry","category-artistica","category-democrazy-for-active-participation","category-musica","category-portada","tag-educacio-infantil","tag-festivals","tag-primaria"],"post_mailing_queue_ids":[],"_links":{"self":[{"href":"https:\/\/agora.xtec.cat\/esc-pericot\/wp-json\/wp\/v2\/posts\/6003","targetHints":{"allow":["GET"]}}],"collection":[{"href":"https:\/\/agora.xtec.cat\/esc-pericot\/wp-json\/wp\/v2\/posts"}],"about":[{"href":"https:\/\/agora.xtec.cat\/esc-pericot\/wp-json\/wp\/v2\/types\/post"}],"author":[{"embeddable":true,"href":"https:\/\/agora.xtec.cat\/esc-pericot\/wp-json\/wp\/v2\/users\/1"}],"replies":[{"embeddable":true,"href":"https:\/\/agora.xtec.cat\/esc-pericot\/wp-json\/wp\/v2\/comments?post=6003"}],"version-history":[{"count":3,"href":"https:\/\/agora.xtec.cat\/esc-pericot\/wp-json\/wp\/v2\/posts\/6003\/revisions"}],"predecessor-version":[{"id":6010,"href":"https:\/\/agora.xtec.cat\/esc-pericot\/wp-json\/wp\/v2\/posts\/6003\/revisions\/6010"}],"wp:featuredmedia":[{"embeddable":true,"href":"https:\/\/agora.xtec.cat\/esc-pericot\/wp-json\/wp\/v2\/media\/6004"}],"wp:attachment":[{"href":"https:\/\/agora.xtec.cat\/esc-pericot\/wp-json\/wp\/v2\/media?parent=6003"}],"wp:term":[{"taxonomy":"category","embeddable":true,"href":"https:\/\/agora.xtec.cat\/esc-pericot\/wp-json\/wp\/v2\/categories?post=6003"},{"taxonomy":"post_tag","embeddable":true,"href":"https:\/\/agora.xtec.cat\/esc-pericot\/wp-json\/wp\/v2\/tags?post=6003"}],"curies":[{"name":"wp","href":"https:\/\/api.w.org\/{rel}","templated":true}]}}