{"id":5603,"date":"2022-02-24T19:22:15","date_gmt":"2022-02-24T18:22:15","guid":{"rendered":"https:\/\/agora.xtec.cat\/esc-pericot\/?p=5603"},"modified":"2022-07-14T17:49:37","modified_gmt":"2022-07-14T15:49:37","slug":"carnestoltes-p4","status":"publish","type":"post","link":"https:\/\/agora.xtec.cat\/esc-pericot\/primaria\/20-28\/carnestoltes-p4\/","title":{"rendered":"CARNESTOLTES P4"},"content":{"rendered":"<p>Hem passat una setmana ben divertida celebrant la festa del Carnestoltes a l&#8217;escola. Tot va comen\u00e7ar un divendres quan, per sorpresa, van trucar a la porta de la classe i unes nenes de sis\u00e8 ens van llegir el Preg\u00f3 i les Consignes del Rei Carnestoltes. Nosaltres, ben obedients, hem fet tot el que ens van demanar: ens hem disfressat de papes i mames, ens hem vestit d&#8217;esport, hem anat amb vestimenta de platja &#8230; i el que m\u00e9s ens agrada :ens hem disfressat com hem volgut ! I per acabar i fer-ho tot ben rod\u00f3, el dijous vam fer moure el cos a ritme de m\u00fasica i a la tarda vam berenar coca amb xocolata. A m\u00e9s a m\u00e9s, per tot Infantil van anar voleiant papallones, abelles, marietes,&#8230; per recordar als m\u00e9s petits de la import\u00e0ncia dels insectes per conservar la natura del nostre planeta Terra. Hem gaudit molt !!<\/p>\n<p style=\"text-align: center\"><strong>P4<\/strong><strong>A<\/strong><a href=\"https:\/\/drive.google.com\/drive\/folders\/1sR-AVUtouCNJNWf_PMTdnXAw2ZWcdZnt?usp=sharing\"><br \/>\n<img loading=\"lazy\" decoding=\"async\" class=\"wp-image-5605 aligncenter\" src=\"https:\/\/agora.xtec.cat\/esc-pericot\/wp-content\/uploads\/usu807\/2022\/02\/IMG-20220224-WA0040_3.jpg\" alt=\"\" width=\"660\" height=\"292\" srcset=\"https:\/\/agora.xtec.cat\/esc-pericot\/wp-content\/uploads\/usu807\/2022\/02\/IMG-20220224-WA0040_3.jpg 920w, https:\/\/agora.xtec.cat\/esc-pericot\/wp-content\/uploads\/usu807\/2022\/02\/IMG-20220224-WA0040_3-300x133.jpg 300w, https:\/\/agora.xtec.cat\/esc-pericot\/wp-content\/uploads\/usu807\/2022\/02\/IMG-20220224-WA0040_3-768x341.jpg 768w\" sizes=\"auto, (max-width: 660px) 100vw, 660px\" \/><\/a><\/p>\n<p style=\"text-align: center\"><strong>P4-B<\/strong><\/p>\n<p><a href=\"https:\/\/drive.google.com\/drive\/folders\/1NfiejJmYpFSeIHVYHGVE1HBNhr4cqapf?usp=sharing\"><img loading=\"lazy\" decoding=\"async\" class=\"wp-image-5611 aligncenter\" src=\"https:\/\/agora.xtec.cat\/esc-pericot\/wp-content\/uploads\/usu807\/2022\/02\/image-1-1-1024x536.jpg\" alt=\"\" width=\"654\" height=\"342\" srcset=\"https:\/\/agora.xtec.cat\/esc-pericot\/wp-content\/uploads\/usu807\/2022\/02\/image-1-1-1024x536.jpg 1024w, https:\/\/agora.xtec.cat\/esc-pericot\/wp-content\/uploads\/usu807\/2022\/02\/image-1-1-300x157.jpg 300w, https:\/\/agora.xtec.cat\/esc-pericot\/wp-content\/uploads\/usu807\/2022\/02\/image-1-1-768x402.jpg 768w, https:\/\/agora.xtec.cat\/esc-pericot\/wp-content\/uploads\/usu807\/2022\/02\/image-1-1-1536x804.jpg 1536w, https:\/\/agora.xtec.cat\/esc-pericot\/wp-content\/uploads\/usu807\/2022\/02\/image-1-1-2048x1072.jpg 2048w\" sizes=\"auto, (max-width: 654px) 100vw, 654px\" \/><\/a><\/p>\n","protected":false},"excerpt":{"rendered":"<p>El Carnestoltes a l&#8217;escola hem celebrat, i la mar de b\u00e9 ens ho hem passat! <\/p>\n","protected":false},"author":11,"featured_media":5615,"comment_status":"open","ping_status":"closed","sticky":false,"template":"","format":"standard","meta":{"_bbp_topic_count":0,"_bbp_reply_count":0,"_bbp_total_topic_count":0,"_bbp_total_reply_count":0,"_bbp_voice_count":0,"_bbp_anonymous_reply_count":0,"_bbp_topic_count_hidden":0,"_bbp_reply_count_hidden":0,"_bbp_forum_subforum_count":0,"site-sidebar-layout":"default","site-content-layout":"","ast-site-content-layout":"","site-content-style":"default","site-sidebar-style":"default","ast-global-header-display":"","ast-banner-title-visibility":"","ast-main-header-display":"","ast-hfb-above-header-display":"","ast-hfb-below-header-display":"","ast-hfb-mobile-header-display":"","site-post-title":"","ast-breadcrumbs-content":"","ast-featured-img":"","footer-sml-layout":"","theme-transparent-header-meta":"","adv-header-id-meta":"","stick-header-meta":"","header-above-stick-meta":"","header-main-stick-meta":"","header-below-stick-meta":"","astra-migrate-meta-layouts":"default","ast-page-background-enabled":"default","ast-page-background-meta":{"desktop":{"background-color":"var(--ast-global-color-4)","background-image":"","background-repeat":"repeat","background-position":"center center","background-size":"auto","background-attachment":"scroll","background-type":"","background-media":"","overlay-type":"","overlay-color":"","overlay-opacity":"","overlay-gradient":""},"tablet":{"background-color":"","background-image":"","background-repeat":"repeat","background-position":"center center","background-size":"auto","background-attachment":"scroll","background-type":"","background-media":"","overlay-type":"","overlay-color":"","overlay-opacity":"","overlay-gradient":""},"mobile":{"background-color":"","background-image":"","background-repeat":"repeat","background-position":"center center","background-size":"auto","background-attachment":"scroll","background-type":"","background-media":"","overlay-type":"","overlay-color":"","overlay-opacity":"","overlay-gradient":""}},"ast-content-background-meta":{"desktop":{"background-color":"var(--ast-global-color-5)","background-image":"","background-repeat":"repeat","background-position":"center center","background-size":"auto","background-attachment":"scroll","background-type":"","background-media":"","overlay-type":"","overlay-color":"","overlay-opacity":"","overlay-gradient":""},"tablet":{"background-color":"var(--ast-global-color-5)","background-image":"","background-repeat":"repeat","background-position":"center center","background-size":"auto","background-attachment":"scroll","background-type":"","background-media":"","overlay-type":"","overlay-color":"","overlay-opacity":"","overlay-gradient":""},"mobile":{"background-color":"var(--ast-global-color-5)","background-image":"","background-repeat":"repeat","background-position":"center center","background-size":"auto","background-attachment":"scroll","background-type":"","background-media":"","overlay-type":"","overlay-color":"","overlay-opacity":"","overlay-gradient":""}},"footnotes":""},"categories":[8,265],"tags":[227,26,228],"class_list":["post-5603","post","type-post","status-publish","format-standard","has-post-thumbnail","hentry","category-20-28","category-artistica","tag-carnestoltes","tag-festes","tag-infantil"],"post_mailing_queue_ids":[],"_links":{"self":[{"href":"https:\/\/agora.xtec.cat\/esc-pericot\/wp-json\/wp\/v2\/posts\/5603","targetHints":{"allow":["GET"]}}],"collection":[{"href":"https:\/\/agora.xtec.cat\/esc-pericot\/wp-json\/wp\/v2\/posts"}],"about":[{"href":"https:\/\/agora.xtec.cat\/esc-pericot\/wp-json\/wp\/v2\/types\/post"}],"author":[{"embeddable":true,"href":"https:\/\/agora.xtec.cat\/esc-pericot\/wp-json\/wp\/v2\/users\/11"}],"replies":[{"embeddable":true,"href":"https:\/\/agora.xtec.cat\/esc-pericot\/wp-json\/wp\/v2\/comments?post=5603"}],"version-history":[{"count":3,"href":"https:\/\/agora.xtec.cat\/esc-pericot\/wp-json\/wp\/v2\/posts\/5603\/revisions"}],"predecessor-version":[{"id":5621,"href":"https:\/\/agora.xtec.cat\/esc-pericot\/wp-json\/wp\/v2\/posts\/5603\/revisions\/5621"}],"wp:featuredmedia":[{"embeddable":true,"href":"https:\/\/agora.xtec.cat\/esc-pericot\/wp-json\/wp\/v2\/media\/5615"}],"wp:attachment":[{"href":"https:\/\/agora.xtec.cat\/esc-pericot\/wp-json\/wp\/v2\/media?parent=5603"}],"wp:term":[{"taxonomy":"category","embeddable":true,"href":"https:\/\/agora.xtec.cat\/esc-pericot\/wp-json\/wp\/v2\/categories?post=5603"},{"taxonomy":"post_tag","embeddable":true,"href":"https:\/\/agora.xtec.cat\/esc-pericot\/wp-json\/wp\/v2\/tags?post=5603"}],"curies":[{"name":"wp","href":"https:\/\/api.w.org\/{rel}","templated":true}]}}