{"id":553,"date":"2017-05-25T23:22:42","date_gmt":"2017-05-25T21:22:42","guid":{"rendered":"http:\/\/agora.xtec.cat\/esc-pericot\/?p=553"},"modified":"2018-11-17T20:39:31","modified_gmt":"2018-11-17T19:39:31","slug":"projecte-europeu-erasmus","status":"publish","type":"post","link":"https:\/\/agora.xtec.cat\/esc-pericot\/erasmus\/projecte-europeu-erasmus\/","title":{"rendered":"Projecte europeu Erasmus+"},"content":{"rendered":"<div>\n<div>\n<p style=\"text-align: justify;\">Durant la setmana de &#8216;Temps de Flors&#8217; hem tingut amb nosaltres 16 mestres d&#8217;escoles d&#8217;Est\u00f2nia, Eslov\u00e0quia, Pol\u00f2nia i B\u00e8lgica. Juntament amb el nostre centre estem duent a terme el projecte europeu Erasmus+ <i><b>Today a Reader, Tomorrow a Leader<\/b><\/i>, mitjan\u00e7ant el qual pretenem fomentar la lectura de llibres entre els nostres alumnes.<\/p>\n<\/div>\n<p style=\"text-align: justify;\">Hem pogut parlar sobre com estem desenvolupant el projecte i mostrar-los el dia a dia de la nostra escola. I com no, els hem passejat per la nostra ciutat i fins i tot hem pogut fer un petit tastet de la Costa Brava.<\/p>\n<\/div>\n<p style=\"text-align: justify;\">Aquest \u00e9s el nostre primer any de projecte, i durant el curs vinent seran els nostres companys de Pol\u00f2nia i B\u00e8lgica els que ens acolliran a les seves respectives escoles. Podeu seguir el desenvolupament del projecte al web creat per a l&#8217;ocasi\u00f3: <a href=\"http:\/\/bookleaf.weebly.com\/\" target=\"_blank\" rel=\"noopener noreferrer\" data-saferedirecturl=\"https:\/\/www.google.com\/url?hl=ca&amp;q=http:\/\/bookleaf.weebly.com\/&amp;source=gmail&amp;ust=1495832535425000&amp;usg=AFQjCNFFTL9hpo16qaD-rXseRm7t3ruhMw\">http:\/\/bookleaf.weebly.com\/<\/a><\/p>\n<p><a href=\"http:\/\/agora.xtec.cat\/esc-pericot\/wp-content\/uploads\/usu807\/2017\/05\/Colla.jpg\"><img loading=\"lazy\" decoding=\"async\" class=\"alignnone size-large wp-image-555\" src=\"http:\/\/agora.xtec.cat\/esc-pericot\/wp-content\/uploads\/usu807\/2017\/05\/Colla-1024x768.jpg\" alt=\"Colla\" width=\"1024\" height=\"768\" srcset=\"https:\/\/agora.xtec.cat\/esc-pericot\/wp-content\/uploads\/usu807\/2017\/05\/Colla-1024x768.jpg 1024w, https:\/\/agora.xtec.cat\/esc-pericot\/wp-content\/uploads\/usu807\/2017\/05\/Colla-300x225.jpg 300w, https:\/\/agora.xtec.cat\/esc-pericot\/wp-content\/uploads\/usu807\/2017\/05\/Colla-768x576.jpg 768w, https:\/\/agora.xtec.cat\/esc-pericot\/wp-content\/uploads\/usu807\/2017\/05\/Colla-200x150.jpg 200w, https:\/\/agora.xtec.cat\/esc-pericot\/wp-content\/uploads\/usu807\/2017\/05\/Colla.jpg 1959w\" sizes=\"auto, (max-width: 1024px) 100vw, 1024px\" \/><\/a><a href=\"http:\/\/agora.xtec.cat\/esc-pericot\/wp-content\/uploads\/usu807\/2017\/05\/Entrada.jpg\"><img loading=\"lazy\" decoding=\"async\" class=\"alignnone size-large wp-image-554\" src=\"http:\/\/agora.xtec.cat\/esc-pericot\/wp-content\/uploads\/usu807\/2017\/05\/Entrada-1024x576.jpg\" alt=\"Entrada\" width=\"1024\" height=\"576\" srcset=\"https:\/\/agora.xtec.cat\/esc-pericot\/wp-content\/uploads\/usu807\/2017\/05\/Entrada-1024x576.jpg 1024w, https:\/\/agora.xtec.cat\/esc-pericot\/wp-content\/uploads\/usu807\/2017\/05\/Entrada-300x169.jpg 300w, https:\/\/agora.xtec.cat\/esc-pericot\/wp-content\/uploads\/usu807\/2017\/05\/Entrada-768x432.jpg 768w\" sizes=\"auto, (max-width: 1024px) 100vw, 1024px\" \/><\/a><\/p>\n<p><span style=\"border-radius: 2px; text-indent: 20px; width: auto; padding: 0px 4px 0px 0px; text-align: center; font: bold 11px\/20px 'Helvetica Neue',Helvetica,sans-serif; color: #ffffff; background: #bd081c no-repeat scroll 3px 50% \/ 14px 14px; position: absolute; opacity: 1; z-index: 8675309; display: none; cursor: pointer;\">Save<\/span><\/p>\n","protected":false},"excerpt":{"rendered":"<p>Durant la setmana de &#8216;Temps de Flors&#8217; hem tingut amb nosaltres 16 mestres d&#8217;escoles d&#8217;Est\u00f2nia, Eslov\u00e0quia, Pol\u00f2nia i B\u00e8lgica. Juntament amb el nostre centre estem duent a terme el projecte europeu Erasmus+ Today a Reader, Tomorrow a Leader, mitjan\u00e7ant el qual pretenem fomentar la lectura de llibres entre els nostres alumnes. Hem pogut parlar sobre [&hellip;]<\/p>\n","protected":false},"author":1,"featured_media":555,"comment_status":"open","ping_status":"closed","sticky":false,"template":"","format":"standard","meta":{"_bbp_topic_count":0,"_bbp_reply_count":0,"_bbp_total_topic_count":0,"_bbp_total_reply_count":0,"_bbp_voice_count":0,"_bbp_anonymous_reply_count":0,"_bbp_topic_count_hidden":0,"_bbp_reply_count_hidden":0,"_bbp_forum_subforum_count":0,"site-sidebar-layout":"default","site-content-layout":"","ast-site-content-layout":"","site-content-style":"default","site-sidebar-style":"default","ast-global-header-display":"","ast-banner-title-visibility":"","ast-main-header-display":"","ast-hfb-above-header-display":"","ast-hfb-below-header-display":"","ast-hfb-mobile-header-display":"","site-post-title":"","ast-breadcrumbs-content":"","ast-featured-img":"","footer-sml-layout":"","theme-transparent-header-meta":"","adv-header-id-meta":"","stick-header-meta":"","header-above-stick-meta":"","header-main-stick-meta":"","header-below-stick-meta":"","astra-migrate-meta-layouts":"default","ast-page-background-enabled":"default","ast-page-background-meta":{"desktop":{"background-color":"var(--ast-global-color-4)","background-image":"","background-repeat":"repeat","background-position":"center center","background-size":"auto","background-attachment":"scroll","background-type":"","background-media":"","overlay-type":"","overlay-color":"","overlay-opacity":"","overlay-gradient":""},"tablet":{"background-color":"","background-image":"","background-repeat":"repeat","background-position":"center center","background-size":"auto","background-attachment":"scroll","background-type":"","background-media":"","overlay-type":"","overlay-color":"","overlay-opacity":"","overlay-gradient":""},"mobile":{"background-color":"","background-image":"","background-repeat":"repeat","background-position":"center center","background-size":"auto","background-attachment":"scroll","background-type":"","background-media":"","overlay-type":"","overlay-color":"","overlay-opacity":"","overlay-gradient":""}},"ast-content-background-meta":{"desktop":{"background-color":"var(--ast-global-color-5)","background-image":"","background-repeat":"repeat","background-position":"center center","background-size":"auto","background-attachment":"scroll","background-type":"","background-media":"","overlay-type":"","overlay-color":"","overlay-opacity":"","overlay-gradient":""},"tablet":{"background-color":"var(--ast-global-color-5)","background-image":"","background-repeat":"repeat","background-position":"center center","background-size":"auto","background-attachment":"scroll","background-type":"","background-media":"","overlay-type":"","overlay-color":"","overlay-opacity":"","overlay-gradient":""},"mobile":{"background-color":"var(--ast-global-color-5)","background-image":"","background-repeat":"repeat","background-position":"center center","background-size":"auto","background-attachment":"scroll","background-type":"","background-media":"","overlay-type":"","overlay-color":"","overlay-opacity":"","overlay-gradient":""}},"footnotes":""},"categories":[72,82],"tags":[76],"class_list":["post-553","post","type-post","status-publish","format-standard","has-post-thumbnail","hentry","category-erasmus","category-today-a-reader","tag-erasmus"],"post_mailing_queue_ids":[],"_links":{"self":[{"href":"https:\/\/agora.xtec.cat\/esc-pericot\/wp-json\/wp\/v2\/posts\/553","targetHints":{"allow":["GET"]}}],"collection":[{"href":"https:\/\/agora.xtec.cat\/esc-pericot\/wp-json\/wp\/v2\/posts"}],"about":[{"href":"https:\/\/agora.xtec.cat\/esc-pericot\/wp-json\/wp\/v2\/types\/post"}],"author":[{"embeddable":true,"href":"https:\/\/agora.xtec.cat\/esc-pericot\/wp-json\/wp\/v2\/users\/1"}],"replies":[{"embeddable":true,"href":"https:\/\/agora.xtec.cat\/esc-pericot\/wp-json\/wp\/v2\/comments?post=553"}],"version-history":[{"count":3,"href":"https:\/\/agora.xtec.cat\/esc-pericot\/wp-json\/wp\/v2\/posts\/553\/revisions"}],"predecessor-version":[{"id":734,"href":"https:\/\/agora.xtec.cat\/esc-pericot\/wp-json\/wp\/v2\/posts\/553\/revisions\/734"}],"wp:featuredmedia":[{"embeddable":true,"href":"https:\/\/agora.xtec.cat\/esc-pericot\/wp-json\/wp\/v2\/media\/555"}],"wp:attachment":[{"href":"https:\/\/agora.xtec.cat\/esc-pericot\/wp-json\/wp\/v2\/media?parent=553"}],"wp:term":[{"taxonomy":"category","embeddable":true,"href":"https:\/\/agora.xtec.cat\/esc-pericot\/wp-json\/wp\/v2\/categories?post=553"},{"taxonomy":"post_tag","embeddable":true,"href":"https:\/\/agora.xtec.cat\/esc-pericot\/wp-json\/wp\/v2\/tags?post=553"}],"curies":[{"name":"wp","href":"https:\/\/api.w.org\/{rel}","templated":true}]}}