{"id":5409,"date":"2022-01-26T17:26:11","date_gmt":"2022-01-26T16:26:11","guid":{"rendered":"https:\/\/agora.xtec.cat\/esc-pericot\/?p=5409"},"modified":"2022-02-08T16:48:03","modified_gmt":"2022-02-08T15:48:03","slug":"portes-obertes-22","status":"publish","type":"post","link":"https:\/\/agora.xtec.cat\/esc-pericot\/infantil\/portes-obertes-22\/","title":{"rendered":"Portes obertes &#8217;22"},"content":{"rendered":"<p>S&#8217;acosten les dates de les PORTES OBERTES, pr\u00f2ximament us informarem dels dies i els horaris. Mentrestant us deixem amb:<\/p>\n<ul>\n<li><span style=\"font-family: inherit; font-size: 1em;\">un v\u00eddeo on podreu con\u00e8ixer el <\/span><a href=\"https:\/\/youtu.be\/goAbnlBO_mw\" target=\"_blank\" rel=\"noopener\"><strong style=\"font-family: inherit; font-size: 1em;\">projecte del nostre centre<\/strong><\/a><span style=\"font-family: inherit; font-size: 1em;\"> i<\/span><\/li>\n<li><span style=\"font-family: inherit; font-size: 1em;\">una <\/span><a style=\"font-family: inherit; font-size: 1em;\" href=\"https:\/\/roundme.com\/tour\/775695\/view\/2444208\" target=\"_blank\" rel=\"noopener\"><strong>visita virtual <\/strong><\/a>per con\u00e8ixer l&#8217;escola i els diferents espais.<\/li>\n<\/ul>\n<table style=\"height: 274px; width: 100%; border-collapse: collapse; border-style: hidden;\">\n<tbody>\n<tr style=\"height: 274px;\">\n<td style=\"width: 50%; height: 274px; border-style: hidden;\"><iframe loading=\"lazy\" title=\"YouTube video player\" src=\"https:\/\/www.youtube.com\/embed\/goAbnlBO_mw\" width=\"560\" height=\"315\" frameborder=\"0\" allowfullscreen=\"allowfullscreen\"><\/iframe><\/td>\n<td style=\"width: 50%; height: 274px; border-style: hidden;\"><a href=\"https:\/\/roundme.com\/tour\/775695\/view\/2444208\" target=\"_blank\" rel=\"noopener\"><img loading=\"lazy\" decoding=\"async\" class=\"alignnone wp-image-4803 size-full\" title=\"Tour virtual Escola Pericot\" src=\"https:\/\/agora.xtec.cat\/esc-pericot\/wp-content\/uploads\/usu807\/2021\/11\/portada.png\" alt=\"\" width=\"910\" height=\"413\" srcset=\"https:\/\/agora.xtec.cat\/esc-pericot\/wp-content\/uploads\/usu807\/2021\/11\/portada.png 910w, https:\/\/agora.xtec.cat\/esc-pericot\/wp-content\/uploads\/usu807\/2021\/11\/portada-300x136.png 300w, https:\/\/agora.xtec.cat\/esc-pericot\/wp-content\/uploads\/usu807\/2021\/11\/portada-768x349.png 768w\" sizes=\"auto, (max-width: 910px) 100vw, 910px\" \/><\/a><\/p>\n<p style=\"text-align: center;\">EL TOUR VIRTUAL (cliqueu la imatge)<\/p>\n<\/td>\n<\/tr>\n<\/tbody>\n<\/table>\n","protected":false},"excerpt":{"rendered":"<p>Aqu\u00ed hi trobareu: un v\u00eddeo on podreu con\u00e8ixer el projecte del nostre centre i<br \/>\nuna visita virtual per els espais de l&#8217;escola <\/p>\n","protected":false},"author":1,"featured_media":5418,"comment_status":"open","ping_status":"closed","sticky":false,"template":"","format":"standard","meta":{"_bbp_topic_count":0,"_bbp_reply_count":0,"_bbp_total_topic_count":0,"_bbp_total_reply_count":0,"_bbp_voice_count":0,"_bbp_anonymous_reply_count":0,"_bbp_topic_count_hidden":0,"_bbp_reply_count_hidden":0,"_bbp_forum_subforum_count":0,"site-sidebar-layout":"default","site-content-layout":"","ast-site-content-layout":"","site-content-style":"default","site-sidebar-style":"default","ast-global-header-display":"","ast-banner-title-visibility":"","ast-main-header-display":"","ast-hfb-above-header-display":"","ast-hfb-below-header-display":"","ast-hfb-mobile-header-display":"","site-post-title":"","ast-breadcrumbs-content":"","ast-featured-img":"","footer-sml-layout":"","theme-transparent-header-meta":"","adv-header-id-meta":"","stick-header-meta":"","header-above-stick-meta":"","header-main-stick-meta":"","header-below-stick-meta":"","astra-migrate-meta-layouts":"default","ast-page-background-enabled":"default","ast-page-background-meta":{"desktop":{"background-color":"var(--ast-global-color-4)","background-image":"","background-repeat":"repeat","background-position":"center center","background-size":"auto","background-attachment":"scroll","background-type":"","background-media":"","overlay-type":"","overlay-color":"","overlay-opacity":"","overlay-gradient":""},"tablet":{"background-color":"","background-image":"","background-repeat":"repeat","background-position":"center center","background-size":"auto","background-attachment":"scroll","background-type":"","background-media":"","overlay-type":"","overlay-color":"","overlay-opacity":"","overlay-gradient":""},"mobile":{"background-color":"","background-image":"","background-repeat":"repeat","background-position":"center center","background-size":"auto","background-attachment":"scroll","background-type":"","background-media":"","overlay-type":"","overlay-color":"","overlay-opacity":"","overlay-gradient":""}},"ast-content-background-meta":{"desktop":{"background-color":"var(--ast-global-color-5)","background-image":"","background-repeat":"repeat","background-position":"center center","background-size":"auto","background-attachment":"scroll","background-type":"","background-media":"","overlay-type":"","overlay-color":"","overlay-opacity":"","overlay-gradient":""},"tablet":{"background-color":"var(--ast-global-color-5)","background-image":"","background-repeat":"repeat","background-position":"center center","background-size":"auto","background-attachment":"scroll","background-type":"","background-media":"","overlay-type":"","overlay-color":"","overlay-opacity":"","overlay-gradient":""},"mobile":{"background-color":"var(--ast-global-color-5)","background-image":"","background-repeat":"repeat","background-position":"center center","background-size":"auto","background-attachment":"scroll","background-type":"","background-media":"","overlay-type":"","overlay-color":"","overlay-opacity":"","overlay-gradient":""}},"footnotes":""},"categories":[2,4,5],"tags":[206,102,224],"class_list":["post-5409","post","type-post","status-publish","format-standard","has-post-thumbnail","hentry","category-infantil","category-portada","category-primaria","tag-espais","tag-portes-obertes","tag-visita-virtual"],"post_mailing_queue_ids":[],"_links":{"self":[{"href":"https:\/\/agora.xtec.cat\/esc-pericot\/wp-json\/wp\/v2\/posts\/5409","targetHints":{"allow":["GET"]}}],"collection":[{"href":"https:\/\/agora.xtec.cat\/esc-pericot\/wp-json\/wp\/v2\/posts"}],"about":[{"href":"https:\/\/agora.xtec.cat\/esc-pericot\/wp-json\/wp\/v2\/types\/post"}],"author":[{"embeddable":true,"href":"https:\/\/agora.xtec.cat\/esc-pericot\/wp-json\/wp\/v2\/users\/1"}],"replies":[{"embeddable":true,"href":"https:\/\/agora.xtec.cat\/esc-pericot\/wp-json\/wp\/v2\/comments?post=5409"}],"version-history":[{"count":3,"href":"https:\/\/agora.xtec.cat\/esc-pericot\/wp-json\/wp\/v2\/posts\/5409\/revisions"}],"predecessor-version":[{"id":5459,"href":"https:\/\/agora.xtec.cat\/esc-pericot\/wp-json\/wp\/v2\/posts\/5409\/revisions\/5459"}],"wp:featuredmedia":[{"embeddable":true,"href":"https:\/\/agora.xtec.cat\/esc-pericot\/wp-json\/wp\/v2\/media\/5418"}],"wp:attachment":[{"href":"https:\/\/agora.xtec.cat\/esc-pericot\/wp-json\/wp\/v2\/media?parent=5409"}],"wp:term":[{"taxonomy":"category","embeddable":true,"href":"https:\/\/agora.xtec.cat\/esc-pericot\/wp-json\/wp\/v2\/categories?post=5409"},{"taxonomy":"post_tag","embeddable":true,"href":"https:\/\/agora.xtec.cat\/esc-pericot\/wp-json\/wp\/v2\/tags?post=5409"}],"curies":[{"name":"wp","href":"https:\/\/api.w.org\/{rel}","templated":true}]}}