{"id":5404,"date":"2022-01-24T19:21:23","date_gmt":"2022-01-24T18:21:23","guid":{"rendered":"https:\/\/agora.xtec.cat\/esc-pericot\/?p=5404"},"modified":"2025-12-12T10:33:14","modified_gmt":"2025-12-12T09:33:14","slug":"arriba-el-bicibus-a-lescola","status":"publish","type":"post","link":"https:\/\/agora.xtec.cat\/esc-pericot\/portada\/arriba-el-bicibus-a-lescola\/","title":{"rendered":"Arriba el bicibus a l&#8217;escola"},"content":{"rendered":"<p><a href=\"https:\/\/agora.xtec.cat\/esc-pericot\/wp-content\/uploads\/usu807\/2022\/01\/bibcibus.jpg\"><img loading=\"lazy\" decoding=\"async\" class=\"wp-image-5405 alignleft\" src=\"https:\/\/agora.xtec.cat\/esc-pericot\/wp-content\/uploads\/usu807\/2022\/01\/bibcibus-1024x1024.jpg\" alt=\"\" width=\"382\" height=\"382\" srcset=\"https:\/\/agora.xtec.cat\/esc-pericot\/wp-content\/uploads\/usu807\/2022\/01\/bibcibus-1024x1024.jpg 1024w, https:\/\/agora.xtec.cat\/esc-pericot\/wp-content\/uploads\/usu807\/2022\/01\/bibcibus-300x300.jpg 300w, https:\/\/agora.xtec.cat\/esc-pericot\/wp-content\/uploads\/usu807\/2022\/01\/bibcibus-150x150.jpg 150w, https:\/\/agora.xtec.cat\/esc-pericot\/wp-content\/uploads\/usu807\/2022\/01\/bibcibus-768x768.jpg 768w, https:\/\/agora.xtec.cat\/esc-pericot\/wp-content\/uploads\/usu807\/2022\/01\/bibcibus.jpg 1080w\" sizes=\"auto, (max-width: 382px) 100vw, 382px\" \/><\/a><\/p>\n<p>&nbsp;<\/p>\n<p>Ja sabeu que l\u2019Escola i l\u2019AFA Pericot treballen conjuntament des de fa m\u00e9s d\u2019un curs escolar per aconseguir un entorn i acc\u00e9s a l\u2019escola m\u00e9s saludable, segur i sostenible. Per aquest motiu, aquest divendres 28 de gener, es reempren l\u2019acci\u00f3 de la Revolta Escolar, del tall de carrer a la sortida de l\u2019escola. I a m\u00e9s, i com a novetat, entra en funcionament el servei de BICIBUS Pericot, proposat arran de l\u2019elevat percentatge d\u2019alumnat amb ganes de venir amb bicicleta a l\u2019escola, i l\u2019inter\u00e8s que va generar la proposta de posar en marxa un bicibus.<br \/>\nConnecta&#8217;t el proper dimecres 26 de gener a les 21h en el seg\u00fcent enlla\u00e7: <a href=\"https:\/\/meet.google.com\/hhb-ipkc-ybo\" target=\"_blank\" rel=\"noopener\">https:\/\/meet.google.com\/hhb-ipkc-ybo<\/a> i informa\u2019t del funcionament, les l\u00ednies, parades, horaris de pas, responsables, normes d\u2019\u00fas, etc.<br \/>\nUs hi esperem!<\/p>\n<p>Com a recordatori us enviem un petit v\u00eddeo sobre qu\u00e8 \u00e9s el bicibus<br \/>\n<a href=\"https:\/\/youtu.be\/nfo6T3u5k9Q\" target=\"_blank\" rel=\"noopener\">https:\/\/youtu.be\/nfo6T3u5k9Q<\/a><br \/>\nM\u00e9s informaci\u00f3:<a href=\"https:\/\/bicibus.cat\/index.html#contacts1-a\" target=\"_blank\" rel=\"noopener\"> https:\/\/bicibus.cat\/index.html#contacts1-a<\/a><\/p>\n","protected":false},"excerpt":{"rendered":"<p>Per tenir m\u00e9s informaci\u00f3<\/p>\n","protected":false},"author":1,"featured_media":5405,"comment_status":"open","ping_status":"closed","sticky":false,"template":"","format":"standard","meta":{"_bbp_topic_count":0,"_bbp_reply_count":0,"_bbp_total_topic_count":0,"_bbp_total_reply_count":0,"_bbp_voice_count":0,"_bbp_anonymous_reply_count":0,"_bbp_topic_count_hidden":0,"_bbp_reply_count_hidden":0,"_bbp_forum_subforum_count":0,"site-sidebar-layout":"default","site-content-layout":"","ast-site-content-layout":"","site-content-style":"default","site-sidebar-style":"default","ast-global-header-display":"","ast-banner-title-visibility":"","ast-main-header-display":"","ast-hfb-above-header-display":"","ast-hfb-below-header-display":"","ast-hfb-mobile-header-display":"","site-post-title":"","ast-breadcrumbs-content":"","ast-featured-img":"","footer-sml-layout":"","theme-transparent-header-meta":"","adv-header-id-meta":"","stick-header-meta":"","header-above-stick-meta":"","header-main-stick-meta":"","header-below-stick-meta":"","astra-migrate-meta-layouts":"default","ast-page-background-enabled":"default","ast-page-background-meta":{"desktop":{"background-color":"var(--ast-global-color-4)","background-image":"","background-repeat":"repeat","background-position":"center center","background-size":"auto","background-attachment":"scroll","background-type":"","background-media":"","overlay-type":"","overlay-color":"","overlay-opacity":"","overlay-gradient":""},"tablet":{"background-color":"","background-image":"","background-repeat":"repeat","background-position":"center center","background-size":"auto","background-attachment":"scroll","background-type":"","background-media":"","overlay-type":"","overlay-color":"","overlay-opacity":"","overlay-gradient":""},"mobile":{"background-color":"","background-image":"","background-repeat":"repeat","background-position":"center center","background-size":"auto","background-attachment":"scroll","background-type":"","background-media":"","overlay-type":"","overlay-color":"","overlay-opacity":"","overlay-gradient":""}},"ast-content-background-meta":{"desktop":{"background-color":"var(--ast-global-color-5)","background-image":"","background-repeat":"repeat","background-position":"center center","background-size":"auto","background-attachment":"scroll","background-type":"","background-media":"","overlay-type":"","overlay-color":"","overlay-opacity":"","overlay-gradient":""},"tablet":{"background-color":"var(--ast-global-color-5)","background-image":"","background-repeat":"repeat","background-position":"center center","background-size":"auto","background-attachment":"scroll","background-type":"","background-media":"","overlay-type":"","overlay-color":"","overlay-opacity":"","overlay-gradient":""},"mobile":{"background-color":"var(--ast-global-color-5)","background-image":"","background-repeat":"repeat","background-position":"center center","background-size":"auto","background-attachment":"scroll","background-type":"","background-media":"","overlay-type":"","overlay-color":"","overlay-opacity":"","overlay-gradient":""}},"footnotes":""},"categories":[4],"tags":[162,222,223,167],"class_list":["post-5404","post","type-post","status-publish","format-standard","has-post-thumbnail","hentry","category-portada","tag-afa","tag-bicibus","tag-entorn-segur","tag-revolta-escolar"],"post_mailing_queue_ids":[],"_links":{"self":[{"href":"https:\/\/agora.xtec.cat\/esc-pericot\/wp-json\/wp\/v2\/posts\/5404","targetHints":{"allow":["GET"]}}],"collection":[{"href":"https:\/\/agora.xtec.cat\/esc-pericot\/wp-json\/wp\/v2\/posts"}],"about":[{"href":"https:\/\/agora.xtec.cat\/esc-pericot\/wp-json\/wp\/v2\/types\/post"}],"author":[{"embeddable":true,"href":"https:\/\/agora.xtec.cat\/esc-pericot\/wp-json\/wp\/v2\/users\/1"}],"replies":[{"embeddable":true,"href":"https:\/\/agora.xtec.cat\/esc-pericot\/wp-json\/wp\/v2\/comments?post=5404"}],"version-history":[{"count":3,"href":"https:\/\/agora.xtec.cat\/esc-pericot\/wp-json\/wp\/v2\/posts\/5404\/revisions"}],"predecessor-version":[{"id":5456,"href":"https:\/\/agora.xtec.cat\/esc-pericot\/wp-json\/wp\/v2\/posts\/5404\/revisions\/5456"}],"wp:featuredmedia":[{"embeddable":true,"href":"https:\/\/agora.xtec.cat\/esc-pericot\/wp-json\/wp\/v2\/media\/5405"}],"wp:attachment":[{"href":"https:\/\/agora.xtec.cat\/esc-pericot\/wp-json\/wp\/v2\/media?parent=5404"}],"wp:term":[{"taxonomy":"category","embeddable":true,"href":"https:\/\/agora.xtec.cat\/esc-pericot\/wp-json\/wp\/v2\/categories?post=5404"},{"taxonomy":"post_tag","embeddable":true,"href":"https:\/\/agora.xtec.cat\/esc-pericot\/wp-json\/wp\/v2\/tags?post=5404"}],"curies":[{"name":"wp","href":"https:\/\/api.w.org\/{rel}","templated":true}]}}