{"id":5164,"date":"2021-12-22T10:00:23","date_gmt":"2021-12-22T09:00:23","guid":{"rendered":"https:\/\/agora.xtec.cat\/esc-pericot\/?p=5164"},"modified":"2021-12-22T10:08:54","modified_gmt":"2021-12-22T09:08:54","slug":"cantem-el-nadal-2","status":"publish","type":"post","link":"https:\/\/agora.xtec.cat\/esc-pericot\/primaria\/21-29\/cantem-el-nadal-2\/","title":{"rendered":"Cantem el Nadal!"},"content":{"rendered":"<p><a href=\"https:\/\/agora.xtec.cat\/esc-pericot\/wp-content\/uploads\/usu807\/2021\/12\/cantaires-1.jpg\"><img loading=\"lazy\" decoding=\"async\" class=\"wp-image-5071 alignleft\" src=\"https:\/\/agora.xtec.cat\/esc-pericot\/wp-content\/uploads\/usu807\/2021\/12\/cantaires-1.jpg\" alt=\"\" width=\"282\" height=\"181\" srcset=\"https:\/\/agora.xtec.cat\/esc-pericot\/wp-content\/uploads\/usu807\/2021\/12\/cantaires-1.jpg 625w, https:\/\/agora.xtec.cat\/esc-pericot\/wp-content\/uploads\/usu807\/2021\/12\/cantaires-1-300x192.jpg 300w\" sizes=\"auto, (max-width: 282px) 100vw, 282px\" \/><\/a>Les nenes i els nens de P3\u00a0 us volem desitjar molt bon Nadal.\u00a0 Ho fem cantant.<\/p>\n<p>L&#8217;enlla\u00e7 directe a les nadales <strong><a href=\"https:\/\/drive.google.com\/drive\/folders\/1P3xJfw1iwLvAjoSfNBrRScDgWUIhS2da?usp=sharing\" target=\"_blank\" rel=\"noopener\">drive promoci\u00f3 de p3<\/a>.<\/strong><\/p>\n<p>Esperem que us agradin tant com a nosaltres!!\u00a0 Recordeu que aqu\u00ed al blog , sota la imatge de la c\u00e0mera fotogr\u00e0fica hi ha l&#8217;enlla\u00e7 a TOTES les fotografies que fem a l&#8217;aula.<\/p>\n<p>&nbsp;<\/p>\n<p><sub><a href=\"https:\/\/www.vecteezy.com\/free-vector\/winter\">Winter Vectors by Vecteezy<\/a>\u00a0<\/sub><\/p>\n","protected":false},"excerpt":{"rendered":"<p>Les nenes i els nens de P3\u00a0 us volem desitjar molt bon Nadal.\u00a0 Ho fem cantant. L&#8217;enlla\u00e7 directe a les nadales drive promoci\u00f3 de p3. Esperem que us agradin tant com a nosaltres!!\u00a0 Recordeu que aqu\u00ed al blog , sota la imatge de la c\u00e0mera fotogr\u00e0fica hi ha l&#8217;enlla\u00e7 a TOTES les fotografies que fem [&hellip;]<\/p>\n","protected":false},"author":1,"featured_media":5068,"comment_status":"open","ping_status":"closed","sticky":false,"template":"","format":"standard","meta":{"_bbp_topic_count":0,"_bbp_reply_count":0,"_bbp_total_topic_count":0,"_bbp_total_reply_count":0,"_bbp_voice_count":0,"_bbp_anonymous_reply_count":0,"_bbp_topic_count_hidden":0,"_bbp_reply_count_hidden":0,"_bbp_forum_subforum_count":0,"site-sidebar-layout":"default","site-content-layout":"","ast-site-content-layout":"","site-content-style":"default","site-sidebar-style":"default","ast-global-header-display":"","ast-banner-title-visibility":"","ast-main-header-display":"","ast-hfb-above-header-display":"","ast-hfb-below-header-display":"","ast-hfb-mobile-header-display":"","site-post-title":"","ast-breadcrumbs-content":"","ast-featured-img":"","footer-sml-layout":"","theme-transparent-header-meta":"","adv-header-id-meta":"","stick-header-meta":"","header-above-stick-meta":"","header-main-stick-meta":"","header-below-stick-meta":"","astra-migrate-meta-layouts":"default","ast-page-background-enabled":"default","ast-page-background-meta":{"desktop":{"background-color":"var(--ast-global-color-4)","background-image":"","background-repeat":"repeat","background-position":"center center","background-size":"auto","background-attachment":"scroll","background-type":"","background-media":"","overlay-type":"","overlay-color":"","overlay-opacity":"","overlay-gradient":""},"tablet":{"background-color":"","background-image":"","background-repeat":"repeat","background-position":"center center","background-size":"auto","background-attachment":"scroll","background-type":"","background-media":"","overlay-type":"","overlay-color":"","overlay-opacity":"","overlay-gradient":""},"mobile":{"background-color":"","background-image":"","background-repeat":"repeat","background-position":"center center","background-size":"auto","background-attachment":"scroll","background-type":"","background-media":"","overlay-type":"","overlay-color":"","overlay-opacity":"","overlay-gradient":""}},"ast-content-background-meta":{"desktop":{"background-color":"var(--ast-global-color-5)","background-image":"","background-repeat":"repeat","background-position":"center center","background-size":"auto","background-attachment":"scroll","background-type":"","background-media":"","overlay-type":"","overlay-color":"","overlay-opacity":"","overlay-gradient":""},"tablet":{"background-color":"var(--ast-global-color-5)","background-image":"","background-repeat":"repeat","background-position":"center center","background-size":"auto","background-attachment":"scroll","background-type":"","background-media":"","overlay-type":"","overlay-color":"","overlay-opacity":"","overlay-gradient":""},"mobile":{"background-color":"var(--ast-global-color-5)","background-image":"","background-repeat":"repeat","background-position":"center center","background-size":"auto","background-attachment":"scroll","background-type":"","background-media":"","overlay-type":"","overlay-color":"","overlay-opacity":"","overlay-gradient":""}},"footnotes":""},"categories":[3],"tags":[74,59,66,26,73,62],"class_list":["post-5164","post","type-post","status-publish","format-standard","has-post-thumbnail","hentry","category-21-29","tag-cancons","tag-celebracions","tag-educacio-infantil","tag-festes","tag-musica","tag-nadal"],"post_mailing_queue_ids":[],"_links":{"self":[{"href":"https:\/\/agora.xtec.cat\/esc-pericot\/wp-json\/wp\/v2\/posts\/5164","targetHints":{"allow":["GET"]}}],"collection":[{"href":"https:\/\/agora.xtec.cat\/esc-pericot\/wp-json\/wp\/v2\/posts"}],"about":[{"href":"https:\/\/agora.xtec.cat\/esc-pericot\/wp-json\/wp\/v2\/types\/post"}],"author":[{"embeddable":true,"href":"https:\/\/agora.xtec.cat\/esc-pericot\/wp-json\/wp\/v2\/users\/1"}],"replies":[{"embeddable":true,"href":"https:\/\/agora.xtec.cat\/esc-pericot\/wp-json\/wp\/v2\/comments?post=5164"}],"version-history":[{"count":3,"href":"https:\/\/agora.xtec.cat\/esc-pericot\/wp-json\/wp\/v2\/posts\/5164\/revisions"}],"predecessor-version":[{"id":5205,"href":"https:\/\/agora.xtec.cat\/esc-pericot\/wp-json\/wp\/v2\/posts\/5164\/revisions\/5205"}],"wp:featuredmedia":[{"embeddable":true,"href":"https:\/\/agora.xtec.cat\/esc-pericot\/wp-json\/wp\/v2\/media\/5068"}],"wp:attachment":[{"href":"https:\/\/agora.xtec.cat\/esc-pericot\/wp-json\/wp\/v2\/media?parent=5164"}],"wp:term":[{"taxonomy":"category","embeddable":true,"href":"https:\/\/agora.xtec.cat\/esc-pericot\/wp-json\/wp\/v2\/categories?post=5164"},{"taxonomy":"post_tag","embeddable":true,"href":"https:\/\/agora.xtec.cat\/esc-pericot\/wp-json\/wp\/v2\/tags?post=5164"}],"curies":[{"name":"wp","href":"https:\/\/api.w.org\/{rel}","templated":true}]}}