{"id":5069,"date":"2021-12-22T09:55:28","date_gmt":"2021-12-22T08:55:28","guid":{"rendered":"https:\/\/agora.xtec.cat\/esc-pericot\/?p=5069"},"modified":"2022-07-14T19:13:40","modified_gmt":"2022-07-14T17:13:40","slug":"les-nadales-per-desitjar-vos-bon-nadal","status":"publish","type":"post","link":"https:\/\/agora.xtec.cat\/esc-pericot\/general\/les-nadales-per-desitjar-vos-bon-nadal\/","title":{"rendered":"Les nadales per desitjar-vos BON NADAL"},"content":{"rendered":"<p><a href=\"https:\/\/agora.xtec.cat\/esc-pericot\/wp-content\/uploads\/usu807\/2021\/12\/cantaires.jpg\"><img loading=\"lazy\" decoding=\"async\" class=\"wp-image-5068 alignleft\" src=\"https:\/\/agora.xtec.cat\/esc-pericot\/wp-content\/uploads\/usu807\/2021\/12\/cantaires.jpg\" alt=\"\" width=\"273\" height=\"175\" srcset=\"https:\/\/agora.xtec.cat\/esc-pericot\/wp-content\/uploads\/usu807\/2021\/12\/cantaires.jpg 625w, https:\/\/agora.xtec.cat\/esc-pericot\/wp-content\/uploads\/usu807\/2021\/12\/cantaires-300x192.jpg 300w\" sizes=\"auto, (max-width: 273px) 100vw, 273px\" \/><\/a>Cada grup ha enregistrat una nadala, algunes en catal\u00e0, d&#8217;altres en castell\u00e0 o angl\u00e8s. Algunes cantades, d&#8217;altres amb instruments tocats per els mateixos alumnes. Tot per a desitjar-vos UN MOLT BON NADAL!<\/p>\n<p><img loading=\"lazy\" decoding=\"async\" class=\"wp-image-5067 alignright\" src=\"https:\/\/agora.xtec.cat\/esc-pericot\/wp-content\/uploads\/usu807\/2021\/12\/arbre-de-nadal-1024x844.jpg\" alt=\"\" width=\"216\" height=\"179\" srcset=\"https:\/\/agora.xtec.cat\/esc-pericot\/wp-content\/uploads\/usu807\/2021\/12\/arbre-de-nadal-1024x844.jpg 1024w, https:\/\/agora.xtec.cat\/esc-pericot\/wp-content\/uploads\/usu807\/2021\/12\/arbre-de-nadal-300x250.jpg 300w, https:\/\/agora.xtec.cat\/esc-pericot\/wp-content\/uploads\/usu807\/2021\/12\/arbre-de-nadal-768x633.jpg 768w, https:\/\/agora.xtec.cat\/esc-pericot\/wp-content\/uploads\/usu807\/2021\/12\/arbre-de-nadal.jpg 1136w\" sizes=\"auto, (max-width: 216px) 100vw, 216px\" \/><\/p>\n<p>La nadala que ha cantat el\/la vostre\/a fill\/a la trobareu\u00a0 al blog de la classe, tamb\u00e9 hi podeu accedir com ja feu amb les fotografies del grup. Ja ho sabeu, al drive\u00a0 nom\u00e9s hi teniu acc\u00e9s amb l&#8217;usuari l&#8217;escola (xxx@escolapericot.cat).<\/p>\n<p>Esperem que us agradin molt.<\/p>\n<p>&nbsp;<\/p>\n<p><sub><a href=\"https:\/\/www.vecteezy.com\/free-vector\/winter\">Winter Vectors by Vecteezy<\/a>\u00a0<\/sub><\/p>\n","protected":false},"excerpt":{"rendered":"<p>Cada grup ha enregistrat una nadala, algunes en catal\u00e0, d&#8217;altres en castell\u00e0 o angl\u00e8s. Algunes cantades, d&#8217;altres amb instruments tocats per els mateixos alumnes. Tot per a desitjar-vos UN MOLT BON NADAL! La nadala que ha cantat el\/la vostre\/a fill\/a la trobareu\u00a0 al blog de la classe, tamb\u00e9 hi podeu accedir com ja feu amb [&hellip;]<\/p>\n","protected":false},"author":1,"featured_media":5071,"comment_status":"open","ping_status":"closed","sticky":false,"template":"","format":"standard","meta":{"_bbp_topic_count":0,"_bbp_reply_count":0,"_bbp_total_topic_count":0,"_bbp_total_reply_count":0,"_bbp_voice_count":0,"_bbp_anonymous_reply_count":0,"_bbp_topic_count_hidden":0,"_bbp_reply_count_hidden":0,"_bbp_forum_subforum_count":0,"site-sidebar-layout":"default","site-content-layout":"","ast-site-content-layout":"","site-content-style":"default","site-sidebar-style":"default","ast-global-header-display":"","ast-banner-title-visibility":"","ast-main-header-display":"","ast-hfb-above-header-display":"","ast-hfb-below-header-display":"","ast-hfb-mobile-header-display":"","site-post-title":"","ast-breadcrumbs-content":"","ast-featured-img":"","footer-sml-layout":"","theme-transparent-header-meta":"","adv-header-id-meta":"","stick-header-meta":"","header-above-stick-meta":"","header-main-stick-meta":"","header-below-stick-meta":"","astra-migrate-meta-layouts":"default","ast-page-background-enabled":"default","ast-page-background-meta":{"desktop":{"background-color":"var(--ast-global-color-4)","background-image":"","background-repeat":"repeat","background-position":"center center","background-size":"auto","background-attachment":"scroll","background-type":"","background-media":"","overlay-type":"","overlay-color":"","overlay-opacity":"","overlay-gradient":""},"tablet":{"background-color":"","background-image":"","background-repeat":"repeat","background-position":"center center","background-size":"auto","background-attachment":"scroll","background-type":"","background-media":"","overlay-type":"","overlay-color":"","overlay-opacity":"","overlay-gradient":""},"mobile":{"background-color":"","background-image":"","background-repeat":"repeat","background-position":"center center","background-size":"auto","background-attachment":"scroll","background-type":"","background-media":"","overlay-type":"","overlay-color":"","overlay-opacity":"","overlay-gradient":""}},"ast-content-background-meta":{"desktop":{"background-color":"var(--ast-global-color-5)","background-image":"","background-repeat":"repeat","background-position":"center center","background-size":"auto","background-attachment":"scroll","background-type":"","background-media":"","overlay-type":"","overlay-color":"","overlay-opacity":"","overlay-gradient":""},"tablet":{"background-color":"var(--ast-global-color-5)","background-image":"","background-repeat":"repeat","background-position":"center center","background-size":"auto","background-attachment":"scroll","background-type":"","background-media":"","overlay-type":"","overlay-color":"","overlay-opacity":"","overlay-gradient":""},"mobile":{"background-color":"var(--ast-global-color-5)","background-image":"","background-repeat":"repeat","background-position":"center center","background-size":"auto","background-attachment":"scroll","background-type":"","background-media":"","overlay-type":"","overlay-color":"","overlay-opacity":"","overlay-gradient":""}},"footnotes":""},"categories":[265,1,4],"tags":[66,64,22,26,73,62,30],"class_list":["post-5069","post","type-post","status-publish","format-standard","has-post-thumbnail","hentry","category-artistica","category-general","category-portada","tag-educacio-infantil","tag-english","tag-escola","tag-festes","tag-musica","tag-nadal","tag-primaria"],"post_mailing_queue_ids":[],"_links":{"self":[{"href":"https:\/\/agora.xtec.cat\/esc-pericot\/wp-json\/wp\/v2\/posts\/5069","targetHints":{"allow":["GET"]}}],"collection":[{"href":"https:\/\/agora.xtec.cat\/esc-pericot\/wp-json\/wp\/v2\/posts"}],"about":[{"href":"https:\/\/agora.xtec.cat\/esc-pericot\/wp-json\/wp\/v2\/types\/post"}],"author":[{"embeddable":true,"href":"https:\/\/agora.xtec.cat\/esc-pericot\/wp-json\/wp\/v2\/users\/1"}],"replies":[{"embeddable":true,"href":"https:\/\/agora.xtec.cat\/esc-pericot\/wp-json\/wp\/v2\/comments?post=5069"}],"version-history":[{"count":3,"href":"https:\/\/agora.xtec.cat\/esc-pericot\/wp-json\/wp\/v2\/posts\/5069\/revisions"}],"predecessor-version":[{"id":5178,"href":"https:\/\/agora.xtec.cat\/esc-pericot\/wp-json\/wp\/v2\/posts\/5069\/revisions\/5178"}],"wp:featuredmedia":[{"embeddable":true,"href":"https:\/\/agora.xtec.cat\/esc-pericot\/wp-json\/wp\/v2\/media\/5071"}],"wp:attachment":[{"href":"https:\/\/agora.xtec.cat\/esc-pericot\/wp-json\/wp\/v2\/media?parent=5069"}],"wp:term":[{"taxonomy":"category","embeddable":true,"href":"https:\/\/agora.xtec.cat\/esc-pericot\/wp-json\/wp\/v2\/categories?post=5069"},{"taxonomy":"post_tag","embeddable":true,"href":"https:\/\/agora.xtec.cat\/esc-pericot\/wp-json\/wp\/v2\/tags?post=5069"}],"curies":[{"name":"wp","href":"https:\/\/api.w.org\/{rel}","templated":true}]}}