{"id":4970,"date":"2021-11-29T19:49:32","date_gmt":"2021-11-29T18:49:32","guid":{"rendered":"https:\/\/agora.xtec.cat\/esc-pericot\/?p=4970"},"modified":"2021-11-29T19:49:32","modified_gmt":"2021-11-29T18:49:32","slug":"viatgem-per-europa","status":"publish","type":"post","link":"https:\/\/agora.xtec.cat\/esc-pericot\/primaria\/13-21\/viatgem-per-europa\/","title":{"rendered":"Viatgem per Europa!"},"content":{"rendered":"<p style=\"text-align: left\">Al llarg del primer trimestre els\/les alumnes de 6\u00e8, hem estat fent el projecte \u201cViatgem per Europa\u201d. L\u2019objectiu principal d\u2019aquest projecte ha estat saber qu\u00e8 \u00e9s la Uni\u00f3 Europea i quins s\u00f3n els pa\u00efsos que en formen part.<\/p>\n<p style=\"text-align: left\">Durant les sessions que hi hem dedicat hem apr\u00e8s:<\/p>\n<ul style=\"text-align: left\">\n<li style=\"font-weight: 400\">Ens hem situat al m\u00f3n, coneixent com es diu el nostre planeta, el nostre pa\u00eds i la nostra comunitat aut\u00f2noma.<\/li>\n<li style=\"font-weight: 400\">Hem conegut qu\u00e8 \u00e9s la Uni\u00f3 Europea i quins pa\u00efsos en formen part.<\/li>\n<li style=\"font-weight: 400\">Hem aprofundit en els pa\u00efsos de la Uni\u00f3 Europea, hem conegut les seves capitals i la seva bandera.<\/li>\n<li style=\"font-weight: 400\">Ens hem endinsat en alguns pa\u00efsos per con\u00e8ixer la seva ubicaci\u00f3, caracter\u00edstiques, monuments importants, etc.<\/li>\n<li style=\"font-weight: 400\">Hem apr\u00e8s a tocar \u201cl\u2019himne de l\u2019alegria de Beethoven\u201d amb la flauta i amb altres instruments.<\/li>\n<\/ul>\n<p style=\"text-align: left\">Per dur a terme el projecte hem fet diverses activitats com:<\/p>\n<p style=\"text-align: left\">Viatjar a trav\u00e9s del google earth, un lapbook per situar-nos al planeta, reptes, jocs amb la tauleta per saber identificar les banderes amb els diferents pa\u00efsos, v\u00eddeos amb preguntes a respondre, jocs de relacionar els pa\u00efsos amb la seva capital, bandera i idioma parlat i finalment un treball de grup.<\/p>\n<p style=\"text-align: left\">El treball de grup ha consistit a fer un tr\u00edptic, on els alumnes han escollit un pa\u00eds de la Uni\u00f3 Europea i finalment ho han compartit amb els seus companys\/es tot fent una exposici\u00f3 oral.<\/p>\n<p style=\"text-align: left\">La classe de 6\u00e8 s\u2019ha esfor\u00e7at molt al llarg del projecte!<\/p>\n<p>&nbsp;<\/p>\n\n","protected":false},"excerpt":{"rendered":"<p>Al llarg del primer trimestre els\/les alumnes de 6\u00e8, hem estat fent el projecte \u201cViatgem per Europa\u201d. L\u2019objectiu principal d\u2019aquest projecte ha estat saber qu\u00e8 \u00e9s la Uni\u00f3 Europea i quins s\u00f3n els pa\u00efsos que en formen part. Durant les sessions que hi hem dedicat hem apr\u00e8s: Ens hem situat al m\u00f3n, coneixent com es [&hellip;]<\/p>\n","protected":false},"author":9,"featured_media":4975,"comment_status":"open","ping_status":"closed","sticky":false,"template":"","format":"standard","meta":{"_bbp_topic_count":0,"_bbp_reply_count":0,"_bbp_total_topic_count":0,"_bbp_total_reply_count":0,"_bbp_voice_count":0,"_bbp_anonymous_reply_count":0,"_bbp_topic_count_hidden":0,"_bbp_reply_count_hidden":0,"_bbp_forum_subforum_count":0,"site-sidebar-layout":"default","site-content-layout":"","ast-site-content-layout":"","site-content-style":"default","site-sidebar-style":"default","ast-global-header-display":"","ast-banner-title-visibility":"","ast-main-header-display":"","ast-hfb-above-header-display":"","ast-hfb-below-header-display":"","ast-hfb-mobile-header-display":"","site-post-title":"","ast-breadcrumbs-content":"","ast-featured-img":"","footer-sml-layout":"","theme-transparent-header-meta":"","adv-header-id-meta":"","stick-header-meta":"","header-above-stick-meta":"","header-main-stick-meta":"","header-below-stick-meta":"","astra-migrate-meta-layouts":"default","ast-page-background-enabled":"default","ast-page-background-meta":{"desktop":{"background-color":"var(--ast-global-color-4)","background-image":"","background-repeat":"repeat","background-position":"center center","background-size":"auto","background-attachment":"scroll","background-type":"","background-media":"","overlay-type":"","overlay-color":"","overlay-opacity":"","overlay-gradient":""},"tablet":{"background-color":"","background-image":"","background-repeat":"repeat","background-position":"center center","background-size":"auto","background-attachment":"scroll","background-type":"","background-media":"","overlay-type":"","overlay-color":"","overlay-opacity":"","overlay-gradient":""},"mobile":{"background-color":"","background-image":"","background-repeat":"repeat","background-position":"center center","background-size":"auto","background-attachment":"scroll","background-type":"","background-media":"","overlay-type":"","overlay-color":"","overlay-opacity":"","overlay-gradient":""}},"ast-content-background-meta":{"desktop":{"background-color":"var(--ast-global-color-5)","background-image":"","background-repeat":"repeat","background-position":"center center","background-size":"auto","background-attachment":"scroll","background-type":"","background-media":"","overlay-type":"","overlay-color":"","overlay-opacity":"","overlay-gradient":""},"tablet":{"background-color":"var(--ast-global-color-5)","background-image":"","background-repeat":"repeat","background-position":"center center","background-size":"auto","background-attachment":"scroll","background-type":"","background-media":"","overlay-type":"","overlay-color":"","overlay-opacity":"","overlay-gradient":""},"mobile":{"background-color":"var(--ast-global-color-5)","background-image":"","background-repeat":"repeat","background-position":"center center","background-size":"auto","background-attachment":"scroll","background-type":"","background-media":"","overlay-type":"","overlay-color":"","overlay-opacity":"","overlay-gradient":""}},"footnotes":""},"categories":[15],"tags":[35,29],"class_list":["post-4970","post","type-post","status-publish","format-standard","has-post-thumbnail","hentry","category-13-21","tag-cicle-superior","tag-projectes"],"post_mailing_queue_ids":[],"_links":{"self":[{"href":"https:\/\/agora.xtec.cat\/esc-pericot\/wp-json\/wp\/v2\/posts\/4970","targetHints":{"allow":["GET"]}}],"collection":[{"href":"https:\/\/agora.xtec.cat\/esc-pericot\/wp-json\/wp\/v2\/posts"}],"about":[{"href":"https:\/\/agora.xtec.cat\/esc-pericot\/wp-json\/wp\/v2\/types\/post"}],"author":[{"embeddable":true,"href":"https:\/\/agora.xtec.cat\/esc-pericot\/wp-json\/wp\/v2\/users\/9"}],"replies":[{"embeddable":true,"href":"https:\/\/agora.xtec.cat\/esc-pericot\/wp-json\/wp\/v2\/comments?post=4970"}],"version-history":[{"count":3,"href":"https:\/\/agora.xtec.cat\/esc-pericot\/wp-json\/wp\/v2\/posts\/4970\/revisions"}],"predecessor-version":[{"id":4984,"href":"https:\/\/agora.xtec.cat\/esc-pericot\/wp-json\/wp\/v2\/posts\/4970\/revisions\/4984"}],"wp:featuredmedia":[{"embeddable":true,"href":"https:\/\/agora.xtec.cat\/esc-pericot\/wp-json\/wp\/v2\/media\/4975"}],"wp:attachment":[{"href":"https:\/\/agora.xtec.cat\/esc-pericot\/wp-json\/wp\/v2\/media?parent=4970"}],"wp:term":[{"taxonomy":"category","embeddable":true,"href":"https:\/\/agora.xtec.cat\/esc-pericot\/wp-json\/wp\/v2\/categories?post=4970"},{"taxonomy":"post_tag","embeddable":true,"href":"https:\/\/agora.xtec.cat\/esc-pericot\/wp-json\/wp\/v2\/tags?post=4970"}],"curies":[{"name":"wp","href":"https:\/\/api.w.org\/{rel}","templated":true}]}}