{"id":4963,"date":"2021-11-29T18:06:19","date_gmt":"2021-11-29T17:06:19","guid":{"rendered":"https:\/\/agora.xtec.cat\/esc-pericot\/?p=4963"},"modified":"2022-07-14T17:49:38","modified_gmt":"2022-07-14T15:49:38","slug":"cantem-havaneres","status":"publish","type":"post","link":"https:\/\/agora.xtec.cat\/esc-pericot\/primaria\/18-26\/cantem-havaneres\/","title":{"rendered":"Cantem havaneres"},"content":{"rendered":"<table style=\"height: 602px;width: 100%;border-collapse: collapse;border-color: #ffffff;background-color: #ffffff\">\n<tbody>\n<tr style=\"height: 289px\">\n<td style=\"width: 365.167px;height: 289px\"><a href=\"https:\/\/agora.xtec.cat\/esc-pericot\/wp-content\/uploads\/usu807\/2021\/11\/Havaneres-1.jpg\"><img loading=\"lazy\" decoding=\"async\" class=\"alignnone wp-image-4964\" src=\"https:\/\/agora.xtec.cat\/esc-pericot\/wp-content\/uploads\/usu807\/2021\/11\/Havaneres-1.jpg\" alt=\"\" width=\"364\" height=\"273\" srcset=\"https:\/\/agora.xtec.cat\/esc-pericot\/wp-content\/uploads\/usu807\/2021\/11\/Havaneres-1.jpg 1024w, https:\/\/agora.xtec.cat\/esc-pericot\/wp-content\/uploads\/usu807\/2021\/11\/Havaneres-1-300x225.jpg 300w, https:\/\/agora.xtec.cat\/esc-pericot\/wp-content\/uploads\/usu807\/2021\/11\/Havaneres-1-768x576.jpg 768w, https:\/\/agora.xtec.cat\/esc-pericot\/wp-content\/uploads\/usu807\/2021\/11\/Havaneres-1-200x150.jpg 200w\" sizes=\"auto, (max-width: 364px) 100vw, 364px\" \/><\/a><\/td>\n<td style=\"width: 373.167px;height: 289px\"><a href=\"https:\/\/agora.xtec.cat\/esc-pericot\/wp-content\/uploads\/usu807\/2021\/11\/Havaneres-2.jpg\"><img loading=\"lazy\" decoding=\"async\" class=\"alignnone wp-image-4965\" src=\"https:\/\/agora.xtec.cat\/esc-pericot\/wp-content\/uploads\/usu807\/2021\/11\/Havaneres-2.jpg\" alt=\"\" width=\"361\" height=\"271\" srcset=\"https:\/\/agora.xtec.cat\/esc-pericot\/wp-content\/uploads\/usu807\/2021\/11\/Havaneres-2.jpg 1024w, https:\/\/agora.xtec.cat\/esc-pericot\/wp-content\/uploads\/usu807\/2021\/11\/Havaneres-2-300x225.jpg 300w, https:\/\/agora.xtec.cat\/esc-pericot\/wp-content\/uploads\/usu807\/2021\/11\/Havaneres-2-768x576.jpg 768w, https:\/\/agora.xtec.cat\/esc-pericot\/wp-content\/uploads\/usu807\/2021\/11\/Havaneres-2-200x150.jpg 200w\" sizes=\"auto, (max-width: 361px) 100vw, 361px\" \/><\/a><\/td>\n<\/tr>\n<tr style=\"height: 313px\">\n<td style=\"width: 365.167px;height: 313px\"><a href=\"https:\/\/agora.xtec.cat\/esc-pericot\/wp-content\/uploads\/usu807\/2021\/11\/Havaneres-3.jpg\"><img loading=\"lazy\" decoding=\"async\" class=\"wp-image-4966 aligncenter\" src=\"https:\/\/agora.xtec.cat\/esc-pericot\/wp-content\/uploads\/usu807\/2021\/11\/Havaneres-3-768x1024.jpg\" alt=\"\" width=\"199\" height=\"265\" srcset=\"https:\/\/agora.xtec.cat\/esc-pericot\/wp-content\/uploads\/usu807\/2021\/11\/Havaneres-3-768x1024.jpg 768w, https:\/\/agora.xtec.cat\/esc-pericot\/wp-content\/uploads\/usu807\/2021\/11\/Havaneres-3-225x300.jpg 225w, https:\/\/agora.xtec.cat\/esc-pericot\/wp-content\/uploads\/usu807\/2021\/11\/Havaneres-3.jpg 1024w\" sizes=\"auto, (max-width: 199px) 100vw, 199px\" \/><\/a><\/td>\n<td style=\"width: 373.167px;text-align: justify;height: 313px;vertical-align: top\">La Marta ha vingut a fer-nos una sessi\u00f3 de m\u00fasica relacionada amb el m\u00f3n de les havaneres. Ens va explicar la hist\u00f2ria d&#8217;un pescador que va haver d&#8217;anar a viure a la muntanya i de com mitjan\u00e7ant les can\u00e7ons i la m\u00fasica recordava el mar que tant enyorava. Vam cantar la can\u00e7\u00f3 &#8220;Vell pescador&#8221; i altres havaneres com &#8220;La bella Lola&#8221;, &#8220;Lola la tavernera&#8221;&#8230;.Tamb\u00e9 ens va ensenyar un instrument de vent que es troba en els grups d&#8217;havaneres, l&#8217;acordi\u00f3 i fins i tot el vam poder tocar una miqueta!<\/td>\n<\/tr>\n<\/tbody>\n<\/table>\n<p>&nbsp;<\/p>\n<p style=\"text-align: left\">\n","protected":false},"excerpt":{"rendered":"<p>La Marta ha vingut a fer-nos una sessi\u00f3 de m\u00fasica relacionada amb el m\u00f3n de les havaneres. Ens va explicar la hist\u00f2ria d&#8217;un pescador que va haver d&#8217;anar a viure a la muntanya i de com mitjan\u00e7ant les can\u00e7ons i la m\u00fasica recordava el mar que tant enyorava. Vam cantar la can\u00e7\u00f3 &#8220;Vell pescador&#8221; i [&hellip;]<\/p>\n","protected":false},"author":10,"featured_media":4964,"comment_status":"open","ping_status":"closed","sticky":false,"template":"","format":"standard","meta":{"_bbp_topic_count":0,"_bbp_reply_count":0,"_bbp_total_topic_count":0,"_bbp_total_reply_count":0,"_bbp_voice_count":0,"_bbp_anonymous_reply_count":0,"_bbp_topic_count_hidden":0,"_bbp_reply_count_hidden":0,"_bbp_forum_subforum_count":0,"site-sidebar-layout":"default","site-content-layout":"","ast-site-content-layout":"","site-content-style":"default","site-sidebar-style":"default","ast-global-header-display":"","ast-banner-title-visibility":"","ast-main-header-display":"","ast-hfb-above-header-display":"","ast-hfb-below-header-display":"","ast-hfb-mobile-header-display":"","site-post-title":"","ast-breadcrumbs-content":"","ast-featured-img":"","footer-sml-layout":"","theme-transparent-header-meta":"","adv-header-id-meta":"","stick-header-meta":"","header-above-stick-meta":"","header-main-stick-meta":"","header-below-stick-meta":"","astra-migrate-meta-layouts":"default","ast-page-background-enabled":"default","ast-page-background-meta":{"desktop":{"background-color":"var(--ast-global-color-4)","background-image":"","background-repeat":"repeat","background-position":"center center","background-size":"auto","background-attachment":"scroll","background-type":"","background-media":"","overlay-type":"","overlay-color":"","overlay-opacity":"","overlay-gradient":""},"tablet":{"background-color":"","background-image":"","background-repeat":"repeat","background-position":"center center","background-size":"auto","background-attachment":"scroll","background-type":"","background-media":"","overlay-type":"","overlay-color":"","overlay-opacity":"","overlay-gradient":""},"mobile":{"background-color":"","background-image":"","background-repeat":"repeat","background-position":"center center","background-size":"auto","background-attachment":"scroll","background-type":"","background-media":"","overlay-type":"","overlay-color":"","overlay-opacity":"","overlay-gradient":""}},"ast-content-background-meta":{"desktop":{"background-color":"var(--ast-global-color-5)","background-image":"","background-repeat":"repeat","background-position":"center center","background-size":"auto","background-attachment":"scroll","background-type":"","background-media":"","overlay-type":"","overlay-color":"","overlay-opacity":"","overlay-gradient":""},"tablet":{"background-color":"var(--ast-global-color-5)","background-image":"","background-repeat":"repeat","background-position":"center center","background-size":"auto","background-attachment":"scroll","background-type":"","background-media":"","overlay-type":"","overlay-color":"","overlay-opacity":"","overlay-gradient":""},"mobile":{"background-color":"var(--ast-global-color-5)","background-image":"","background-repeat":"repeat","background-position":"center center","background-size":"auto","background-attachment":"scroll","background-type":"","background-media":"","overlay-type":"","overlay-color":"","overlay-opacity":"","overlay-gradient":""}},"footnotes":""},"categories":[10,11,265],"tags":[211,74,63],"class_list":["post-4963","post","type-post","status-publish","format-standard","has-post-thumbnail","hentry","category-18-26","category-17-25","category-artistica","tag-artistica-musica","tag-cancons","tag-cicle-inicial"],"post_mailing_queue_ids":[],"_links":{"self":[{"href":"https:\/\/agora.xtec.cat\/esc-pericot\/wp-json\/wp\/v2\/posts\/4963","targetHints":{"allow":["GET"]}}],"collection":[{"href":"https:\/\/agora.xtec.cat\/esc-pericot\/wp-json\/wp\/v2\/posts"}],"about":[{"href":"https:\/\/agora.xtec.cat\/esc-pericot\/wp-json\/wp\/v2\/types\/post"}],"author":[{"embeddable":true,"href":"https:\/\/agora.xtec.cat\/esc-pericot\/wp-json\/wp\/v2\/users\/10"}],"replies":[{"embeddable":true,"href":"https:\/\/agora.xtec.cat\/esc-pericot\/wp-json\/wp\/v2\/comments?post=4963"}],"version-history":[{"count":3,"href":"https:\/\/agora.xtec.cat\/esc-pericot\/wp-json\/wp\/v2\/posts\/4963\/revisions"}],"predecessor-version":[{"id":4969,"href":"https:\/\/agora.xtec.cat\/esc-pericot\/wp-json\/wp\/v2\/posts\/4963\/revisions\/4969"}],"wp:featuredmedia":[{"embeddable":true,"href":"https:\/\/agora.xtec.cat\/esc-pericot\/wp-json\/wp\/v2\/media\/4964"}],"wp:attachment":[{"href":"https:\/\/agora.xtec.cat\/esc-pericot\/wp-json\/wp\/v2\/media?parent=4963"}],"wp:term":[{"taxonomy":"category","embeddable":true,"href":"https:\/\/agora.xtec.cat\/esc-pericot\/wp-json\/wp\/v2\/categories?post=4963"},{"taxonomy":"post_tag","embeddable":true,"href":"https:\/\/agora.xtec.cat\/esc-pericot\/wp-json\/wp\/v2\/tags?post=4963"}],"curies":[{"name":"wp","href":"https:\/\/api.w.org\/{rel}","templated":true}]}}