{"id":4857,"date":"2021-11-22T19:04:07","date_gmt":"2021-11-22T18:04:07","guid":{"rendered":"https:\/\/agora.xtec.cat\/esc-pericot\/?p=4857"},"modified":"2021-12-11T19:50:17","modified_gmt":"2021-12-11T18:50:17","slug":"visita-al-museu-dels-volcans-i-al-volca-de-montsacopa","status":"publish","type":"post","link":"https:\/\/agora.xtec.cat\/esc-pericot\/16-24\/visita-al-museu-dels-volcans-i-al-volca-de-montsacopa\/","title":{"rendered":"Visita al Museu dels Volcans i al Volc\u00e0 de Montsacopa"},"content":{"rendered":"<p>Aquest dilluns 22 de novembre, les nenes i nens de 3r hem visitat el <strong>Museu dels volcans<\/strong> i el <strong>Volc\u00e0 de Montsacopa<\/strong> a Olot. Hem apr\u00e8s moltes coses noves sobre el m\u00f3n dels volcans gr\u00e0cies a les explicacions dels guies. Tota aquesta nova informaci\u00f3 ens ajudar\u00e0 a seguir treballant en el nostre projecte!<\/p>\n<p>Hem pogut viure en pr\u00f2pia pell com es viu un terratr\u00e8mol i hem conegut amb diverses maquetes, imatges i v\u00eddeos molt\u00edssimes coses sobre els volcans d&#8217;Olot i els terratr\u00e8mols. Tamb\u00e9 ens hem divertit caminant fins al cr\u00e0ter del volc\u00e0 de Montsacopa, gaudint de les seves curiositats, menjant plegats i jugant. Ha sigut un dia incre\u00efble i molt enriquidor.<\/p>\n<p>A continuaci\u00f3 us deixem un parell d&#8217;imatges de la sortida, si hi feu clic, podreu accedir a la carpeta de Google Drive on hi ha totes les fotografies. Recordeu que heu d&#8217;utilitzar el <strong>correu<\/strong> del vostre fill\/a, sin\u00f3, se us denegar\u00e0 l&#8217;acc\u00e9s.<\/p>\n<figure id=\"attachment_4860\" aria-describedby=\"caption-attachment-4860\" style=\"width: 422px\" class=\"wp-caption alignleft\"><a href=\"https:\/\/drive.google.com\/drive\/folders\/1C2bVN9AD6ac-p_4b9TKCImktME-p8Zt6\" target=\"_blank\" rel=\"noopener\"><img loading=\"lazy\" decoding=\"async\" class=\"wp-image-4860\" src=\"https:\/\/agora.xtec.cat\/esc-pericot\/wp-content\/uploads\/usu807\/2021\/11\/IMG_20211122_113113-e1637602639308.jpg\" alt=\"\" width=\"422\" height=\"285\" srcset=\"https:\/\/agora.xtec.cat\/esc-pericot\/wp-content\/uploads\/usu807\/2021\/11\/IMG_20211122_113113-e1637602639308.jpg 1000w, https:\/\/agora.xtec.cat\/esc-pericot\/wp-content\/uploads\/usu807\/2021\/11\/IMG_20211122_113113-e1637602639308-300x203.jpg 300w, https:\/\/agora.xtec.cat\/esc-pericot\/wp-content\/uploads\/usu807\/2021\/11\/IMG_20211122_113113-e1637602639308-768x518.jpg 768w\" sizes=\"auto, (max-width: 422px) 100vw, 422px\" \/><\/a><figcaption id=\"caption-attachment-4860\" class=\"wp-caption-text\"><strong>Fes clic a la imatge per veure les fotos de 3r A<\/strong><\/figcaption><\/figure>\n<p>&nbsp;<\/p>\n<p>&nbsp;<\/p>\n<p>&nbsp;<\/p>\n<p>&nbsp;<\/p>\n<p>&nbsp;<\/p>\n<p>&nbsp;<\/p>\n<p>&nbsp;<\/p>\n<p>&nbsp;<\/p>\n<figure id=\"attachment_4859\" aria-describedby=\"caption-attachment-4859\" style=\"width: 397px\" class=\"wp-caption alignleft\"><a href=\"https:\/\/drive.google.com\/drive\/folders\/1pIKP4YPoLLtXeOkjfHMgZI9vts1eo4i0\" target=\"_blank\" rel=\"noopener\"><img loading=\"lazy\" decoding=\"async\" class=\"wp-image-4859\" src=\"https:\/\/agora.xtec.cat\/esc-pericot\/wp-content\/uploads\/usu807\/2021\/11\/1637596172855.jpg\" alt=\"\" width=\"397\" height=\"298\" srcset=\"https:\/\/agora.xtec.cat\/esc-pericot\/wp-content\/uploads\/usu807\/2021\/11\/1637596172855.jpg 1000w, https:\/\/agora.xtec.cat\/esc-pericot\/wp-content\/uploads\/usu807\/2021\/11\/1637596172855-300x225.jpg 300w, https:\/\/agora.xtec.cat\/esc-pericot\/wp-content\/uploads\/usu807\/2021\/11\/1637596172855-768x576.jpg 768w, https:\/\/agora.xtec.cat\/esc-pericot\/wp-content\/uploads\/usu807\/2021\/11\/1637596172855-200x150.jpg 200w\" sizes=\"auto, (max-width: 397px) 100vw, 397px\" \/><\/a><figcaption id=\"caption-attachment-4859\" class=\"wp-caption-text\"><strong>Fes clic a la imatge per veure les fotos de 3r B<\/strong><\/figcaption><\/figure>\n","protected":false},"excerpt":{"rendered":"<p>Aquest dilluns 22 de novembre, les nenes i nens de 3r hem visitat el Museu dels volcans i el Volc\u00e0 de Montsacopa a Olot<\/p>\n","protected":false},"author":5,"featured_media":4859,"comment_status":"open","ping_status":"closed","sticky":false,"template":"","format":"standard","meta":{"_bbp_topic_count":0,"_bbp_reply_count":0,"_bbp_total_topic_count":0,"_bbp_total_reply_count":0,"_bbp_voice_count":0,"_bbp_anonymous_reply_count":0,"_bbp_topic_count_hidden":0,"_bbp_reply_count_hidden":0,"_bbp_forum_subforum_count":0,"site-sidebar-layout":"default","site-content-layout":"","ast-site-content-layout":"","site-content-style":"default","site-sidebar-style":"default","ast-global-header-display":"","ast-banner-title-visibility":"","ast-main-header-display":"","ast-hfb-above-header-display":"","ast-hfb-below-header-display":"","ast-hfb-mobile-header-display":"","site-post-title":"","ast-breadcrumbs-content":"","ast-featured-img":"","footer-sml-layout":"","theme-transparent-header-meta":"","adv-header-id-meta":"","stick-header-meta":"","header-above-stick-meta":"","header-main-stick-meta":"","header-below-stick-meta":"","astra-migrate-meta-layouts":"default","ast-page-background-enabled":"default","ast-page-background-meta":{"desktop":{"background-color":"var(--ast-global-color-4)","background-image":"","background-repeat":"repeat","background-position":"center center","background-size":"auto","background-attachment":"scroll","background-type":"","background-media":"","overlay-type":"","overlay-color":"","overlay-opacity":"","overlay-gradient":""},"tablet":{"background-color":"","background-image":"","background-repeat":"repeat","background-position":"center center","background-size":"auto","background-attachment":"scroll","background-type":"","background-media":"","overlay-type":"","overlay-color":"","overlay-opacity":"","overlay-gradient":""},"mobile":{"background-color":"","background-image":"","background-repeat":"repeat","background-position":"center center","background-size":"auto","background-attachment":"scroll","background-type":"","background-media":"","overlay-type":"","overlay-color":"","overlay-opacity":"","overlay-gradient":""}},"ast-content-background-meta":{"desktop":{"background-color":"var(--ast-global-color-5)","background-image":"","background-repeat":"repeat","background-position":"center center","background-size":"auto","background-attachment":"scroll","background-type":"","background-media":"","overlay-type":"","overlay-color":"","overlay-opacity":"","overlay-gradient":""},"tablet":{"background-color":"var(--ast-global-color-5)","background-image":"","background-repeat":"repeat","background-position":"center center","background-size":"auto","background-attachment":"scroll","background-type":"","background-media":"","overlay-type":"","overlay-color":"","overlay-opacity":"","overlay-gradient":""},"mobile":{"background-color":"var(--ast-global-color-5)","background-image":"","background-repeat":"repeat","background-position":"center center","background-size":"auto","background-attachment":"scroll","background-type":"","background-media":"","overlay-type":"","overlay-color":"","overlay-opacity":"","overlay-gradient":""}},"footnotes":""},"categories":[12],"tags":[120,28,80,30,29,16],"class_list":["post-4857","post","type-post","status-publish","format-standard","has-post-thumbnail","hentry","category-16-24","tag-activitats","tag-alumnes","tag-cicle-mitja","tag-primaria","tag-projectes","tag-sortides"],"post_mailing_queue_ids":[],"_links":{"self":[{"href":"https:\/\/agora.xtec.cat\/esc-pericot\/wp-json\/wp\/v2\/posts\/4857","targetHints":{"allow":["GET"]}}],"collection":[{"href":"https:\/\/agora.xtec.cat\/esc-pericot\/wp-json\/wp\/v2\/posts"}],"about":[{"href":"https:\/\/agora.xtec.cat\/esc-pericot\/wp-json\/wp\/v2\/types\/post"}],"author":[{"embeddable":true,"href":"https:\/\/agora.xtec.cat\/esc-pericot\/wp-json\/wp\/v2\/users\/5"}],"replies":[{"embeddable":true,"href":"https:\/\/agora.xtec.cat\/esc-pericot\/wp-json\/wp\/v2\/comments?post=4857"}],"version-history":[{"count":3,"href":"https:\/\/agora.xtec.cat\/esc-pericot\/wp-json\/wp\/v2\/posts\/4857\/revisions"}],"predecessor-version":[{"id":4882,"href":"https:\/\/agora.xtec.cat\/esc-pericot\/wp-json\/wp\/v2\/posts\/4857\/revisions\/4882"}],"wp:featuredmedia":[{"embeddable":true,"href":"https:\/\/agora.xtec.cat\/esc-pericot\/wp-json\/wp\/v2\/media\/4859"}],"wp:attachment":[{"href":"https:\/\/agora.xtec.cat\/esc-pericot\/wp-json\/wp\/v2\/media?parent=4857"}],"wp:term":[{"taxonomy":"category","embeddable":true,"href":"https:\/\/agora.xtec.cat\/esc-pericot\/wp-json\/wp\/v2\/categories?post=4857"},{"taxonomy":"post_tag","embeddable":true,"href":"https:\/\/agora.xtec.cat\/esc-pericot\/wp-json\/wp\/v2\/tags?post=4857"}],"curies":[{"name":"wp","href":"https:\/\/api.w.org\/{rel}","templated":true}]}}