{"id":4726,"date":"2021-11-04T19:01:36","date_gmt":"2021-11-04T18:01:36","guid":{"rendered":"https:\/\/agora.xtec.cat\/esc-pericot\/?p=4726"},"modified":"2021-11-04T19:01:36","modified_gmt":"2021-11-04T18:01:36","slug":"el-dol-i-la-mort-xerrada-amb-angels-millet","status":"publish","type":"post","link":"https:\/\/agora.xtec.cat\/esc-pericot\/portada\/el-dol-i-la-mort-xerrada-amb-angels-millet\/","title":{"rendered":"El dol i la mort. Xerrada amb \u00c0ngels Millet"},"content":{"rendered":"<p><a href=\"https:\/\/agora.xtec.cat\/esc-pericot\/wp-content\/uploads\/usu807\/2021\/11\/dol2.jpg.jpg\"><img loading=\"lazy\" decoding=\"async\" class=\"wp-image-4730 alignleft\" src=\"https:\/\/agora.xtec.cat\/esc-pericot\/wp-content\/uploads\/usu807\/2021\/11\/dol2.jpg.jpg\" alt=\"\" width=\"221\" height=\"294\" srcset=\"https:\/\/agora.xtec.cat\/esc-pericot\/wp-content\/uploads\/usu807\/2021\/11\/dol2.jpg.jpg 756w, https:\/\/agora.xtec.cat\/esc-pericot\/wp-content\/uploads\/usu807\/2021\/11\/dol2.jpg-225x300.jpg 225w\" sizes=\"auto, (max-width: 221px) 100vw, 221px\" \/><\/a>Des del Claustre de l&#8217;escola Pericot ens continuem formant. El passat 3 de novembre l&#8217;\u00c0ngels Miret, psicopedagoga, mestra jubilada i formadora en processos de dol i p\u00e8rdua ens va venir a fer una xerr<img loading=\"lazy\" decoding=\"async\" class=\"wp-image-4727 alignright\" src=\"https:\/\/agora.xtec.cat\/esc-pericot\/wp-content\/uploads\/usu807\/2021\/11\/dol1.jpg.jpg\" alt=\"\" width=\"290\" height=\"218\" srcset=\"https:\/\/agora.xtec.cat\/esc-pericot\/wp-content\/uploads\/usu807\/2021\/11\/dol1.jpg.jpg 1008w, https:\/\/agora.xtec.cat\/esc-pericot\/wp-content\/uploads\/usu807\/2021\/11\/dol1.jpg-300x225.jpg 300w, https:\/\/agora.xtec.cat\/esc-pericot\/wp-content\/uploads\/usu807\/2021\/11\/dol1.jpg-768x576.jpg 768w, https:\/\/agora.xtec.cat\/esc-pericot\/wp-content\/uploads\/usu807\/2021\/11\/dol1.jpg-200x150.jpg 200w\" sizes=\"auto, (max-width: 290px) 100vw, 290px\" \/>ada sobre com acompanyar infants i fam\u00edlies en les p\u00e8rdues i el dol.<\/p>\n<p>&nbsp;<\/p>\n<p>&nbsp;<\/p>\n<p>&nbsp;<\/p>\n<p>&nbsp;<\/p>\n<p>&nbsp;<\/p>\n<p>&nbsp;<\/p>\n","protected":false},"excerpt":{"rendered":"<p>Des del Claustre de l&#8217;escola Pericot ens continuem formant. El passat 3 de novembre l&#8217;\u00c0ngels Miret, psicopedagoga, mestra jubilada i formadora en processos de dol i p\u00e8rdua ens va venir a fer una xerrada sobre com acompanyar infants i fam\u00edlies en les p\u00e8rdues i el dol. &nbsp; &nbsp; &nbsp; &nbsp; &nbsp; &nbsp;<\/p>\n","protected":false},"author":1,"featured_media":4729,"comment_status":"open","ping_status":"closed","sticky":false,"template":"","format":"standard","meta":{"_bbp_topic_count":0,"_bbp_reply_count":0,"_bbp_total_topic_count":0,"_bbp_total_reply_count":0,"_bbp_voice_count":0,"_bbp_anonymous_reply_count":0,"_bbp_topic_count_hidden":0,"_bbp_reply_count_hidden":0,"_bbp_forum_subforum_count":0,"site-sidebar-layout":"default","site-content-layout":"","ast-site-content-layout":"","site-content-style":"default","site-sidebar-style":"default","ast-global-header-display":"","ast-banner-title-visibility":"","ast-main-header-display":"","ast-hfb-above-header-display":"","ast-hfb-below-header-display":"","ast-hfb-mobile-header-display":"","site-post-title":"","ast-breadcrumbs-content":"","ast-featured-img":"","footer-sml-layout":"","theme-transparent-header-meta":"","adv-header-id-meta":"","stick-header-meta":"","header-above-stick-meta":"","header-main-stick-meta":"","header-below-stick-meta":"","astra-migrate-meta-layouts":"default","ast-page-background-enabled":"default","ast-page-background-meta":{"desktop":{"background-color":"var(--ast-global-color-4)","background-image":"","background-repeat":"repeat","background-position":"center center","background-size":"auto","background-attachment":"scroll","background-type":"","background-media":"","overlay-type":"","overlay-color":"","overlay-opacity":"","overlay-gradient":""},"tablet":{"background-color":"","background-image":"","background-repeat":"repeat","background-position":"center center","background-size":"auto","background-attachment":"scroll","background-type":"","background-media":"","overlay-type":"","overlay-color":"","overlay-opacity":"","overlay-gradient":""},"mobile":{"background-color":"","background-image":"","background-repeat":"repeat","background-position":"center center","background-size":"auto","background-attachment":"scroll","background-type":"","background-media":"","overlay-type":"","overlay-color":"","overlay-opacity":"","overlay-gradient":""}},"ast-content-background-meta":{"desktop":{"background-color":"var(--ast-global-color-5)","background-image":"","background-repeat":"repeat","background-position":"center center","background-size":"auto","background-attachment":"scroll","background-type":"","background-media":"","overlay-type":"","overlay-color":"","overlay-opacity":"","overlay-gradient":""},"tablet":{"background-color":"var(--ast-global-color-5)","background-image":"","background-repeat":"repeat","background-position":"center center","background-size":"auto","background-attachment":"scroll","background-type":"","background-media":"","overlay-type":"","overlay-color":"","overlay-opacity":"","overlay-gradient":""},"mobile":{"background-color":"var(--ast-global-color-5)","background-image":"","background-repeat":"repeat","background-position":"center center","background-size":"auto","background-attachment":"scroll","background-type":"","background-media":"","overlay-type":"","overlay-color":"","overlay-opacity":"","overlay-gradient":""}},"footnotes":""},"categories":[4],"tags":[204,117,123],"class_list":["post-4726","post","type-post","status-publish","format-standard","has-post-thumbnail","hentry","category-portada","tag-dol","tag-formacio","tag-mestres"],"post_mailing_queue_ids":[],"_links":{"self":[{"href":"https:\/\/agora.xtec.cat\/esc-pericot\/wp-json\/wp\/v2\/posts\/4726","targetHints":{"allow":["GET"]}}],"collection":[{"href":"https:\/\/agora.xtec.cat\/esc-pericot\/wp-json\/wp\/v2\/posts"}],"about":[{"href":"https:\/\/agora.xtec.cat\/esc-pericot\/wp-json\/wp\/v2\/types\/post"}],"author":[{"embeddable":true,"href":"https:\/\/agora.xtec.cat\/esc-pericot\/wp-json\/wp\/v2\/users\/1"}],"replies":[{"embeddable":true,"href":"https:\/\/agora.xtec.cat\/esc-pericot\/wp-json\/wp\/v2\/comments?post=4726"}],"version-history":[{"count":3,"href":"https:\/\/agora.xtec.cat\/esc-pericot\/wp-json\/wp\/v2\/posts\/4726\/revisions"}],"predecessor-version":[{"id":4733,"href":"https:\/\/agora.xtec.cat\/esc-pericot\/wp-json\/wp\/v2\/posts\/4726\/revisions\/4733"}],"wp:featuredmedia":[{"embeddable":true,"href":"https:\/\/agora.xtec.cat\/esc-pericot\/wp-json\/wp\/v2\/media\/4729"}],"wp:attachment":[{"href":"https:\/\/agora.xtec.cat\/esc-pericot\/wp-json\/wp\/v2\/media?parent=4726"}],"wp:term":[{"taxonomy":"category","embeddable":true,"href":"https:\/\/agora.xtec.cat\/esc-pericot\/wp-json\/wp\/v2\/categories?post=4726"},{"taxonomy":"post_tag","embeddable":true,"href":"https:\/\/agora.xtec.cat\/esc-pericot\/wp-json\/wp\/v2\/tags?post=4726"}],"curies":[{"name":"wp","href":"https:\/\/api.w.org\/{rel}","templated":true}]}}