{"id":3576,"date":"2021-04-19T15:21:13","date_gmt":"2021-04-19T13:21:13","guid":{"rendered":"http:\/\/agora.xtec.cat\/esc-pericot\/?p=3576"},"modified":"2021-08-31T18:57:07","modified_gmt":"2021-08-31T16:57:07","slug":"sortida-de-cicle-mitja-a-el-vila-de-banyoles","status":"publish","type":"post","link":"https:\/\/agora.xtec.cat\/esc-pericot\/portada\/sortida-de-cicle-mitja-a-el-vila-de-banyoles\/","title":{"rendered":"Sortida de cicle mitj\u00e0 a &#8220;El Vil\u00e0&#8221; de Banyoles"},"content":{"rendered":"<div><a href=\"https:\/\/photos.app.goo.gl\/1XoTz7JuzbzHXg4s6\" target=\"_blank\" rel=\"noopener noreferrer\"><img loading=\"lazy\" decoding=\"async\" class=\"alignleft wp-image-3583 size-full\" src=\"https:\/\/agora.xtec.cat\/esc-pericot\/wp-content\/uploads\/usu807\/2021\/04\/El-vila-CM.jpg\" alt=\"\" width=\"400\" height=\"225\" srcset=\"https:\/\/agora.xtec.cat\/esc-pericot\/wp-content\/uploads\/usu807\/2021\/04\/El-vila-CM.jpg 400w, https:\/\/agora.xtec.cat\/esc-pericot\/wp-content\/uploads\/usu807\/2021\/04\/El-vila-CM-300x169.jpg 300w\" sizes=\"auto, (max-width: 400px) 100vw, 400px\" \/><\/a><\/div>\n<div style=\"text-align: justify;\"><\/div>\n<p style=\"text-align: justify;\">El passat dimarts 13 d&#8217;abril els alumnes de cicle mitj\u00e0 v\u00e0rem xalar de valent d&#8217;un dia a la casa de col\u00f2nies &#8220;El Vil\u00e0&#8221; de Banyoles.<\/p>\n<p style=\"text-align: justify;\">Quan vam arribar, respectant sempre els 5 grups bombolla, ens vam distribuir amb els diferents monitors. Vam esmorzar i seguidament v\u00e0rem poder comen\u00e7ar la roda de jocs. Va ser molt divertit, ja que hi havia una mica de tot: jocs tradicionals, de cooperaci\u00f3, treball en equip, amb pilotes, cordes, tir amb arc &#8230;<\/p>\n<p style=\"text-align: justify;\">A les 14 h, i amb molta gana, vam poder gaudir d&#8217;un bon \u00e0pat amb macarrons, pollastre rostit amb patates i gelat de postres.<\/p>\n<p style=\"text-align: justify;\">Tot i les pluges del cap de setmana anterior, va ser un dia molt assolellat que ens va permetre passar-ho molt b\u00e9 en l&#8217;entorn i les instal\u00b7lacions de la casa.<\/p>\n<p style=\"text-align: justify;\">Us deixem amb algunes de les millors <a href=\"https:\/\/photos.app.goo.gl\/1XoTz7JuzbzHXg4s6\" target=\"_blank\" rel=\"noopener noreferrer\">imatges<\/a> de la sortida!<\/p>\n<div><\/div>\n","protected":false},"excerpt":{"rendered":"<p>El passat dimarts 13 d&#8217;abril els alumnes de cicle mitj\u00e0 v\u00e0rem xalar de valent d&#8217;un dia a la casa de col\u00f2nies &#8220;El Vil\u00e0&#8221; de Banyoles. Quan vam arribar, respectant sempre els 5 grups bombolla, ens vam distribuir amb els diferents monitors. Vam esmorzar i seguidament v\u00e0rem poder comen\u00e7ar la roda de jocs. Va ser molt [&hellip;]<\/p>\n","protected":false},"author":1,"featured_media":3583,"comment_status":"open","ping_status":"closed","sticky":false,"template":"","format":"standard","meta":{"_bbp_topic_count":0,"_bbp_reply_count":0,"_bbp_total_topic_count":0,"_bbp_total_reply_count":0,"_bbp_voice_count":0,"_bbp_anonymous_reply_count":0,"_bbp_topic_count_hidden":0,"_bbp_reply_count_hidden":0,"_bbp_forum_subforum_count":0,"site-sidebar-layout":"default","site-content-layout":"","ast-site-content-layout":"","site-content-style":"default","site-sidebar-style":"default","ast-global-header-display":"","ast-banner-title-visibility":"","ast-main-header-display":"","ast-hfb-above-header-display":"","ast-hfb-below-header-display":"","ast-hfb-mobile-header-display":"","site-post-title":"","ast-breadcrumbs-content":"","ast-featured-img":"","footer-sml-layout":"","theme-transparent-header-meta":"","adv-header-id-meta":"","stick-header-meta":"","header-above-stick-meta":"","header-main-stick-meta":"","header-below-stick-meta":"","astra-migrate-meta-layouts":"default","ast-page-background-enabled":"default","ast-page-background-meta":{"desktop":{"background-color":"var(--ast-global-color-4)","background-image":"","background-repeat":"repeat","background-position":"center center","background-size":"auto","background-attachment":"scroll","background-type":"","background-media":"","overlay-type":"","overlay-color":"","overlay-opacity":"","overlay-gradient":""},"tablet":{"background-color":"","background-image":"","background-repeat":"repeat","background-position":"center center","background-size":"auto","background-attachment":"scroll","background-type":"","background-media":"","overlay-type":"","overlay-color":"","overlay-opacity":"","overlay-gradient":""},"mobile":{"background-color":"","background-image":"","background-repeat":"repeat","background-position":"center center","background-size":"auto","background-attachment":"scroll","background-type":"","background-media":"","overlay-type":"","overlay-color":"","overlay-opacity":"","overlay-gradient":""}},"ast-content-background-meta":{"desktop":{"background-color":"var(--ast-global-color-5)","background-image":"","background-repeat":"repeat","background-position":"center center","background-size":"auto","background-attachment":"scroll","background-type":"","background-media":"","overlay-type":"","overlay-color":"","overlay-opacity":"","overlay-gradient":""},"tablet":{"background-color":"var(--ast-global-color-5)","background-image":"","background-repeat":"repeat","background-position":"center center","background-size":"auto","background-attachment":"scroll","background-type":"","background-media":"","overlay-type":"","overlay-color":"","overlay-opacity":"","overlay-gradient":""},"mobile":{"background-color":"var(--ast-global-color-5)","background-image":"","background-repeat":"repeat","background-position":"center center","background-size":"auto","background-attachment":"scroll","background-type":"","background-media":"","overlay-type":"","overlay-color":"","overlay-opacity":"","overlay-gradient":""}},"footnotes":""},"categories":[4,13,12],"tags":[120,80,16],"class_list":["post-3576","post","type-post","status-publish","format-standard","has-post-thumbnail","hentry","category-portada","category-15-23","category-16-24","tag-activitats","tag-cicle-mitja","tag-sortides"],"post_mailing_queue_ids":[],"_links":{"self":[{"href":"https:\/\/agora.xtec.cat\/esc-pericot\/wp-json\/wp\/v2\/posts\/3576","targetHints":{"allow":["GET"]}}],"collection":[{"href":"https:\/\/agora.xtec.cat\/esc-pericot\/wp-json\/wp\/v2\/posts"}],"about":[{"href":"https:\/\/agora.xtec.cat\/esc-pericot\/wp-json\/wp\/v2\/types\/post"}],"author":[{"embeddable":true,"href":"https:\/\/agora.xtec.cat\/esc-pericot\/wp-json\/wp\/v2\/users\/1"}],"replies":[{"embeddable":true,"href":"https:\/\/agora.xtec.cat\/esc-pericot\/wp-json\/wp\/v2\/comments?post=3576"}],"version-history":[{"count":3,"href":"https:\/\/agora.xtec.cat\/esc-pericot\/wp-json\/wp\/v2\/posts\/3576\/revisions"}],"predecessor-version":[{"id":3589,"href":"https:\/\/agora.xtec.cat\/esc-pericot\/wp-json\/wp\/v2\/posts\/3576\/revisions\/3589"}],"wp:featuredmedia":[{"embeddable":true,"href":"https:\/\/agora.xtec.cat\/esc-pericot\/wp-json\/wp\/v2\/media\/3583"}],"wp:attachment":[{"href":"https:\/\/agora.xtec.cat\/esc-pericot\/wp-json\/wp\/v2\/media?parent=3576"}],"wp:term":[{"taxonomy":"category","embeddable":true,"href":"https:\/\/agora.xtec.cat\/esc-pericot\/wp-json\/wp\/v2\/categories?post=3576"},{"taxonomy":"post_tag","embeddable":true,"href":"https:\/\/agora.xtec.cat\/esc-pericot\/wp-json\/wp\/v2\/tags?post=3576"}],"curies":[{"name":"wp","href":"https:\/\/api.w.org\/{rel}","templated":true}]}}