{"id":3535,"date":"2021-03-15T15:22:36","date_gmt":"2021-03-15T14:22:36","guid":{"rendered":"http:\/\/agora.xtec.cat\/esc-pericot\/?p=3535"},"modified":"2021-07-06T09:02:35","modified_gmt":"2021-07-06T07:02:35","slug":"a-infantil-hem-anat-al-caixaforum","status":"publish","type":"post","link":"https:\/\/agora.xtec.cat\/esc-pericot\/primaria\/21-29\/a-infantil-hem-anat-al-caixaforum\/","title":{"rendered":"A infantil hem anat al Caixaforum"},"content":{"rendered":"<p><img loading=\"lazy\" decoding=\"async\" class=\" wp-image-3534 alignleft\" src=\"https:\/\/agora.xtec.cat\/esc-pericot\/wp-content\/uploads\/usu807\/2021\/03\/collage-inf.jpg\" alt=\"\" width=\"315\" height=\"315\" srcset=\"https:\/\/agora.xtec.cat\/esc-pericot\/wp-content\/uploads\/usu807\/2021\/03\/collage-inf.jpg 1024w, https:\/\/agora.xtec.cat\/esc-pericot\/wp-content\/uploads\/usu807\/2021\/03\/collage-inf-150x150.jpg 150w, https:\/\/agora.xtec.cat\/esc-pericot\/wp-content\/uploads\/usu807\/2021\/03\/collage-inf-300x300.jpg 300w, https:\/\/agora.xtec.cat\/esc-pericot\/wp-content\/uploads\/usu807\/2021\/03\/collage-inf-768x768.jpg 768w\" sizes=\"auto, (max-width: 315px) 100vw, 315px\" \/><\/p>\n<p>Els grups d\u2019infantil de l\u2019escola hem fet una visita al CaixaForum, cada dia un grup diferent, a visitar l\u2019exposici\u00f3: \u201cPo\u00e8tiques de l\u2019emoci\u00f3\u201d. Hem pogut observar obres d&#8217;art contemporani, aix\u00ed com d\u2019altres temps, on les emocions es presenten en formats suggerents i visuals . Tamb\u00e9 hem fet un taller amb figures geom\u00e8triques de fusta de colors, que ens han perm\u00e8s crear i gaudir jugant amb la geometria a partir de l&#8217;obra de Rosa Brun. Aix\u00f2 ens ha perm\u00e8s parlar, compartir i descobrir les formes actuals d\u2019art que ens arriben a la ciutat, obertes a les escoles i a la ciutadania, gratu\u00eftament.<\/p>\n","protected":false},"excerpt":{"rendered":"<p>Els grups d\u2019infantil de l\u2019escola hem fet una visita al CaixaForum, cada dia un grup diferent, a visitar l\u2019exposici\u00f3: \u201cPo\u00e8tiques de l\u2019emoci\u00f3\u201d. Hem pogut observar obres d&#8217;art contemporani, aix\u00ed com d\u2019altres temps, on les emocions es presenten en formats suggerents i visuals . Tamb\u00e9 hem fet un taller amb figures geom\u00e8triques de fusta de colors, [&hellip;]<\/p>\n","protected":false},"author":1,"featured_media":3534,"comment_status":"open","ping_status":"closed","sticky":false,"template":"","format":"standard","meta":{"_bbp_topic_count":0,"_bbp_reply_count":0,"_bbp_total_topic_count":0,"_bbp_total_reply_count":0,"_bbp_voice_count":0,"_bbp_anonymous_reply_count":0,"_bbp_topic_count_hidden":0,"_bbp_reply_count_hidden":0,"_bbp_forum_subforum_count":0,"site-sidebar-layout":"default","site-content-layout":"","ast-site-content-layout":"","site-content-style":"default","site-sidebar-style":"default","ast-global-header-display":"","ast-banner-title-visibility":"","ast-main-header-display":"","ast-hfb-above-header-display":"","ast-hfb-below-header-display":"","ast-hfb-mobile-header-display":"","site-post-title":"","ast-breadcrumbs-content":"","ast-featured-img":"","footer-sml-layout":"","theme-transparent-header-meta":"","adv-header-id-meta":"","stick-header-meta":"","header-above-stick-meta":"","header-main-stick-meta":"","header-below-stick-meta":"","astra-migrate-meta-layouts":"default","ast-page-background-enabled":"default","ast-page-background-meta":{"desktop":{"background-color":"var(--ast-global-color-4)","background-image":"","background-repeat":"repeat","background-position":"center center","background-size":"auto","background-attachment":"scroll","background-type":"","background-media":"","overlay-type":"","overlay-color":"","overlay-opacity":"","overlay-gradient":""},"tablet":{"background-color":"","background-image":"","background-repeat":"repeat","background-position":"center center","background-size":"auto","background-attachment":"scroll","background-type":"","background-media":"","overlay-type":"","overlay-color":"","overlay-opacity":"","overlay-gradient":""},"mobile":{"background-color":"","background-image":"","background-repeat":"repeat","background-position":"center center","background-size":"auto","background-attachment":"scroll","background-type":"","background-media":"","overlay-type":"","overlay-color":"","overlay-opacity":"","overlay-gradient":""}},"ast-content-background-meta":{"desktop":{"background-color":"var(--ast-global-color-5)","background-image":"","background-repeat":"repeat","background-position":"center center","background-size":"auto","background-attachment":"scroll","background-type":"","background-media":"","overlay-type":"","overlay-color":"","overlay-opacity":"","overlay-gradient":""},"tablet":{"background-color":"var(--ast-global-color-5)","background-image":"","background-repeat":"repeat","background-position":"center center","background-size":"auto","background-attachment":"scroll","background-type":"","background-media":"","overlay-type":"","overlay-color":"","overlay-opacity":"","overlay-gradient":""},"mobile":{"background-color":"var(--ast-global-color-5)","background-image":"","background-repeat":"repeat","background-position":"center center","background-size":"auto","background-attachment":"scroll","background-type":"","background-media":"","overlay-type":"","overlay-color":"","overlay-opacity":"","overlay-gradient":""}},"footnotes":""},"categories":[3,8,9,4],"tags":[120,66],"class_list":["post-3535","post","type-post","status-publish","format-standard","has-post-thumbnail","hentry","category-21-29","category-20-28","category-19-27","category-portada","tag-activitats","tag-educacio-infantil"],"post_mailing_queue_ids":[],"_links":{"self":[{"href":"https:\/\/agora.xtec.cat\/esc-pericot\/wp-json\/wp\/v2\/posts\/3535","targetHints":{"allow":["GET"]}}],"collection":[{"href":"https:\/\/agora.xtec.cat\/esc-pericot\/wp-json\/wp\/v2\/posts"}],"about":[{"href":"https:\/\/agora.xtec.cat\/esc-pericot\/wp-json\/wp\/v2\/types\/post"}],"author":[{"embeddable":true,"href":"https:\/\/agora.xtec.cat\/esc-pericot\/wp-json\/wp\/v2\/users\/1"}],"replies":[{"embeddable":true,"href":"https:\/\/agora.xtec.cat\/esc-pericot\/wp-json\/wp\/v2\/comments?post=3535"}],"version-history":[{"count":2,"href":"https:\/\/agora.xtec.cat\/esc-pericot\/wp-json\/wp\/v2\/posts\/3535\/revisions"}],"predecessor-version":[{"id":3537,"href":"https:\/\/agora.xtec.cat\/esc-pericot\/wp-json\/wp\/v2\/posts\/3535\/revisions\/3537"}],"wp:featuredmedia":[{"embeddable":true,"href":"https:\/\/agora.xtec.cat\/esc-pericot\/wp-json\/wp\/v2\/media\/3534"}],"wp:attachment":[{"href":"https:\/\/agora.xtec.cat\/esc-pericot\/wp-json\/wp\/v2\/media?parent=3535"}],"wp:term":[{"taxonomy":"category","embeddable":true,"href":"https:\/\/agora.xtec.cat\/esc-pericot\/wp-json\/wp\/v2\/categories?post=3535"},{"taxonomy":"post_tag","embeddable":true,"href":"https:\/\/agora.xtec.cat\/esc-pericot\/wp-json\/wp\/v2\/tags?post=3535"}],"curies":[{"name":"wp","href":"https:\/\/api.w.org\/{rel}","templated":true}]}}