{"id":3435,"date":"2021-02-09T12:28:22","date_gmt":"2021-02-09T11:28:22","guid":{"rendered":"http:\/\/agora.xtec.cat\/esc-pericot\/?p=3435"},"modified":"2021-03-15T14:57:03","modified_gmt":"2021-03-15T13:57:03","slug":"jornada-de-portes-obertes-virtual-marc-2021","status":"publish","type":"post","link":"https:\/\/agora.xtec.cat\/esc-pericot\/portada\/jornada-de-portes-obertes-virtual-marc-2021\/","title":{"rendered":"Jornada de portes obertes virtual. Mar\u00e7 2021"},"content":{"rendered":"<p><img loading=\"lazy\" decoding=\"async\" class=\"wp-image-3437 alignleft\" src=\"https:\/\/agora.xtec.cat\/esc-pericot\/wp-content\/uploads\/usu807\/2021\/02\/portes-obertes-724x1024.jpg\" alt=\"\" width=\"399\" height=\"564\" srcset=\"https:\/\/agora.xtec.cat\/esc-pericot\/wp-content\/uploads\/usu807\/2021\/02\/portes-obertes-724x1024.jpg 724w, https:\/\/agora.xtec.cat\/esc-pericot\/wp-content\/uploads\/usu807\/2021\/02\/portes-obertes-212x300.jpg 212w, https:\/\/agora.xtec.cat\/esc-pericot\/wp-content\/uploads\/usu807\/2021\/02\/portes-obertes-768x1086.jpg 768w, https:\/\/agora.xtec.cat\/esc-pericot\/wp-content\/uploads\/usu807\/2021\/02\/portes-obertes.jpg 1587w\" sizes=\"auto, (max-width: 399px) 100vw, 399px\" \/><\/p>\n<p dir=\"ltr\">El dia 11 de mar\u00e7 farem la\u00a0 Jornada de Portes Obertes de l\u2019Escola Pericot i estem molt contents de convidar-vos-hi.<\/p>\n<p dir=\"ltr\">Degut a la situaci\u00f3 actual, aquestes es duran a terme de forma VIRTUAL mitjan\u00e7ant la connexi\u00f3 a trav\u00e9s de l&#8217;aplicaci\u00f3 Meet, per aix\u00f2 ser\u00e0 necessari que disposeu d\u2019un compte Gmail.<\/p>\n<p dir=\"ltr\"><strong>L\u2019horari ser\u00e0 a les 10:00 \u00a0o a les 19:00<\/strong> i us hi podeu in<strong>scriure a trav\u00e9s d\u2019aquest enlla\u00e7<\/strong>:<\/p>\n<h6 dir=\"ltr\"><strong>\u00a0 \u00a0 \u00a0<a class=\"button normal\" style=\"padding: 1em; font-weight: 400; margin: 0.1em; color: white !important; background-color: #5e3a73bf;\" href=\"https:\/\/forms.gle\/CSDEbS4Vd1EzBRVS9\" target=\"_blank\" rel=\"noopener noreferrer\">ENLLA\u00c7 INSCRIPCI\u00d3<\/a><\/strong><\/h6>\n<p>&nbsp;<\/p>\n<p dir=\"ltr\">En aquestes jornades us presentarem un v\u00eddeo fent una visita virtual pel centre, us concretarem aspectes del projecte educatiu i finalment donarem veu a tots els vostres dubtes.<\/p>\n<h6 dir=\"ltr\">Us hi esperem!<\/h6>\n<p>&nbsp;<\/p>\n","protected":false},"excerpt":{"rendered":"<p>El dia 11 de mar\u00e7 farem la\u00a0 Jornada de Portes Obertes de l\u2019Escola Pericot i estem molt contents de convidar-vos-hi.<\/p>\n","protected":false},"author":1,"featured_media":3437,"comment_status":"open","ping_status":"closed","sticky":false,"template":"","format":"standard","meta":{"_bbp_topic_count":0,"_bbp_reply_count":0,"_bbp_total_topic_count":0,"_bbp_total_reply_count":0,"_bbp_voice_count":0,"_bbp_anonymous_reply_count":0,"_bbp_topic_count_hidden":0,"_bbp_reply_count_hidden":0,"_bbp_forum_subforum_count":0,"site-sidebar-layout":"default","site-content-layout":"","ast-site-content-layout":"","site-content-style":"default","site-sidebar-style":"default","ast-global-header-display":"","ast-banner-title-visibility":"","ast-main-header-display":"","ast-hfb-above-header-display":"","ast-hfb-below-header-display":"","ast-hfb-mobile-header-display":"","site-post-title":"","ast-breadcrumbs-content":"","ast-featured-img":"","footer-sml-layout":"","theme-transparent-header-meta":"","adv-header-id-meta":"","stick-header-meta":"","header-above-stick-meta":"","header-main-stick-meta":"","header-below-stick-meta":"","astra-migrate-meta-layouts":"default","ast-page-background-enabled":"default","ast-page-background-meta":{"desktop":{"background-color":"var(--ast-global-color-4)","background-image":"","background-repeat":"repeat","background-position":"center center","background-size":"auto","background-attachment":"scroll","background-type":"","background-media":"","overlay-type":"","overlay-color":"","overlay-opacity":"","overlay-gradient":""},"tablet":{"background-color":"","background-image":"","background-repeat":"repeat","background-position":"center center","background-size":"auto","background-attachment":"scroll","background-type":"","background-media":"","overlay-type":"","overlay-color":"","overlay-opacity":"","overlay-gradient":""},"mobile":{"background-color":"","background-image":"","background-repeat":"repeat","background-position":"center center","background-size":"auto","background-attachment":"scroll","background-type":"","background-media":"","overlay-type":"","overlay-color":"","overlay-opacity":"","overlay-gradient":""}},"ast-content-background-meta":{"desktop":{"background-color":"var(--ast-global-color-5)","background-image":"","background-repeat":"repeat","background-position":"center center","background-size":"auto","background-attachment":"scroll","background-type":"","background-media":"","overlay-type":"","overlay-color":"","overlay-opacity":"","overlay-gradient":""},"tablet":{"background-color":"var(--ast-global-color-5)","background-image":"","background-repeat":"repeat","background-position":"center center","background-size":"auto","background-attachment":"scroll","background-type":"","background-media":"","overlay-type":"","overlay-color":"","overlay-opacity":"","overlay-gradient":""},"mobile":{"background-color":"var(--ast-global-color-5)","background-image":"","background-repeat":"repeat","background-position":"center center","background-size":"auto","background-attachment":"scroll","background-type":"","background-media":"","overlay-type":"","overlay-color":"","overlay-opacity":"","overlay-gradient":""}},"footnotes":""},"categories":[153,4],"tags":[102],"class_list":["post-3435","post","type-post","status-publish","format-standard","has-post-thumbnail","hentry","category-covid-19","category-portada","tag-portes-obertes"],"post_mailing_queue_ids":[],"_links":{"self":[{"href":"https:\/\/agora.xtec.cat\/esc-pericot\/wp-json\/wp\/v2\/posts\/3435","targetHints":{"allow":["GET"]}}],"collection":[{"href":"https:\/\/agora.xtec.cat\/esc-pericot\/wp-json\/wp\/v2\/posts"}],"about":[{"href":"https:\/\/agora.xtec.cat\/esc-pericot\/wp-json\/wp\/v2\/types\/post"}],"author":[{"embeddable":true,"href":"https:\/\/agora.xtec.cat\/esc-pericot\/wp-json\/wp\/v2\/users\/1"}],"replies":[{"embeddable":true,"href":"https:\/\/agora.xtec.cat\/esc-pericot\/wp-json\/wp\/v2\/comments?post=3435"}],"version-history":[{"count":3,"href":"https:\/\/agora.xtec.cat\/esc-pericot\/wp-json\/wp\/v2\/posts\/3435\/revisions"}],"predecessor-version":[{"id":3486,"href":"https:\/\/agora.xtec.cat\/esc-pericot\/wp-json\/wp\/v2\/posts\/3435\/revisions\/3486"}],"wp:featuredmedia":[{"embeddable":true,"href":"https:\/\/agora.xtec.cat\/esc-pericot\/wp-json\/wp\/v2\/media\/3437"}],"wp:attachment":[{"href":"https:\/\/agora.xtec.cat\/esc-pericot\/wp-json\/wp\/v2\/media?parent=3435"}],"wp:term":[{"taxonomy":"category","embeddable":true,"href":"https:\/\/agora.xtec.cat\/esc-pericot\/wp-json\/wp\/v2\/categories?post=3435"},{"taxonomy":"post_tag","embeddable":true,"href":"https:\/\/agora.xtec.cat\/esc-pericot\/wp-json\/wp\/v2\/tags?post=3435"}],"curies":[{"name":"wp","href":"https:\/\/api.w.org\/{rel}","templated":true}]}}