{"id":3405,"date":"2021-01-21T19:37:00","date_gmt":"2021-01-21T18:37:00","guid":{"rendered":"http:\/\/agora.xtec.cat\/esc-pericot\/?p=3405"},"modified":"2022-03-08T23:13:09","modified_gmt":"2022-03-08T22:13:09","slug":"democrazy-for-active-participation","status":"publish","type":"post","link":"https:\/\/agora.xtec.cat\/esc-pericot\/portada\/democrazy-for-active-participation\/","title":{"rendered":"Democrazy &#8211; for active participation"},"content":{"rendered":"<p><img loading=\"lazy\" decoding=\"async\" class=\" wp-image-3406 alignleft\" src=\"https:\/\/agora.xtec.cat\/esc-pericot\/wp-content\/uploads\/usu807\/2021\/01\/erasmus_2_febrer-21-e1611253955490.jpg\" alt=\"\" width=\"239\" height=\"244\" srcset=\"https:\/\/agora.xtec.cat\/esc-pericot\/wp-content\/uploads\/usu807\/2021\/01\/erasmus_2_febrer-21-e1611253955490.jpg 661w, https:\/\/agora.xtec.cat\/esc-pericot\/wp-content\/uploads\/usu807\/2021\/01\/erasmus_2_febrer-21-e1611253955490-295x300.jpg 295w\" sizes=\"auto, (max-width: 239px) 100vw, 239px\" \/>Aquest curs comencem un nou projecte Erasmus: DEMOCRAZY &#8211; FOR ACTIVE PARTICIPATION.<\/p>\n<p><img loading=\"lazy\" decoding=\"async\" class=\"wp-image-3407 alignright\" src=\"https:\/\/agora.xtec.cat\/esc-pericot\/wp-content\/uploads\/usu807\/2021\/01\/erasmus_1_febrer-21.jpg\" alt=\"\" width=\"356\" height=\"248\" srcset=\"https:\/\/agora.xtec.cat\/esc-pericot\/wp-content\/uploads\/usu807\/2021\/01\/erasmus_1_febrer-21.jpg 961w, https:\/\/agora.xtec.cat\/esc-pericot\/wp-content\/uploads\/usu807\/2021\/01\/erasmus_1_febrer-21-300x209.jpg 300w, https:\/\/agora.xtec.cat\/esc-pericot\/wp-content\/uploads\/usu807\/2021\/01\/erasmus_1_febrer-21-768x535.jpg 768w\" sizes=\"auto, (max-width: 356px) 100vw, 356px\" \/><\/p>\n<p>L&#8217;objectiu principal \u00e9s desenvolupar habilitats relacionades amb la vida democr\u00e0tica en els nostres alumnes, p<span style=\"font-family: inherit; font-size: 1em;\">romoure la participaci\u00f3 i aprendre a ser responsables.<\/span><\/p>\n<p>Malgrat la COVID-19 hem comen\u00e7at a treballar telem\u00e0ticament i amb moltes ganes amb els altres centres que en formen part des d&#8217;It\u00e0lia, Cro\u00e0cia, Gr\u00e8cia i B\u00e8lgica.<\/p>\n<p>De moment hem creat aquest logo per representar el projecte, i esperem amb molta il\u00b7lusi\u00f3 continuar desenvolupant totes les activitats programades.<\/p>\n<div><\/div>\n","protected":false},"excerpt":{"rendered":"<p>Aquest curs comencem un nou projecte Erasmus: DEMOCRAZY &#8211; FOR ACTIVE PARTICIPATION. L&#8217;objectiu principal \u00e9s desenvolupar habilitats relacionades amb la vida democr\u00e0tica en els nostres alumnes, promoure la participaci\u00f3 i aprendre a ser responsables. Malgrat la COVID-19 hem comen\u00e7at a treballar telem\u00e0ticament i amb moltes ganes amb els altres centres que en formen part des [&hellip;]<\/p>\n","protected":false},"author":1,"featured_media":3406,"comment_status":"open","ping_status":"closed","sticky":false,"template":"","format":"standard","meta":{"_bbp_topic_count":0,"_bbp_reply_count":0,"_bbp_total_topic_count":0,"_bbp_total_reply_count":0,"_bbp_voice_count":0,"_bbp_anonymous_reply_count":0,"_bbp_topic_count_hidden":0,"_bbp_reply_count_hidden":0,"_bbp_forum_subforum_count":0,"site-sidebar-layout":"default","site-content-layout":"","ast-site-content-layout":"","site-content-style":"default","site-sidebar-style":"default","ast-global-header-display":"","ast-banner-title-visibility":"","ast-main-header-display":"","ast-hfb-above-header-display":"","ast-hfb-below-header-display":"","ast-hfb-mobile-header-display":"","site-post-title":"","ast-breadcrumbs-content":"","ast-featured-img":"","footer-sml-layout":"","theme-transparent-header-meta":"","adv-header-id-meta":"","stick-header-meta":"","header-above-stick-meta":"","header-main-stick-meta":"","header-below-stick-meta":"","astra-migrate-meta-layouts":"default","ast-page-background-enabled":"default","ast-page-background-meta":{"desktop":{"background-color":"var(--ast-global-color-4)","background-image":"","background-repeat":"repeat","background-position":"center center","background-size":"auto","background-attachment":"scroll","background-type":"","background-media":"","overlay-type":"","overlay-color":"","overlay-opacity":"","overlay-gradient":""},"tablet":{"background-color":"","background-image":"","background-repeat":"repeat","background-position":"center center","background-size":"auto","background-attachment":"scroll","background-type":"","background-media":"","overlay-type":"","overlay-color":"","overlay-opacity":"","overlay-gradient":""},"mobile":{"background-color":"","background-image":"","background-repeat":"repeat","background-position":"center center","background-size":"auto","background-attachment":"scroll","background-type":"","background-media":"","overlay-type":"","overlay-color":"","overlay-opacity":"","overlay-gradient":""}},"ast-content-background-meta":{"desktop":{"background-color":"var(--ast-global-color-5)","background-image":"","background-repeat":"repeat","background-position":"center center","background-size":"auto","background-attachment":"scroll","background-type":"","background-media":"","overlay-type":"","overlay-color":"","overlay-opacity":"","overlay-gradient":""},"tablet":{"background-color":"var(--ast-global-color-5)","background-image":"","background-repeat":"repeat","background-position":"center center","background-size":"auto","background-attachment":"scroll","background-type":"","background-media":"","overlay-type":"","overlay-color":"","overlay-opacity":"","overlay-gradient":""},"mobile":{"background-color":"var(--ast-global-color-5)","background-image":"","background-repeat":"repeat","background-position":"center center","background-size":"auto","background-attachment":"scroll","background-type":"","background-media":"","overlay-type":"","overlay-color":"","overlay-opacity":"","overlay-gradient":""}},"footnotes":""},"categories":[159,72,4],"tags":[76],"class_list":["post-3405","post","type-post","status-publish","format-standard","has-post-thumbnail","hentry","category-democrazy-for-active-participation","category-erasmus","category-portada","tag-erasmus"],"post_mailing_queue_ids":[],"_links":{"self":[{"href":"https:\/\/agora.xtec.cat\/esc-pericot\/wp-json\/wp\/v2\/posts\/3405","targetHints":{"allow":["GET"]}}],"collection":[{"href":"https:\/\/agora.xtec.cat\/esc-pericot\/wp-json\/wp\/v2\/posts"}],"about":[{"href":"https:\/\/agora.xtec.cat\/esc-pericot\/wp-json\/wp\/v2\/types\/post"}],"author":[{"embeddable":true,"href":"https:\/\/agora.xtec.cat\/esc-pericot\/wp-json\/wp\/v2\/users\/1"}],"replies":[{"embeddable":true,"href":"https:\/\/agora.xtec.cat\/esc-pericot\/wp-json\/wp\/v2\/comments?post=3405"}],"version-history":[{"count":3,"href":"https:\/\/agora.xtec.cat\/esc-pericot\/wp-json\/wp\/v2\/posts\/3405\/revisions"}],"predecessor-version":[{"id":3410,"href":"https:\/\/agora.xtec.cat\/esc-pericot\/wp-json\/wp\/v2\/posts\/3405\/revisions\/3410"}],"wp:featuredmedia":[{"embeddable":true,"href":"https:\/\/agora.xtec.cat\/esc-pericot\/wp-json\/wp\/v2\/media\/3406"}],"wp:attachment":[{"href":"https:\/\/agora.xtec.cat\/esc-pericot\/wp-json\/wp\/v2\/media?parent=3405"}],"wp:term":[{"taxonomy":"category","embeddable":true,"href":"https:\/\/agora.xtec.cat\/esc-pericot\/wp-json\/wp\/v2\/categories?post=3405"},{"taxonomy":"post_tag","embeddable":true,"href":"https:\/\/agora.xtec.cat\/esc-pericot\/wp-json\/wp\/v2\/tags?post=3405"}],"curies":[{"name":"wp","href":"https:\/\/api.w.org\/{rel}","templated":true}]}}