{"id":3075,"date":"2020-09-03T19:00:22","date_gmt":"2020-09-03T17:00:22","guid":{"rendered":"http:\/\/agora.xtec.cat\/esc-pericot\/?p=3075"},"modified":"2020-10-19T22:06:08","modified_gmt":"2020-10-19T20:06:08","slug":"informacions-inici-de-curs-setembre20","status":"publish","type":"post","link":"https:\/\/agora.xtec.cat\/esc-pericot\/portada\/informacions-inici-de-curs-setembre20\/","title":{"rendered":"Informacions inici de curs. Setembre&#8217;20"},"content":{"rendered":"<p><img loading=\"lazy\" decoding=\"async\" class=\"wp-image-3076 alignright\" src=\"https:\/\/agora.xtec.cat\/esc-pericot\/wp-content\/uploads\/usu807\/2020\/09\/inicicurs-20-21-1024x1024.png\" alt=\"\" width=\"210\" height=\"210\" srcset=\"https:\/\/agora.xtec.cat\/esc-pericot\/wp-content\/uploads\/usu807\/2020\/09\/inicicurs-20-21-1024x1024.png 1024w, https:\/\/agora.xtec.cat\/esc-pericot\/wp-content\/uploads\/usu807\/2020\/09\/inicicurs-20-21-150x150.png 150w, https:\/\/agora.xtec.cat\/esc-pericot\/wp-content\/uploads\/usu807\/2020\/09\/inicicurs-20-21-300x300.png 300w, https:\/\/agora.xtec.cat\/esc-pericot\/wp-content\/uploads\/usu807\/2020\/09\/inicicurs-20-21-768x768.png 768w, https:\/\/agora.xtec.cat\/esc-pericot\/wp-content\/uploads\/usu807\/2020\/09\/inicicurs-20-21.png 1080w\" sizes=\"auto, (max-width: 210px) 100vw, 210px\" \/><\/p>\n<p>Benvolgudes fam\u00edlies,<\/p>\n<p>En primer lloc esperem que estigueu b\u00e9 de salut. Tot l&#8217;equip que formem el Pericot ja estem a punt\u00a0 per iniciar el nou curs 20\/21, un curs diferent i amb incerteses degut a la situaci\u00f3 de la pand\u00e8mia que estem vivint. Hem estat treballant per adaptar-nos als protocols que ens ha donat la Generalitat, per tal d&#8217;oferir una entrada segura, prenent totes les mesures de prevenci\u00f3 i protecci\u00f3\u00a0 per tal de garantir la seguretat a tot l&#8217;alumnat, personal de l&#8217;escola i comunitat educativa. Aquest estiu ja us vam compartir un resum del pla d&#8217;obertura i avui en el Consell Escolar, s&#8217;ha presentat i aprovat el Pla definitiu que publiquem ara al web de l&#8217;escola.<\/p>\n<p><strong>Les reunions d&#8217;inici de curs<\/strong> finalment seran <strong>telem\u00e0ticament<\/strong>, exceptuant les de P3,\u00a0 mantenint els dies i horari\u00a0 que es van compartir el juliol. S&#8217;enviar\u00e0 un enlla\u00e7 de connexi\u00f3 a totes les fam\u00edlies. En aquestes reunions es donar\u00e0 resposta a tots els dubtes que pugueu tenir.<\/p>\n<p><span style=\"font-family: inherit; font-size: 1em;\">Ser\u00e0 important que abans d&#8217;assistir a la reuni\u00f3 us hagiu llegit el Pla d&#8217;obertura que el dijous 3 de setembre ha estat penjat al web del centre i que trobareu als enlla\u00e7os del final d&#8217;aquest article.<\/span><\/p>\n<p>En els enlla\u00e7os tamb\u00e9 hi trobareu el llistat de material escolar per als alumnes de 3r, 4t, 5\u00e8 i 6\u00e8.<\/p>\n<div>\n<p>Estem segurs que\u00a0 entre tots i totes aconseguirem que el curs 20\/21 sigui un gran curs tot i els reptes i dificultats que dia a dia ens vagin sorgint.\u00a0 Entre totes i tots fem el PERICOT!<\/p>\n<\/div>\n<p>\u200b<\/p>\n<div class=\"row\" style=\"margin-bottom: 1em !important;\">\n<div class=\"small-12 large-4 text-center columns\"><a href=\"https:\/\/agora.xtec.cat\/esc-pericot\/wp-content\/uploads\/usu807\/2020\/09\/PLA-OBERTURA-3a-actualitzaci\u00f3.pdf\" target=\"_blank\" rel=\"noopener noreferrer\"><img loading=\"lazy\" decoding=\"async\" class=\"alignnone wp-image-3083 size-full\" src=\"https:\/\/agora.xtec.cat\/esc-pericot\/wp-content\/uploads\/usu807\/2020\/09\/pla-dobertura20-21.png\" alt=\"\" width=\"718\" height=\"506\" srcset=\"https:\/\/agora.xtec.cat\/esc-pericot\/wp-content\/uploads\/usu807\/2020\/09\/pla-dobertura20-21.png 718w, https:\/\/agora.xtec.cat\/esc-pericot\/wp-content\/uploads\/usu807\/2020\/09\/pla-dobertura20-21-300x211.png 300w\" sizes=\"auto, (max-width: 718px) 100vw, 718px\" \/><\/a><\/div>\n<div class=\"small-12 large-4 text-center columns\"><a href=\"https:\/\/agora.xtec.cat\/esc-pericot\/?p=3086&amp;preview=true\"><img loading=\"lazy\" decoding=\"async\" class=\"aligncenter wp-image-3077\" src=\"https:\/\/agora.xtec.cat\/esc-pericot\/wp-content\/uploads\/usu807\/2020\/09\/imatge-reuni\u00f3-curs20-21.png\" alt=\"\" width=\"238\" height=\"187\" srcset=\"https:\/\/agora.xtec.cat\/esc-pericot\/wp-content\/uploads\/usu807\/2020\/09\/imatge-reuni\u00f3-curs20-21.png 507w, https:\/\/agora.xtec.cat\/esc-pericot\/wp-content\/uploads\/usu807\/2020\/09\/imatge-reuni\u00f3-curs20-21-300x236.png 300w\" sizes=\"auto, (max-width: 238px) 100vw, 238px\" \/><\/a><\/div>\n<div class=\"small-12 large-4 text-center columns\"><a href=\"https:\/\/agora.xtec.cat\/esc-pericot\/lescola\/material-escolar\/\" target=\"_blank\" rel=\"noopener noreferrer\"><img loading=\"lazy\" decoding=\"async\" class=\"alignnone wp-image-1042\" src=\"https:\/\/agora.xtec.cat\/esc-pericot\/wp-content\/uploads\/usu807\/2018\/07\/material_escolar-e1531135111642.png\" alt=\"\" width=\"174\" height=\"218\" \/><\/a><\/div>\n<\/div>\n","protected":false},"excerpt":{"rendered":"<p>L&#8217;equip del Pericot us donem la benvinguda al curs 20-21 i us compartim la informaci\u00f3 necessaria per a que sigui un gran curs.<\/p>\n","protected":false},"author":1,"featured_media":3076,"comment_status":"open","ping_status":"closed","sticky":false,"template":"","format":"standard","meta":{"_bbp_topic_count":0,"_bbp_reply_count":0,"_bbp_total_topic_count":0,"_bbp_total_reply_count":0,"_bbp_voice_count":0,"_bbp_anonymous_reply_count":0,"_bbp_topic_count_hidden":0,"_bbp_reply_count_hidden":0,"_bbp_forum_subforum_count":0,"site-sidebar-layout":"default","site-content-layout":"","ast-site-content-layout":"","site-content-style":"default","site-sidebar-style":"default","ast-global-header-display":"","ast-banner-title-visibility":"","ast-main-header-display":"","ast-hfb-above-header-display":"","ast-hfb-below-header-display":"","ast-hfb-mobile-header-display":"","site-post-title":"","ast-breadcrumbs-content":"","ast-featured-img":"","footer-sml-layout":"","theme-transparent-header-meta":"","adv-header-id-meta":"","stick-header-meta":"","header-above-stick-meta":"","header-main-stick-meta":"","header-below-stick-meta":"","astra-migrate-meta-layouts":"default","ast-page-background-enabled":"default","ast-page-background-meta":{"desktop":{"background-color":"var(--ast-global-color-4)","background-image":"","background-repeat":"repeat","background-position":"center center","background-size":"auto","background-attachment":"scroll","background-type":"","background-media":"","overlay-type":"","overlay-color":"","overlay-opacity":"","overlay-gradient":""},"tablet":{"background-color":"","background-image":"","background-repeat":"repeat","background-position":"center center","background-size":"auto","background-attachment":"scroll","background-type":"","background-media":"","overlay-type":"","overlay-color":"","overlay-opacity":"","overlay-gradient":""},"mobile":{"background-color":"","background-image":"","background-repeat":"repeat","background-position":"center center","background-size":"auto","background-attachment":"scroll","background-type":"","background-media":"","overlay-type":"","overlay-color":"","overlay-opacity":"","overlay-gradient":""}},"ast-content-background-meta":{"desktop":{"background-color":"var(--ast-global-color-5)","background-image":"","background-repeat":"repeat","background-position":"center center","background-size":"auto","background-attachment":"scroll","background-type":"","background-media":"","overlay-type":"","overlay-color":"","overlay-opacity":"","overlay-gradient":""},"tablet":{"background-color":"var(--ast-global-color-5)","background-image":"","background-repeat":"repeat","background-position":"center center","background-size":"auto","background-attachment":"scroll","background-type":"","background-media":"","overlay-type":"","overlay-color":"","overlay-opacity":"","overlay-gradient":""},"mobile":{"background-color":"var(--ast-global-color-5)","background-image":"","background-repeat":"repeat","background-position":"center center","background-size":"auto","background-attachment":"scroll","background-type":"","background-media":"","overlay-type":"","overlay-color":"","overlay-opacity":"","overlay-gradient":""}},"footnotes":""},"categories":[153,4],"tags":[128,152,22,75],"class_list":["post-3075","post","type-post","status-publish","format-standard","has-post-thumbnail","hentry","category-covid-19","category-portada","tag-confinament","tag-covid-19","tag-escola","tag-inici-curs"],"post_mailing_queue_ids":[],"_links":{"self":[{"href":"https:\/\/agora.xtec.cat\/esc-pericot\/wp-json\/wp\/v2\/posts\/3075","targetHints":{"allow":["GET"]}}],"collection":[{"href":"https:\/\/agora.xtec.cat\/esc-pericot\/wp-json\/wp\/v2\/posts"}],"about":[{"href":"https:\/\/agora.xtec.cat\/esc-pericot\/wp-json\/wp\/v2\/types\/post"}],"author":[{"embeddable":true,"href":"https:\/\/agora.xtec.cat\/esc-pericot\/wp-json\/wp\/v2\/users\/1"}],"replies":[{"embeddable":true,"href":"https:\/\/agora.xtec.cat\/esc-pericot\/wp-json\/wp\/v2\/comments?post=3075"}],"version-history":[{"count":4,"href":"https:\/\/agora.xtec.cat\/esc-pericot\/wp-json\/wp\/v2\/posts\/3075\/revisions"}],"predecessor-version":[{"id":3271,"href":"https:\/\/agora.xtec.cat\/esc-pericot\/wp-json\/wp\/v2\/posts\/3075\/revisions\/3271"}],"wp:featuredmedia":[{"embeddable":true,"href":"https:\/\/agora.xtec.cat\/esc-pericot\/wp-json\/wp\/v2\/media\/3076"}],"wp:attachment":[{"href":"https:\/\/agora.xtec.cat\/esc-pericot\/wp-json\/wp\/v2\/media?parent=3075"}],"wp:term":[{"taxonomy":"category","embeddable":true,"href":"https:\/\/agora.xtec.cat\/esc-pericot\/wp-json\/wp\/v2\/categories?post=3075"},{"taxonomy":"post_tag","embeddable":true,"href":"https:\/\/agora.xtec.cat\/esc-pericot\/wp-json\/wp\/v2\/tags?post=3075"}],"curies":[{"name":"wp","href":"https:\/\/api.w.org\/{rel}","templated":true}]}}