{"id":294,"date":"2016-06-09T17:59:46","date_gmt":"2016-06-09T16:59:46","guid":{"rendered":"http:\/\/agora.xtec.cat\/esc-pericot\/?p=294"},"modified":"2016-06-09T18:01:19","modified_gmt":"2016-06-09T17:01:19","slug":"lectura-en-digital","status":"publish","type":"post","link":"https:\/\/agora.xtec.cat\/esc-pericot\/biblioteca-de-lescola\/lectura-en-digital\/","title":{"rendered":"Lectura en digital"},"content":{"rendered":"<div class=\"ast-oembed-container \" style=\"height: 100%;\"><iframe loading=\"lazy\" title=\"Popularlibros.com - BOOK - Versi\u00f3n completa\" width=\"500\" height=\"281\" src=\"https:\/\/www.youtube.com\/embed\/iwPj0qgvfIs?feature=oembed\" frameborder=\"0\" allow=\"accelerometer; autoplay; clipboard-write; encrypted-media; gyroscope; picture-in-picture; web-share\" referrerpolicy=\"strict-origin-when-cross-origin\" allowfullscreen><\/iframe><\/div>\n<h5 data-canvas-width=\"224.23800000000003\"><span style=\"color: #808080;\">&#8216;La lectura digital va unida a noves pr\u00e0ctiques culturals, que requereixen noves compet\u00e8ncies.&#8217; Jos\u00e9 Antonio Mill\u00e1n<\/span><\/h5>\n<p style=\"text-align: justify;\">Aquest video no pret\u00e9n il\u00b7lustrar la lectura en digital ni potenciar la lectura de llibres en paper. Us volem parlar sobre l&#8217;evoluci\u00f3 de la lectura en els nostres dies. Les tecnologies de la informaci\u00f3 i la comunicaci\u00f3 han comportat, entre molts altres canvis significatius, formes de lectura diferents de les tradicionals. Una diversitat creixent de suports s\u2019ha introdu\u00eft a les nostres pr\u00e0ctiques lectores quotidianes: ordinadors, tauletes t\u00e0ctils, llibres electr\u00f2nics, m\u00f2bils &#8230; Pantalles interactives, en definitiva. La lectura de textos impresos conviu amb la de textos en format digital. S\u2019ha passat en poc temps del text il\u00b7lustrat a la realitat multim\u00e8dia. Disposem de textos electr\u00f2nics i de missatges multimodals que inclouen els audiovisuals i augmenten la interacci\u00f3 social amb els mateixos autors i d\u2019altres lectors. Aix\u00ed, avui, llegir \u00e9s m\u00e9s divers i, alhora, m\u00e9s complex. El lector desenvolupa una posici\u00f3 m\u00e9s activa. Davant de textos amb hiperenlla\u00e7os, ha de prendre decisions i aplicar estrat\u00e8gies diverses per copsar la informaci\u00f3 i avaluar-ne en molts casos la credibilitat.<\/p>\n<p style=\"text-align: justify;\">Per saber m\u00e9s sobre el tema podeu llegir el document &#8216;<a href=\"http:\/\/ensenyament.gencat.cat\/web\/.content\/home\/departament\/publicacions\/colleccions\/tac\/lectura-digital\/tac_5.pdf\" target=\"_blank\">Lectura en digital<\/a>&#8216; del Departament d&#8217;Ensenyament<\/p>\n","protected":false},"excerpt":{"rendered":"<p>&#8216;La lectura digital va unida a noves pr\u00e0ctiques culturals, que requereixen noves compet\u00e8ncies.&#8217; Jos\u00e9 Antonio Mill\u00e1n<\/p>\n","protected":false},"author":1,"featured_media":295,"comment_status":"open","ping_status":"open","sticky":false,"template":"","format":"standard","meta":{"_bbp_topic_count":0,"_bbp_reply_count":0,"_bbp_total_topic_count":0,"_bbp_total_reply_count":0,"_bbp_voice_count":0,"_bbp_anonymous_reply_count":0,"_bbp_topic_count_hidden":0,"_bbp_reply_count_hidden":0,"_bbp_forum_subforum_count":0,"site-sidebar-layout":"default","site-content-layout":"","ast-site-content-layout":"","site-content-style":"default","site-sidebar-style":"default","ast-global-header-display":"","ast-banner-title-visibility":"","ast-main-header-display":"","ast-hfb-above-header-display":"","ast-hfb-below-header-display":"","ast-hfb-mobile-header-display":"","site-post-title":"","ast-breadcrumbs-content":"","ast-featured-img":"","footer-sml-layout":"","theme-transparent-header-meta":"","adv-header-id-meta":"","stick-header-meta":"","header-above-stick-meta":"","header-main-stick-meta":"","header-below-stick-meta":"","astra-migrate-meta-layouts":"default","ast-page-background-enabled":"default","ast-page-background-meta":{"desktop":{"background-color":"var(--ast-global-color-4)","background-image":"","background-repeat":"repeat","background-position":"center center","background-size":"auto","background-attachment":"scroll","background-type":"","background-media":"","overlay-type":"","overlay-color":"","overlay-opacity":"","overlay-gradient":""},"tablet":{"background-color":"","background-image":"","background-repeat":"repeat","background-position":"center center","background-size":"auto","background-attachment":"scroll","background-type":"","background-media":"","overlay-type":"","overlay-color":"","overlay-opacity":"","overlay-gradient":""},"mobile":{"background-color":"","background-image":"","background-repeat":"repeat","background-position":"center center","background-size":"auto","background-attachment":"scroll","background-type":"","background-media":"","overlay-type":"","overlay-color":"","overlay-opacity":"","overlay-gradient":""}},"ast-content-background-meta":{"desktop":{"background-color":"var(--ast-global-color-5)","background-image":"","background-repeat":"repeat","background-position":"center center","background-size":"auto","background-attachment":"scroll","background-type":"","background-media":"","overlay-type":"","overlay-color":"","overlay-opacity":"","overlay-gradient":""},"tablet":{"background-color":"var(--ast-global-color-5)","background-image":"","background-repeat":"repeat","background-position":"center center","background-size":"auto","background-attachment":"scroll","background-type":"","background-media":"","overlay-type":"","overlay-color":"","overlay-opacity":"","overlay-gradient":""},"mobile":{"background-color":"var(--ast-global-color-5)","background-image":"","background-repeat":"repeat","background-position":"center center","background-size":"auto","background-attachment":"scroll","background-type":"","background-media":"","overlay-type":"","overlay-color":"","overlay-opacity":"","overlay-gradient":""}},"footnotes":""},"categories":[31],"tags":[33,32],"class_list":["post-294","post","type-post","status-publish","format-standard","has-post-thumbnail","hentry","category-biblioteca-de-lescola","tag-biblioteca","tag-lectura"],"post_mailing_queue_ids":[],"_links":{"self":[{"href":"https:\/\/agora.xtec.cat\/esc-pericot\/wp-json\/wp\/v2\/posts\/294","targetHints":{"allow":["GET"]}}],"collection":[{"href":"https:\/\/agora.xtec.cat\/esc-pericot\/wp-json\/wp\/v2\/posts"}],"about":[{"href":"https:\/\/agora.xtec.cat\/esc-pericot\/wp-json\/wp\/v2\/types\/post"}],"author":[{"embeddable":true,"href":"https:\/\/agora.xtec.cat\/esc-pericot\/wp-json\/wp\/v2\/users\/1"}],"replies":[{"embeddable":true,"href":"https:\/\/agora.xtec.cat\/esc-pericot\/wp-json\/wp\/v2\/comments?post=294"}],"version-history":[{"count":2,"href":"https:\/\/agora.xtec.cat\/esc-pericot\/wp-json\/wp\/v2\/posts\/294\/revisions"}],"predecessor-version":[{"id":297,"href":"https:\/\/agora.xtec.cat\/esc-pericot\/wp-json\/wp\/v2\/posts\/294\/revisions\/297"}],"wp:featuredmedia":[{"embeddable":true,"href":"https:\/\/agora.xtec.cat\/esc-pericot\/wp-json\/wp\/v2\/media\/295"}],"wp:attachment":[{"href":"https:\/\/agora.xtec.cat\/esc-pericot\/wp-json\/wp\/v2\/media?parent=294"}],"wp:term":[{"taxonomy":"category","embeddable":true,"href":"https:\/\/agora.xtec.cat\/esc-pericot\/wp-json\/wp\/v2\/categories?post=294"},{"taxonomy":"post_tag","embeddable":true,"href":"https:\/\/agora.xtec.cat\/esc-pericot\/wp-json\/wp\/v2\/tags?post=294"}],"curies":[{"name":"wp","href":"https:\/\/api.w.org\/{rel}","templated":true}]}}