{"id":269,"date":"2016-06-07T20:32:30","date_gmt":"2016-06-07T19:32:30","guid":{"rendered":"http:\/\/agora.xtec.cat\/esc-pericot\/?p=269"},"modified":"2016-06-11T07:31:43","modified_gmt":"2016-06-11T06:31:43","slug":"cloenda-del-consell-dinfants-de-girona","status":"publish","type":"post","link":"https:\/\/agora.xtec.cat\/esc-pericot\/general\/cloenda-del-consell-dinfants-de-girona\/","title":{"rendered":"Cloenda del Consell d&#8217;Infants de Girona"},"content":{"rendered":"<table>\n<tbody>\n<tr>\n<td><a href=\"http:\/\/agora.xtec.cat\/esc-pericot\/wp-content\/uploads\/usu807\/2016\/06\/consellinfants_03.jpg\" rel=\"attachment wp-att-270\"><img loading=\"lazy\" decoding=\"async\" class=\"alignnone wp-image-270\" src=\"http:\/\/agora.xtec.cat\/esc-pericot\/wp-content\/uploads\/usu807\/2016\/06\/consellinfants_03-768x1024.jpg\" alt=\"consellinfants_03\" width=\"254\" height=\"339\" \/><\/a><\/td>\n<td><a href=\"http:\/\/agora.xtec.cat\/esc-pericot\/wp-content\/uploads\/usu807\/2016\/06\/consellinfants_02.jpg\" rel=\"attachment wp-att-271\"><img loading=\"lazy\" decoding=\"async\" class=\"alignnone wp-image-271\" src=\"http:\/\/agora.xtec.cat\/esc-pericot\/wp-content\/uploads\/usu807\/2016\/06\/consellinfants_02-1024x768.jpg\" alt=\"consellinfants_02\" width=\"439\" height=\"329\" srcset=\"https:\/\/agora.xtec.cat\/esc-pericot\/wp-content\/uploads\/usu807\/2016\/06\/consellinfants_02-1024x768.jpg 1024w, https:\/\/agora.xtec.cat\/esc-pericot\/wp-content\/uploads\/usu807\/2016\/06\/consellinfants_02-300x225.jpg 300w, https:\/\/agora.xtec.cat\/esc-pericot\/wp-content\/uploads\/usu807\/2016\/06\/consellinfants_02-768x576.jpg 768w, https:\/\/agora.xtec.cat\/esc-pericot\/wp-content\/uploads\/usu807\/2016\/06\/consellinfants_02-200x150.jpg 200w, https:\/\/agora.xtec.cat\/esc-pericot\/wp-content\/uploads\/usu807\/2016\/06\/consellinfants_02.jpg 1600w\" sizes=\"auto, (max-width: 439px) 100vw, 439px\" \/><\/a><\/td>\n<\/tr>\n<\/tbody>\n<\/table>\n<p id=\"aui_3_2_0_198\" style=\"text-align: justify;\">El Consell d\u2019Infants \u00e9s un \u00f2rgan de participaci\u00f3 de i per als nens i nenes. Un observatori de la ciutat , on a partir de la mirada i de l\u2019al\u00e7ada dels nens i les nenes poder detectar aquells aspectes i temes millorables del municipi que passen desapercebuts pels adults. Un espai de participaci\u00f3, on els nens i les nenes poden exercir els seus drets civils com a ciutadans, en els temes que estan relacionats directament amb ells. Els infants que en formen part tenen un punts de vista , necessitats i interessos propis. Les funcions del Consell d\u2019Infants s\u00f3n con\u00e8ixer, observar, valorar, opinar, denunciar, reivindicar, proposar, dissenyar\u2026 en tots aquells temes relacionats amb la ciutat i amb els infants.<br \/>\nHi han participat els alumnes de 5\u00e8 i 6\u00e8 de 25 centres d\u2019educaci\u00f3 prim\u00e0ria, p\u00fablics i concertats, amb un total de\u00a0 48 consellers i conselleres que han estat elegits de forma democr\u00e0tica pels seus companys i companyes. A la nostra escola han estat elegides les alumnes <strong>Jeanette Garc\u00eda de 5\u00e8<\/strong> i <strong>Laura Sainz de 6\u00e8<\/strong> com a conselleres representants les quals han assistit cada mes a les reunions on es debaten diverses propostes per a dissenyar un projecte de ciutat des de la seva mirada d\u2019infants. Podeu veure l&#8217;acte de constituci\u00f3 del Consell d&#8217;Infants en aquest v\u00eddeo.<\/p>\n<div class=\"ast-oembed-container \" style=\"height: 100%;\"><iframe loading=\"lazy\" title=\"Neix el Consell d&#039;Infants de Girona\" width=\"500\" height=\"281\" src=\"https:\/\/www.youtube.com\/embed\/19H0zIJLxC0?feature=oembed\" frameborder=\"0\" allow=\"accelerometer; autoplay; clipboard-write; encrypted-media; gyroscope; picture-in-picture; web-share\" referrerpolicy=\"strict-origin-when-cross-origin\" allowfullscreen><\/iframe><\/div>\n<p style=\"text-align: justify;\">\n","protected":false},"excerpt":{"rendered":"<p>El Consell d\u2019Infants \u00e9s un \u00f2rgan de participaci\u00f3 de i per als nens i nenes. Un observatori de la ciutat , on a partir de la mirada i de l\u2019al\u00e7ada dels nens i les nenes poder detectar aquells aspectes i temes millorables del municipi que passen desapercebuts pels adults. Un espai de participaci\u00f3, on els [&hellip;]<\/p>\n","protected":false},"author":1,"featured_media":309,"comment_status":"open","ping_status":"open","sticky":false,"template":"","format":"standard","meta":{"_bbp_topic_count":0,"_bbp_reply_count":0,"_bbp_total_topic_count":0,"_bbp_total_reply_count":0,"_bbp_voice_count":0,"_bbp_anonymous_reply_count":0,"_bbp_topic_count_hidden":0,"_bbp_reply_count_hidden":0,"_bbp_forum_subforum_count":0,"site-sidebar-layout":"default","site-content-layout":"","ast-site-content-layout":"","site-content-style":"default","site-sidebar-style":"default","ast-global-header-display":"","ast-banner-title-visibility":"","ast-main-header-display":"","ast-hfb-above-header-display":"","ast-hfb-below-header-display":"","ast-hfb-mobile-header-display":"","site-post-title":"","ast-breadcrumbs-content":"","ast-featured-img":"","footer-sml-layout":"","theme-transparent-header-meta":"","adv-header-id-meta":"","stick-header-meta":"","header-above-stick-meta":"","header-main-stick-meta":"","header-below-stick-meta":"","astra-migrate-meta-layouts":"default","ast-page-background-enabled":"default","ast-page-background-meta":{"desktop":{"background-color":"var(--ast-global-color-4)","background-image":"","background-repeat":"repeat","background-position":"center center","background-size":"auto","background-attachment":"scroll","background-type":"","background-media":"","overlay-type":"","overlay-color":"","overlay-opacity":"","overlay-gradient":""},"tablet":{"background-color":"","background-image":"","background-repeat":"repeat","background-position":"center center","background-size":"auto","background-attachment":"scroll","background-type":"","background-media":"","overlay-type":"","overlay-color":"","overlay-opacity":"","overlay-gradient":""},"mobile":{"background-color":"","background-image":"","background-repeat":"repeat","background-position":"center center","background-size":"auto","background-attachment":"scroll","background-type":"","background-media":"","overlay-type":"","overlay-color":"","overlay-opacity":"","overlay-gradient":""}},"ast-content-background-meta":{"desktop":{"background-color":"var(--ast-global-color-5)","background-image":"","background-repeat":"repeat","background-position":"center center","background-size":"auto","background-attachment":"scroll","background-type":"","background-media":"","overlay-type":"","overlay-color":"","overlay-opacity":"","overlay-gradient":""},"tablet":{"background-color":"var(--ast-global-color-5)","background-image":"","background-repeat":"repeat","background-position":"center center","background-size":"auto","background-attachment":"scroll","background-type":"","background-media":"","overlay-type":"","overlay-color":"","overlay-opacity":"","overlay-gradient":""},"mobile":{"background-color":"var(--ast-global-color-5)","background-image":"","background-repeat":"repeat","background-position":"center center","background-size":"auto","background-attachment":"scroll","background-type":"","background-media":"","overlay-type":"","overlay-color":"","overlay-opacity":"","overlay-gradient":""}},"footnotes":""},"categories":[1,4],"tags":[28,30,29],"class_list":["post-269","post","type-post","status-publish","format-standard","has-post-thumbnail","hentry","category-general","category-portada","tag-alumnes","tag-primaria","tag-projectes"],"post_mailing_queue_ids":[],"_links":{"self":[{"href":"https:\/\/agora.xtec.cat\/esc-pericot\/wp-json\/wp\/v2\/posts\/269","targetHints":{"allow":["GET"]}}],"collection":[{"href":"https:\/\/agora.xtec.cat\/esc-pericot\/wp-json\/wp\/v2\/posts"}],"about":[{"href":"https:\/\/agora.xtec.cat\/esc-pericot\/wp-json\/wp\/v2\/types\/post"}],"author":[{"embeddable":true,"href":"https:\/\/agora.xtec.cat\/esc-pericot\/wp-json\/wp\/v2\/users\/1"}],"replies":[{"embeddable":true,"href":"https:\/\/agora.xtec.cat\/esc-pericot\/wp-json\/wp\/v2\/comments?post=269"}],"version-history":[{"count":3,"href":"https:\/\/agora.xtec.cat\/esc-pericot\/wp-json\/wp\/v2\/posts\/269\/revisions"}],"predecessor-version":[{"id":275,"href":"https:\/\/agora.xtec.cat\/esc-pericot\/wp-json\/wp\/v2\/posts\/269\/revisions\/275"}],"wp:featuredmedia":[{"embeddable":true,"href":"https:\/\/agora.xtec.cat\/esc-pericot\/wp-json\/wp\/v2\/media\/309"}],"wp:attachment":[{"href":"https:\/\/agora.xtec.cat\/esc-pericot\/wp-json\/wp\/v2\/media?parent=269"}],"wp:term":[{"taxonomy":"category","embeddable":true,"href":"https:\/\/agora.xtec.cat\/esc-pericot\/wp-json\/wp\/v2\/categories?post=269"},{"taxonomy":"post_tag","embeddable":true,"href":"https:\/\/agora.xtec.cat\/esc-pericot\/wp-json\/wp\/v2\/tags?post=269"}],"curies":[{"name":"wp","href":"https:\/\/api.w.org\/{rel}","templated":true}]}}