{"id":2575,"date":"2020-02-14T16:29:13","date_gmt":"2020-02-14T15:29:13","guid":{"rendered":"http:\/\/agora.xtec.cat\/esc-pericot\/?p=2575"},"modified":"2022-07-14T18:24:51","modified_gmt":"2022-07-14T16:24:51","slug":"el-dia-de-la-pau-amb-ulls-de-nen-a-a-larea-dartistica","status":"publish","type":"post","link":"https:\/\/agora.xtec.cat\/esc-pericot\/portada\/el-dia-de-la-pau-amb-ulls-de-nen-a-a-larea-dartistica\/","title":{"rendered":"El dia de la Pau amb ulls de nen\/a  a l&#8217;\u00e0rea d&#8217;art\u00edstica"},"content":{"rendered":"<p>En el calendari podem veure marcat el dia de la dona, el dia de la ci\u00e8ncia, el dia del somriure i tamb\u00e9 el dia el dia de la pau. Tot i que t\u00e9 un dia per celebrar-se <em>la Pau hauria de ser cada dia, a totes hores!<\/em>\u00a0 Aix\u00ed ho han expressar durant les converses a l&#8217;aula on hem preguntat als alumnes de 2n com prepar\u00e0vem aquest dia.<\/p>\n<p><em>&#8221; A pl\u00e0stica vam ser lliures de fer el que volgu\u00e9ssim sobre la pau.\u00a0 Alguns\u00a0 vam fer experiments amb el fang, la idea era fer la forma d\u2019un cor i completar-lo amb llanes trenades perqu\u00e8 tingu\u00e9s integrat el s\u00edmbol de la pau. Cada un de nosaltres ho feia ben diferent, no sab\u00edem com quedaria!,\u00a0 per\u00f2 estem ben contents i contentes de treballar tots\/es junts\/es!<\/em><br \/>\n<em>L\u2019altre grup hem volgut fer un arbre amb un cartr\u00f3 que voltava per la classe. No ten\u00edem pintura marr\u00f3 per\u00f2 amb la taronja i la groga ha quedat molt divertit i alegre! Els dies de despr\u00e9s l\u2019hem anat omplint amb missatges bonics. Ens agrada molt tenir-lo penjat al suro de la classe!<\/em><\/p>\n<p><em><span style=\"font-weight: 400;\">Per al dia de la Pau, a m\u00fasica vam aprendre una can\u00e7\u00f3 que es diu el Swing de la Pau. La can\u00e7\u00f3 t\u00e9 paraules que rimen i diuen coses alegres. Aquesta can\u00e7\u00f3 ens ajuda a ser m\u00e9s amables, a dir sempre la veritat i no dir mentides, a ser m\u00e9s valents i no fugir del que cal fer.\u00a0 En aquesta can\u00e7\u00f3 hem fet uns moviments que hav\u00edem de \u201csincronitzar\u201d i organitzar-nos mentre ballem.<\/span><\/em><\/p>\n<p><em><span style=\"font-weight: 400;\">Tamb\u00e9 hem apr\u00e8s una can\u00e7\u00f3 que era un rap que diu Pau en molts idiomes del m\u00f3n, amb\u00a0 16 de diferents! xin\u00e8s, swahili, duala ( Austr\u00e0lia), grec, sioux, \u00e0rab. Per exemple hem apr\u00e8s: Guapi, wo\u2019keyeh, shanti, salmu, irini, bake, hasisti\u2026&#8221;<\/span><\/em><\/p>\n<p>&nbsp;<\/p>\n\n<div class=\"yj6qo\"><\/div>\n","protected":false},"excerpt":{"rendered":"<p>En el calendari podem veure marcat el dia de la dona, el dia de la ci\u00e8ncia, el dia del somriure i tamb\u00e9 el dia el dia de la pau. Tot i que t\u00e9 un dia per celebrar-se la Pau hauria de ser cada dia, a totes hores!\u00a0 Aix\u00ed ho han expressar durant les converses a [&hellip;]<\/p>\n","protected":false},"author":1,"featured_media":2582,"comment_status":"open","ping_status":"closed","sticky":false,"template":"","format":"standard","meta":{"_bbp_topic_count":0,"_bbp_reply_count":0,"_bbp_total_topic_count":0,"_bbp_total_reply_count":0,"_bbp_voice_count":0,"_bbp_anonymous_reply_count":0,"_bbp_topic_count_hidden":0,"_bbp_reply_count_hidden":0,"_bbp_forum_subforum_count":0,"site-sidebar-layout":"default","site-content-layout":"","ast-site-content-layout":"","site-content-style":"default","site-sidebar-style":"default","ast-global-header-display":"","ast-banner-title-visibility":"","ast-main-header-display":"","ast-hfb-above-header-display":"","ast-hfb-below-header-display":"","ast-hfb-mobile-header-display":"","site-post-title":"","ast-breadcrumbs-content":"","ast-featured-img":"","footer-sml-layout":"","theme-transparent-header-meta":"","adv-header-id-meta":"","stick-header-meta":"","header-above-stick-meta":"","header-main-stick-meta":"","header-below-stick-meta":"","astra-migrate-meta-layouts":"default","ast-page-background-enabled":"default","ast-page-background-meta":{"desktop":{"background-color":"var(--ast-global-color-4)","background-image":"","background-repeat":"repeat","background-position":"center center","background-size":"auto","background-attachment":"scroll","background-type":"","background-media":"","overlay-type":"","overlay-color":"","overlay-opacity":"","overlay-gradient":""},"tablet":{"background-color":"","background-image":"","background-repeat":"repeat","background-position":"center center","background-size":"auto","background-attachment":"scroll","background-type":"","background-media":"","overlay-type":"","overlay-color":"","overlay-opacity":"","overlay-gradient":""},"mobile":{"background-color":"","background-image":"","background-repeat":"repeat","background-position":"center center","background-size":"auto","background-attachment":"scroll","background-type":"","background-media":"","overlay-type":"","overlay-color":"","overlay-opacity":"","overlay-gradient":""}},"ast-content-background-meta":{"desktop":{"background-color":"var(--ast-global-color-5)","background-image":"","background-repeat":"repeat","background-position":"center center","background-size":"auto","background-attachment":"scroll","background-type":"","background-media":"","overlay-type":"","overlay-color":"","overlay-opacity":"","overlay-gradient":""},"tablet":{"background-color":"var(--ast-global-color-5)","background-image":"","background-repeat":"repeat","background-position":"center center","background-size":"auto","background-attachment":"scroll","background-type":"","background-media":"","overlay-type":"","overlay-color":"","overlay-opacity":"","overlay-gradient":""},"mobile":{"background-color":"var(--ast-global-color-5)","background-image":"","background-repeat":"repeat","background-position":"center center","background-size":"auto","background-attachment":"scroll","background-type":"","background-media":"","overlay-type":"","overlay-color":"","overlay-opacity":"","overlay-gradient":""}},"footnotes":""},"categories":[265,4,5],"tags":[79,59,73,30],"class_list":["post-2575","post","type-post","status-publish","format-standard","has-post-thumbnail","hentry","category-artistica","category-portada","category-primaria","tag-artistica-plastica","tag-celebracions","tag-musica","tag-primaria"],"post_mailing_queue_ids":[],"_links":{"self":[{"href":"https:\/\/agora.xtec.cat\/esc-pericot\/wp-json\/wp\/v2\/posts\/2575","targetHints":{"allow":["GET"]}}],"collection":[{"href":"https:\/\/agora.xtec.cat\/esc-pericot\/wp-json\/wp\/v2\/posts"}],"about":[{"href":"https:\/\/agora.xtec.cat\/esc-pericot\/wp-json\/wp\/v2\/types\/post"}],"author":[{"embeddable":true,"href":"https:\/\/agora.xtec.cat\/esc-pericot\/wp-json\/wp\/v2\/users\/1"}],"replies":[{"embeddable":true,"href":"https:\/\/agora.xtec.cat\/esc-pericot\/wp-json\/wp\/v2\/comments?post=2575"}],"version-history":[{"count":3,"href":"https:\/\/agora.xtec.cat\/esc-pericot\/wp-json\/wp\/v2\/posts\/2575\/revisions"}],"predecessor-version":[{"id":2586,"href":"https:\/\/agora.xtec.cat\/esc-pericot\/wp-json\/wp\/v2\/posts\/2575\/revisions\/2586"}],"wp:featuredmedia":[{"embeddable":true,"href":"https:\/\/agora.xtec.cat\/esc-pericot\/wp-json\/wp\/v2\/media\/2582"}],"wp:attachment":[{"href":"https:\/\/agora.xtec.cat\/esc-pericot\/wp-json\/wp\/v2\/media?parent=2575"}],"wp:term":[{"taxonomy":"category","embeddable":true,"href":"https:\/\/agora.xtec.cat\/esc-pericot\/wp-json\/wp\/v2\/categories?post=2575"},{"taxonomy":"post_tag","embeddable":true,"href":"https:\/\/agora.xtec.cat\/esc-pericot\/wp-json\/wp\/v2\/tags?post=2575"}],"curies":[{"name":"wp","href":"https:\/\/api.w.org\/{rel}","templated":true}]}}