{"id":2169,"date":"2019-05-10T15:40:57","date_gmt":"2019-05-10T13:40:57","guid":{"rendered":"http:\/\/agora.xtec.cat\/esc-pericot\/?p=2169"},"modified":"2019-06-03T13:30:45","modified_gmt":"2019-06-03T11:30:45","slug":"projecte-leo-xxi-a-st-pere-de-galligants","status":"publish","type":"post","link":"https:\/\/agora.xtec.cat\/esc-pericot\/general\/projecte-leo-xxi-a-st-pere-de-galligants\/","title":{"rendered":"Projecte Leo XXI, a St Pere de Galligants"},"content":{"rendered":"<p><span style=\"font-weight: 400;\"><br \/>\n<img loading=\"lazy\" decoding=\"async\" class=\" wp-image-2175 alignleft\" src=\"https:\/\/agora.xtec.cat\/esc-pericot\/wp-content\/uploads\/usu807\/2019\/05\/IMG-20190430-WA0003-1024x576.jpeg\" alt=\"\" width=\"452\" height=\"254\" srcset=\"https:\/\/agora.xtec.cat\/esc-pericot\/wp-content\/uploads\/usu807\/2019\/05\/IMG-20190430-WA0003-1024x576.jpeg 1024w, https:\/\/agora.xtec.cat\/esc-pericot\/wp-content\/uploads\/usu807\/2019\/05\/IMG-20190430-WA0003-300x169.jpeg 300w, https:\/\/agora.xtec.cat\/esc-pericot\/wp-content\/uploads\/usu807\/2019\/05\/IMG-20190430-WA0003-768x432.jpeg 768w\" sizes=\"auto, (max-width: 452px) 100vw, 452px\" \/><\/span><\/p>\n<p><span style=\"font-weight: 400;\">El dia 5 de maig vam presentar, al Museu Arqueol\u00f2gic de Girona, la instal\u00b7laci\u00f3 audiovisual del projecte de pl\u00e0stica del centre aprofitant la jornada de portes obertes de St. Pere de Galligants. <\/span><\/p>\n<p><span style=\"font-weight: 400;\">La instal\u00b7laci\u00f3 es va estrenar el dia 2 de maig, coincident amb el 500 aniversari de la mort de Leonardo da Vinci. Durant el mateix dia 2 i 3 de maig vam aprofitar per fer una sortida amb els grups de 4t, 5\u00e8 i 6\u00e8 de prim\u00e0ria i vam tenir l\u2019oportunitat d\u2019observar part del treball elaborat en aquest curs.<\/span><\/p>\n<p><span style=\"font-weight: 400;\">Si voleu m\u00e9s informaci\u00f3 del projecte podeu seguir-lo al blog de pl\u00e0stica, o b\u00e9 al site del projecte tot clicant l\u2019enlla\u00e7 seg\u00fcent:\u00a0<a href=\"https:\/\/sites.google.com\/view\/projecte-leo-xxi\/inici\" target=\"_blank\" rel=\"noopener noreferrer\">https:\/\/sites.google.com\/view\/projecte-leo-xxi\/inici<\/a><\/span><\/p>\n<p>&nbsp;<\/p>\n<p>&nbsp;<\/p>\n<table style=\"height: 200px; width: 100%; border-collapse: collapse; border-style: none;\" border=\"1\">\n<tbody>\n<tr style=\"height: 190px;\">\n<td style=\"width: 21.4772%; height: 190px; border-style: none;\"><img loading=\"lazy\" decoding=\"async\" class=\"alignleft wp-image-2171\" style=\"font-size: 16px;\" src=\"https:\/\/agora.xtec.cat\/esc-pericot\/wp-content\/uploads\/usu807\/2019\/05\/IMG-20190505-WA0008-1024x576.jpg\" alt=\"\" width=\"283\" height=\"159\" srcset=\"https:\/\/agora.xtec.cat\/esc-pericot\/wp-content\/uploads\/usu807\/2019\/05\/IMG-20190505-WA0008-1024x576.jpg 1024w, https:\/\/agora.xtec.cat\/esc-pericot\/wp-content\/uploads\/usu807\/2019\/05\/IMG-20190505-WA0008-300x169.jpg 300w, https:\/\/agora.xtec.cat\/esc-pericot\/wp-content\/uploads\/usu807\/2019\/05\/IMG-20190505-WA0008-768x432.jpg 768w, https:\/\/agora.xtec.cat\/esc-pericot\/wp-content\/uploads\/usu807\/2019\/05\/IMG-20190505-WA0008.jpg 1600w\" sizes=\"auto, (max-width: 283px) 100vw, 283px\" \/><\/td>\n<td style=\"width: 22.5181%; height: 190px; border-style: none;\"><img loading=\"lazy\" decoding=\"async\" class=\"aligncenter wp-image-2174\" src=\"https:\/\/agora.xtec.cat\/esc-pericot\/wp-content\/uploads\/usu807\/2019\/05\/IMG_20190505_122255-1024x768.jpg\" alt=\"\" width=\"212\" height=\"159\" srcset=\"https:\/\/agora.xtec.cat\/esc-pericot\/wp-content\/uploads\/usu807\/2019\/05\/IMG_20190505_122255-1024x768.jpg 1024w, https:\/\/agora.xtec.cat\/esc-pericot\/wp-content\/uploads\/usu807\/2019\/05\/IMG_20190505_122255-300x225.jpg 300w, https:\/\/agora.xtec.cat\/esc-pericot\/wp-content\/uploads\/usu807\/2019\/05\/IMG_20190505_122255-768x576.jpg 768w, https:\/\/agora.xtec.cat\/esc-pericot\/wp-content\/uploads\/usu807\/2019\/05\/IMG_20190505_122255-200x150.jpg 200w\" sizes=\"auto, (max-width: 212px) 100vw, 212px\" \/><\/td>\n<td style=\"width: 20.036%; height: 190px; border-style: none;\"><img loading=\"lazy\" decoding=\"async\" class=\"aligncenter wp-image-2173\" src=\"https:\/\/agora.xtec.cat\/esc-pericot\/wp-content\/uploads\/usu807\/2019\/05\/IMG_20190502_103249-1024x768.jpg\" alt=\"\" width=\"212\" height=\"159\" srcset=\"https:\/\/agora.xtec.cat\/esc-pericot\/wp-content\/uploads\/usu807\/2019\/05\/IMG_20190502_103249-1024x768.jpg 1024w, https:\/\/agora.xtec.cat\/esc-pericot\/wp-content\/uploads\/usu807\/2019\/05\/IMG_20190502_103249-300x225.jpg 300w, https:\/\/agora.xtec.cat\/esc-pericot\/wp-content\/uploads\/usu807\/2019\/05\/IMG_20190502_103249-768x576.jpg 768w, https:\/\/agora.xtec.cat\/esc-pericot\/wp-content\/uploads\/usu807\/2019\/05\/IMG_20190502_103249-200x150.jpg 200w\" sizes=\"auto, (max-width: 212px) 100vw, 212px\" \/><\/td>\n<td style=\"width: 19.7997%; border-style: none; height: 190px;\">\u00a0<img loading=\"lazy\" decoding=\"async\" class=\"alignnone wp-image-2172\" src=\"https:\/\/agora.xtec.cat\/esc-pericot\/wp-content\/uploads\/usu807\/2019\/05\/IMG_20190502_103240-1024x768.jpg\" alt=\"\" width=\"212\" height=\"159\" srcset=\"https:\/\/agora.xtec.cat\/esc-pericot\/wp-content\/uploads\/usu807\/2019\/05\/IMG_20190502_103240-1024x768.jpg 1024w, https:\/\/agora.xtec.cat\/esc-pericot\/wp-content\/uploads\/usu807\/2019\/05\/IMG_20190502_103240-300x225.jpg 300w, https:\/\/agora.xtec.cat\/esc-pericot\/wp-content\/uploads\/usu807\/2019\/05\/IMG_20190502_103240-768x576.jpg 768w, https:\/\/agora.xtec.cat\/esc-pericot\/wp-content\/uploads\/usu807\/2019\/05\/IMG_20190502_103240-200x150.jpg 200w\" sizes=\"auto, (max-width: 212px) 100vw, 212px\" \/><\/td>\n<\/tr>\n<tr style=\"height: 10px;\">\n<td style=\"width: 21.4772%; height: 10px; border-style: none;\"><span style=\"font-weight: 400;\">Imatge del assistents, el dia 5 de maig<\/span><\/td>\n<td style=\"width: 22.5181%; height: 10px; border-style: none;\"><span style=\"font-weight: 400;\">Foto del dia de la presentaci\u00f3 a St. Pere de Galligants.<\/span><\/td>\n<td style=\"width: 39.8357%; text-align: center; height: 10px; border-style: none;\" colspan=\"2\"><span style=\"font-weight: 400;\">Alumnes de l\u2019Escola Pericot observant la video instal\u00b7laci\u00f3.<\/span><\/td>\n<\/tr>\n<\/tbody>\n<\/table>\n<p>&nbsp;<\/p>\n<p>&nbsp;<\/p>\n","protected":false},"excerpt":{"rendered":"<p>El dia 5 de maig vam presentar, al Museu Arqueol\u00f2gic de Girona, la instal\u00b7laci\u00f3 audiovisual del projecte de pl\u00e0stica del centre aprofitant la jornada de portes obertes de St. Pere de Galligants. La instal\u00b7laci\u00f3 es va estrenar el dia 2 de maig, coincident amb el 500 aniversari de la mort de Leonardo da Vinci. Durant [&hellip;]<\/p>\n","protected":false},"author":1,"featured_media":2174,"comment_status":"open","ping_status":"closed","sticky":false,"template":"","format":"standard","meta":{"_bbp_topic_count":0,"_bbp_reply_count":0,"_bbp_total_topic_count":0,"_bbp_total_reply_count":0,"_bbp_voice_count":0,"_bbp_anonymous_reply_count":0,"_bbp_topic_count_hidden":0,"_bbp_reply_count_hidden":0,"_bbp_forum_subforum_count":0,"site-sidebar-layout":"default","site-content-layout":"","ast-site-content-layout":"","site-content-style":"default","site-sidebar-style":"default","ast-global-header-display":"","ast-banner-title-visibility":"","ast-main-header-display":"","ast-hfb-above-header-display":"","ast-hfb-below-header-display":"","ast-hfb-mobile-header-display":"","site-post-title":"","ast-breadcrumbs-content":"","ast-featured-img":"","footer-sml-layout":"","theme-transparent-header-meta":"","adv-header-id-meta":"","stick-header-meta":"","header-above-stick-meta":"","header-main-stick-meta":"","header-below-stick-meta":"","astra-migrate-meta-layouts":"default","ast-page-background-enabled":"default","ast-page-background-meta":{"desktop":{"background-color":"var(--ast-global-color-4)","background-image":"","background-repeat":"repeat","background-position":"center center","background-size":"auto","background-attachment":"scroll","background-type":"","background-media":"","overlay-type":"","overlay-color":"","overlay-opacity":"","overlay-gradient":""},"tablet":{"background-color":"","background-image":"","background-repeat":"repeat","background-position":"center center","background-size":"auto","background-attachment":"scroll","background-type":"","background-media":"","overlay-type":"","overlay-color":"","overlay-opacity":"","overlay-gradient":""},"mobile":{"background-color":"","background-image":"","background-repeat":"repeat","background-position":"center center","background-size":"auto","background-attachment":"scroll","background-type":"","background-media":"","overlay-type":"","overlay-color":"","overlay-opacity":"","overlay-gradient":""}},"ast-content-background-meta":{"desktop":{"background-color":"var(--ast-global-color-5)","background-image":"","background-repeat":"repeat","background-position":"center center","background-size":"auto","background-attachment":"scroll","background-type":"","background-media":"","overlay-type":"","overlay-color":"","overlay-opacity":"","overlay-gradient":""},"tablet":{"background-color":"var(--ast-global-color-5)","background-image":"","background-repeat":"repeat","background-position":"center center","background-size":"auto","background-attachment":"scroll","background-type":"","background-media":"","overlay-type":"","overlay-color":"","overlay-opacity":"","overlay-gradient":""},"mobile":{"background-color":"var(--ast-global-color-5)","background-image":"","background-repeat":"repeat","background-position":"center center","background-size":"auto","background-attachment":"scroll","background-type":"","background-media":"","overlay-type":"","overlay-color":"","overlay-opacity":"","overlay-gradient":""}},"footnotes":""},"categories":[1,4],"tags":[28,79],"class_list":["post-2169","post","type-post","status-publish","format-standard","has-post-thumbnail","hentry","category-general","category-portada","tag-alumnes","tag-artistica-plastica"],"post_mailing_queue_ids":[],"_links":{"self":[{"href":"https:\/\/agora.xtec.cat\/esc-pericot\/wp-json\/wp\/v2\/posts\/2169","targetHints":{"allow":["GET"]}}],"collection":[{"href":"https:\/\/agora.xtec.cat\/esc-pericot\/wp-json\/wp\/v2\/posts"}],"about":[{"href":"https:\/\/agora.xtec.cat\/esc-pericot\/wp-json\/wp\/v2\/types\/post"}],"author":[{"embeddable":true,"href":"https:\/\/agora.xtec.cat\/esc-pericot\/wp-json\/wp\/v2\/users\/1"}],"replies":[{"embeddable":true,"href":"https:\/\/agora.xtec.cat\/esc-pericot\/wp-json\/wp\/v2\/comments?post=2169"}],"version-history":[{"count":3,"href":"https:\/\/agora.xtec.cat\/esc-pericot\/wp-json\/wp\/v2\/posts\/2169\/revisions"}],"predecessor-version":[{"id":2210,"href":"https:\/\/agora.xtec.cat\/esc-pericot\/wp-json\/wp\/v2\/posts\/2169\/revisions\/2210"}],"wp:featuredmedia":[{"embeddable":true,"href":"https:\/\/agora.xtec.cat\/esc-pericot\/wp-json\/wp\/v2\/media\/2174"}],"wp:attachment":[{"href":"https:\/\/agora.xtec.cat\/esc-pericot\/wp-json\/wp\/v2\/media?parent=2169"}],"wp:term":[{"taxonomy":"category","embeddable":true,"href":"https:\/\/agora.xtec.cat\/esc-pericot\/wp-json\/wp\/v2\/categories?post=2169"},{"taxonomy":"post_tag","embeddable":true,"href":"https:\/\/agora.xtec.cat\/esc-pericot\/wp-json\/wp\/v2\/tags?post=2169"}],"curies":[{"name":"wp","href":"https:\/\/api.w.org\/{rel}","templated":true}]}}