{"id":1759,"date":"2019-03-08T16:19:25","date_gmt":"2019-03-08T15:19:25","guid":{"rendered":"http:\/\/agora.xtec.cat\/esc-pericot\/?p=1759"},"modified":"2019-03-08T16:23:04","modified_gmt":"2019-03-08T15:23:04","slug":"treballem-amb-un-artista","status":"publish","type":"post","link":"https:\/\/agora.xtec.cat\/esc-pericot\/general\/treballem-amb-un-artista\/","title":{"rendered":"Treballem amb un artista!"},"content":{"rendered":"<p><a href=\"https:\/\/agora.xtec.cat\/esc-pericot\/wp-content\/uploads\/usu807\/2019\/03\/IMG_1569.jpg\"><img loading=\"lazy\" decoding=\"async\" class=\"wp-image-1749 alignright\" src=\"https:\/\/agora.xtec.cat\/esc-pericot\/wp-content\/uploads\/usu807\/2019\/03\/IMG_1569-1024x768.jpg\" alt=\"\" width=\"373\" height=\"280\" srcset=\"https:\/\/agora.xtec.cat\/esc-pericot\/wp-content\/uploads\/usu807\/2019\/03\/IMG_1569-1024x768.jpg 1024w, https:\/\/agora.xtec.cat\/esc-pericot\/wp-content\/uploads\/usu807\/2019\/03\/IMG_1569-300x225.jpg 300w, https:\/\/agora.xtec.cat\/esc-pericot\/wp-content\/uploads\/usu807\/2019\/03\/IMG_1569-768x576.jpg 768w, https:\/\/agora.xtec.cat\/esc-pericot\/wp-content\/uploads\/usu807\/2019\/03\/IMG_1569-200x150.jpg 200w\" sizes=\"auto, (max-width: 373px) 100vw, 373px\" \/><\/a><span style=\"color: #000000;\">La Karyna, alumna de sis\u00e8, ens explica quina activitat han fet els nens i nenes a l&#8217;hora de visual i pl\u00e0stica.<\/span><\/p>\n<h3><span style=\"text-decoration: underline;\">L\u2019artista Francesc Pujol va fer un taller als alumnes de 6\u00e8.<\/span><\/h3>\n<p>El 6 de febrer de 2019, en Francesc Pujol, ens va fer un taller\u00a0sobre pop up a l\u2019escola Pericot, a l\u2019hora de pl\u00e0stica.<br \/>\nEn primer lloc, en Francesc es va presentar i ens va ensenyar les\u00a0seves obres. Tamb\u00e9, ens va explicar per quines marques feia\u00a0dibuixos i per quins llibres treballava. Llavors, ens va explicar\u00a0quin estil de dibuix li agrada treballar i, aquest, era una mena de\u00a0dibuix 3D, conegut com a pop up.<br \/>\nA continuaci\u00f3, ens va ensenyar com fer aquest estil i ens va\u00a0mostrar les tres opcions que hi havia: una de 180 graus, una altra\u00a0de 90 graus i, la m\u00e9s f\u00e0cil, les solapes. Despr\u00e9s, ens va donar\u00a0l\u2019oportunitat de provar de fer-ho i&#8230; ens vam posar a fer les\u00a0nostres obres d\u2019art.<br \/>\nHi ha alguns companys\/es que van fer castells, un fons mar\u00ed,lletres i moltes coses m\u00e9s!!<br \/>\nL\u2019activitat ens va agradar molt i va ser molt entretingut. Ens\u00a0agradaria seguir treballant amb aquest estil!<\/p>\n<p>&nbsp;<\/p>\n<p style=\"text-align: center;\"><\/p>\n","protected":false},"excerpt":{"rendered":"<p>La Karyna, alumna de sis\u00e8, ens explica quina activitat han fet els nens i nenes a l&#8217;hora de visual i pl\u00e0stica. L\u2019artista Francesc Pujol va fer un taller als alumnes de 6\u00e8. El 6 de febrer de 2019, en Francesc Pujol, ens va fer un taller\u00a0sobre pop up a l\u2019escola Pericot, a l\u2019hora de pl\u00e0stica. [&hellip;]<\/p>\n","protected":false},"author":1,"featured_media":1753,"comment_status":"open","ping_status":"closed","sticky":false,"template":"","format":"standard","meta":{"_bbp_topic_count":0,"_bbp_reply_count":0,"_bbp_total_topic_count":0,"_bbp_total_reply_count":0,"_bbp_voice_count":0,"_bbp_anonymous_reply_count":0,"_bbp_topic_count_hidden":0,"_bbp_reply_count_hidden":0,"_bbp_forum_subforum_count":0,"site-sidebar-layout":"default","site-content-layout":"","ast-site-content-layout":"","site-content-style":"default","site-sidebar-style":"default","ast-global-header-display":"","ast-banner-title-visibility":"","ast-main-header-display":"","ast-hfb-above-header-display":"","ast-hfb-below-header-display":"","ast-hfb-mobile-header-display":"","site-post-title":"","ast-breadcrumbs-content":"","ast-featured-img":"","footer-sml-layout":"","theme-transparent-header-meta":"","adv-header-id-meta":"","stick-header-meta":"","header-above-stick-meta":"","header-main-stick-meta":"","header-below-stick-meta":"","astra-migrate-meta-layouts":"default","ast-page-background-enabled":"default","ast-page-background-meta":{"desktop":{"background-color":"var(--ast-global-color-4)","background-image":"","background-repeat":"repeat","background-position":"center center","background-size":"auto","background-attachment":"scroll","background-type":"","background-media":"","overlay-type":"","overlay-color":"","overlay-opacity":"","overlay-gradient":""},"tablet":{"background-color":"","background-image":"","background-repeat":"repeat","background-position":"center center","background-size":"auto","background-attachment":"scroll","background-type":"","background-media":"","overlay-type":"","overlay-color":"","overlay-opacity":"","overlay-gradient":""},"mobile":{"background-color":"","background-image":"","background-repeat":"repeat","background-position":"center center","background-size":"auto","background-attachment":"scroll","background-type":"","background-media":"","overlay-type":"","overlay-color":"","overlay-opacity":"","overlay-gradient":""}},"ast-content-background-meta":{"desktop":{"background-color":"var(--ast-global-color-5)","background-image":"","background-repeat":"repeat","background-position":"center center","background-size":"auto","background-attachment":"scroll","background-type":"","background-media":"","overlay-type":"","overlay-color":"","overlay-opacity":"","overlay-gradient":""},"tablet":{"background-color":"var(--ast-global-color-5)","background-image":"","background-repeat":"repeat","background-position":"center center","background-size":"auto","background-attachment":"scroll","background-type":"","background-media":"","overlay-type":"","overlay-color":"","overlay-opacity":"","overlay-gradient":""},"mobile":{"background-color":"var(--ast-global-color-5)","background-image":"","background-repeat":"repeat","background-position":"center center","background-size":"auto","background-attachment":"scroll","background-type":"","background-media":"","overlay-type":"","overlay-color":"","overlay-opacity":"","overlay-gradient":""}},"footnotes":""},"categories":[1,4,15],"tags":[79,35],"class_list":["post-1759","post","type-post","status-publish","format-standard","has-post-thumbnail","hentry","category-general","category-portada","category-13-21","tag-artistica-plastica","tag-cicle-superior"],"post_mailing_queue_ids":[],"_links":{"self":[{"href":"https:\/\/agora.xtec.cat\/esc-pericot\/wp-json\/wp\/v2\/posts\/1759","targetHints":{"allow":["GET"]}}],"collection":[{"href":"https:\/\/agora.xtec.cat\/esc-pericot\/wp-json\/wp\/v2\/posts"}],"about":[{"href":"https:\/\/agora.xtec.cat\/esc-pericot\/wp-json\/wp\/v2\/types\/post"}],"author":[{"embeddable":true,"href":"https:\/\/agora.xtec.cat\/esc-pericot\/wp-json\/wp\/v2\/users\/1"}],"replies":[{"embeddable":true,"href":"https:\/\/agora.xtec.cat\/esc-pericot\/wp-json\/wp\/v2\/comments?post=1759"}],"version-history":[{"count":3,"href":"https:\/\/agora.xtec.cat\/esc-pericot\/wp-json\/wp\/v2\/posts\/1759\/revisions"}],"predecessor-version":[{"id":1770,"href":"https:\/\/agora.xtec.cat\/esc-pericot\/wp-json\/wp\/v2\/posts\/1759\/revisions\/1770"}],"wp:featuredmedia":[{"embeddable":true,"href":"https:\/\/agora.xtec.cat\/esc-pericot\/wp-json\/wp\/v2\/media\/1753"}],"wp:attachment":[{"href":"https:\/\/agora.xtec.cat\/esc-pericot\/wp-json\/wp\/v2\/media?parent=1759"}],"wp:term":[{"taxonomy":"category","embeddable":true,"href":"https:\/\/agora.xtec.cat\/esc-pericot\/wp-json\/wp\/v2\/categories?post=1759"},{"taxonomy":"post_tag","embeddable":true,"href":"https:\/\/agora.xtec.cat\/esc-pericot\/wp-json\/wp\/v2\/tags?post=1759"}],"curies":[{"name":"wp","href":"https:\/\/api.w.org\/{rel}","templated":true}]}}