{"id":1636,"date":"2019-02-15T15:27:25","date_gmt":"2019-02-15T14:27:25","guid":{"rendered":"http:\/\/agora.xtec.cat\/esc-pericot\/?p=1636"},"modified":"2019-02-15T15:29:58","modified_gmt":"2019-02-15T14:29:58","slug":"els-nens-i-nenes-de-cicle-mitja-anem-al-teatre","status":"publish","type":"post","link":"https:\/\/agora.xtec.cat\/esc-pericot\/general\/els-nens-i-nenes-de-cicle-mitja-anem-al-teatre\/","title":{"rendered":"Els nens i nenes de cicle mitj\u00e0 anem al teatre"},"content":{"rendered":"<p>Avui dijous dia 14 de febrer, els alumnes de 3r i 4t de l&#8217;escola Pericot hem anat al Teatre Municipal de Girona a veure &#8220;El Silenci d&#8217;Hamelin&#8221;. L&#8217;obra va un xic m\u00e9s enll\u00e0 i ens fa pensar qu\u00e8 passaria si al conte del fam\u00f3s flautista hi hagu\u00e9s una nena sorda?<br \/>\nHa estat molt b\u00e9 i ens ha agradat molt anar al teatre! <a href=\"https:\/\/photos.app.goo.gl\/Kc54AJrQwwkAYe6o7\" target=\"_blank\" rel=\"noopener\">Us deixem amb unes imatges de la sortida.<\/a><\/p>\n<p>&nbsp;<\/p>\n<table style=\"height: 290px; width: 100%; border-collapse: collapse; border-color: #f7f7f7;\" border=\"1\">\n<tbody>\n<tr style=\"height: 290px;\">\n<td style=\"width: 32.5327%; height: 290px; border-color: #fcfafa; vertical-align: top;\"><a href=\"https:\/\/agora.xtec.cat\/esc-pericot\/wp-content\/uploads\/usu807\/2019\/02\/el-silenci-dhamelin.png\"><img loading=\"lazy\" decoding=\"async\" class=\"alignleft wp-image-1637 \" src=\"https:\/\/agora.xtec.cat\/esc-pericot\/wp-content\/uploads\/usu807\/2019\/02\/el-silenci-dhamelin-300x188.png\" alt=\"\" width=\"360\" height=\"226\" srcset=\"https:\/\/agora.xtec.cat\/esc-pericot\/wp-content\/uploads\/usu807\/2019\/02\/el-silenci-dhamelin-300x188.png 300w, https:\/\/agora.xtec.cat\/esc-pericot\/wp-content\/uploads\/usu807\/2019\/02\/el-silenci-dhamelin.png 702w\" sizes=\"auto, (max-width: 360px) 100vw, 360px\" \/><\/a><\/td>\n<td style=\"width: 36.9361%; vertical-align: top; height: 290px;\"><a href=\"https:\/\/agora.xtec.cat\/esc-pericot\/wp-content\/uploads\/usu807\/2019\/02\/jugant-als-jardins-de-la-Inf\u00e0ncia.jpg\"><img loading=\"lazy\" decoding=\"async\" class=\"aligncenter wp-image-1638 \" src=\"https:\/\/agora.xtec.cat\/esc-pericot\/wp-content\/uploads\/usu807\/2019\/02\/jugant-als-jardins-de-la-Inf\u00e0ncia-300x169.jpg\" alt=\"\" width=\"389\" height=\"219\" srcset=\"https:\/\/agora.xtec.cat\/esc-pericot\/wp-content\/uploads\/usu807\/2019\/02\/jugant-als-jardins-de-la-Inf\u00e0ncia-300x169.jpg 300w, https:\/\/agora.xtec.cat\/esc-pericot\/wp-content\/uploads\/usu807\/2019\/02\/jugant-als-jardins-de-la-Inf\u00e0ncia-768x432.jpg 768w, https:\/\/agora.xtec.cat\/esc-pericot\/wp-content\/uploads\/usu807\/2019\/02\/jugant-als-jardins-de-la-Inf\u00e0ncia-1024x576.jpg 1024w, https:\/\/agora.xtec.cat\/esc-pericot\/wp-content\/uploads\/usu807\/2019\/02\/jugant-als-jardins-de-la-Inf\u00e0ncia.jpg 1167w\" sizes=\"auto, (max-width: 389px) 100vw, 389px\" \/><\/a><\/p>\n<p>&nbsp;<\/td>\n<td style=\"width: 30.5311%; vertical-align: top; height: 290px;\"><a href=\"https:\/\/agora.xtec.cat\/esc-pericot\/wp-content\/uploads\/usu807\/2019\/02\/al-teatre.jpg\"><img loading=\"lazy\" decoding=\"async\" class=\"aligncenter wp-image-1639 size-medium\" src=\"https:\/\/agora.xtec.cat\/esc-pericot\/wp-content\/uploads\/usu807\/2019\/02\/al-teatre-300x225.jpg\" alt=\"\" width=\"300\" height=\"225\" srcset=\"https:\/\/agora.xtec.cat\/esc-pericot\/wp-content\/uploads\/usu807\/2019\/02\/al-teatre-300x225.jpg 300w, https:\/\/agora.xtec.cat\/esc-pericot\/wp-content\/uploads\/usu807\/2019\/02\/al-teatre-768x576.jpg 768w, https:\/\/agora.xtec.cat\/esc-pericot\/wp-content\/uploads\/usu807\/2019\/02\/al-teatre-200x150.jpg 200w, https:\/\/agora.xtec.cat\/esc-pericot\/wp-content\/uploads\/usu807\/2019\/02\/al-teatre.jpg 811w\" sizes=\"auto, (max-width: 300px) 100vw, 300px\" \/><\/a><\/td>\n<\/tr>\n<\/tbody>\n<\/table>\n","protected":false},"excerpt":{"rendered":"<p>Avui dijous dia 14 de febrer, els alumnes de 3r i 4t de l&#8217;escola Pericot hem anat al Teatre Municipal de Girona a veure &#8220;El Silenci d&#8217;Hamelin&#8221;. L&#8217;obra va un xic m\u00e9s enll\u00e0 i ens fa pensar qu\u00e8 passaria si al conte del fam\u00f3s flautista hi hagu\u00e9s una nena sorda?<br \/>\nHa estat molt b\u00e9 i ens ha agradat molt anar al teatre!<\/p>\n","protected":false},"author":1,"featured_media":1639,"comment_status":"open","ping_status":"closed","sticky":false,"template":"","format":"standard","meta":{"_bbp_topic_count":0,"_bbp_reply_count":0,"_bbp_total_topic_count":0,"_bbp_total_reply_count":0,"_bbp_voice_count":0,"_bbp_anonymous_reply_count":0,"_bbp_topic_count_hidden":0,"_bbp_reply_count_hidden":0,"_bbp_forum_subforum_count":0,"site-sidebar-layout":"default","site-content-layout":"","ast-site-content-layout":"","site-content-style":"default","site-sidebar-style":"default","ast-global-header-display":"","ast-banner-title-visibility":"","ast-main-header-display":"","ast-hfb-above-header-display":"","ast-hfb-below-header-display":"","ast-hfb-mobile-header-display":"","site-post-title":"","ast-breadcrumbs-content":"","ast-featured-img":"","footer-sml-layout":"","theme-transparent-header-meta":"","adv-header-id-meta":"","stick-header-meta":"","header-above-stick-meta":"","header-main-stick-meta":"","header-below-stick-meta":"","astra-migrate-meta-layouts":"default","ast-page-background-enabled":"default","ast-page-background-meta":{"desktop":{"background-color":"var(--ast-global-color-4)","background-image":"","background-repeat":"repeat","background-position":"center center","background-size":"auto","background-attachment":"scroll","background-type":"","background-media":"","overlay-type":"","overlay-color":"","overlay-opacity":"","overlay-gradient":""},"tablet":{"background-color":"","background-image":"","background-repeat":"repeat","background-position":"center center","background-size":"auto","background-attachment":"scroll","background-type":"","background-media":"","overlay-type":"","overlay-color":"","overlay-opacity":"","overlay-gradient":""},"mobile":{"background-color":"","background-image":"","background-repeat":"repeat","background-position":"center center","background-size":"auto","background-attachment":"scroll","background-type":"","background-media":"","overlay-type":"","overlay-color":"","overlay-opacity":"","overlay-gradient":""}},"ast-content-background-meta":{"desktop":{"background-color":"var(--ast-global-color-5)","background-image":"","background-repeat":"repeat","background-position":"center center","background-size":"auto","background-attachment":"scroll","background-type":"","background-media":"","overlay-type":"","overlay-color":"","overlay-opacity":"","overlay-gradient":""},"tablet":{"background-color":"var(--ast-global-color-5)","background-image":"","background-repeat":"repeat","background-position":"center center","background-size":"auto","background-attachment":"scroll","background-type":"","background-media":"","overlay-type":"","overlay-color":"","overlay-opacity":"","overlay-gradient":""},"mobile":{"background-color":"var(--ast-global-color-5)","background-image":"","background-repeat":"repeat","background-position":"center center","background-size":"auto","background-attachment":"scroll","background-type":"","background-media":"","overlay-type":"","overlay-color":"","overlay-opacity":"","overlay-gradient":""}},"footnotes":""},"categories":[1,4],"tags":[80,96,95],"class_list":["post-1636","post","type-post","status-publish","format-standard","has-post-thumbnail","hentry","category-general","category-portada","tag-cicle-mitja","tag-discapacitats","tag-teatre"],"post_mailing_queue_ids":[],"_links":{"self":[{"href":"https:\/\/agora.xtec.cat\/esc-pericot\/wp-json\/wp\/v2\/posts\/1636","targetHints":{"allow":["GET"]}}],"collection":[{"href":"https:\/\/agora.xtec.cat\/esc-pericot\/wp-json\/wp\/v2\/posts"}],"about":[{"href":"https:\/\/agora.xtec.cat\/esc-pericot\/wp-json\/wp\/v2\/types\/post"}],"author":[{"embeddable":true,"href":"https:\/\/agora.xtec.cat\/esc-pericot\/wp-json\/wp\/v2\/users\/1"}],"replies":[{"embeddable":true,"href":"https:\/\/agora.xtec.cat\/esc-pericot\/wp-json\/wp\/v2\/comments?post=1636"}],"version-history":[{"count":3,"href":"https:\/\/agora.xtec.cat\/esc-pericot\/wp-json\/wp\/v2\/posts\/1636\/revisions"}],"predecessor-version":[{"id":1647,"href":"https:\/\/agora.xtec.cat\/esc-pericot\/wp-json\/wp\/v2\/posts\/1636\/revisions\/1647"}],"wp:featuredmedia":[{"embeddable":true,"href":"https:\/\/agora.xtec.cat\/esc-pericot\/wp-json\/wp\/v2\/media\/1639"}],"wp:attachment":[{"href":"https:\/\/agora.xtec.cat\/esc-pericot\/wp-json\/wp\/v2\/media?parent=1636"}],"wp:term":[{"taxonomy":"category","embeddable":true,"href":"https:\/\/agora.xtec.cat\/esc-pericot\/wp-json\/wp\/v2\/categories?post=1636"},{"taxonomy":"post_tag","embeddable":true,"href":"https:\/\/agora.xtec.cat\/esc-pericot\/wp-json\/wp\/v2\/tags?post=1636"}],"curies":[{"name":"wp","href":"https:\/\/api.w.org\/{rel}","templated":true}]}}